{"id":2118,"date":"2024-04-05T21:03:06","date_gmt":"2024-04-05T19:03:06","guid":{"rendered":"https:\/\/cafeprensa.com.ar\/?p=2118"},"modified":"2024-04-05T21:03:06","modified_gmt":"2024-04-05T19:03:06","slug":"romano-norri-la-vacunacion-contra-el-dengue-va-a-prevenir-muertes-el-proximo-verano","status":"publish","type":"post","link":"https:\/\/cafeprensa.com.ar\/index.php\/2024\/04\/05\/romano-norri-la-vacunacion-contra-el-dengue-va-a-prevenir-muertes-el-proximo-verano\/","title":{"rendered":"*Romano Norri: \u00abLa vacunaci\u00f3n contra el dengue va a prevenir muertes el pr\u00f3ximo verano\u00bb*"},"content":{"rendered":"<div class=\"adn ads\" data-message-id=\"#msg-a:r-2694557588647434503\" data-legacy-message-id=\"18eafa22ad29aafc\">\n<div class=\"gs\">\n<div class=\"\">\n<div id=\":b3\" class=\"ii gt\">\n<div id=\":b2\" class=\"a3s aiL \">\n<div dir=\"auto\">\n<div dir=\"auto\">El legislador Agust\u00edn Romano Norri (UCR) insisti\u00f3 en que la provincia debe empezar a vacunar contra el dengue lo antes posible.<\/div>\n<div dir=\"auto\">\u201cCada vez son m\u00e1s las provincias las que toman la decisi\u00f3n de inmunizar a la poblaci\u00f3n. Primero fue Salta, luego Misiones, ahora Corrientes y hay provincias como Chaco y Formosa que est\u00e1n interesadas en comprar las vacunas.<\/div>\n<div dir=\"auto\">El denominador com\u00fan de todas estas provincias es que son de nuestra regi\u00f3n. Por eso creo que necesitamos avanzar en la vacunaci\u00f3n de la poblaci\u00f3n y no esperar alguna decisi\u00f3n del gobierno nacional\u201d, enfatiz\u00f3 Romano Norri.<\/div>\n<div dir=\"auto\">Romano Norri se\u00f1al\u00f3 que si bien se aproximan las bajas temperaturas y por ende una menor poblaci\u00f3n de mosquitos, \u201cla vacunaci\u00f3n va a servir para prevenir muertes desde el pr\u00f3ximo verano hasta los seis a\u00f1os que dura la inmunizaci\u00f3n de la vacuna. Tenemos que empezar a vacunar cuanto antes\u201d, reiter\u00f3.<\/div>\n<div dir=\"auto\">\u201cTodos tenemos alg\u00fan familiar, amigo o conocido que tuvo o que tiene dengue. Esto es porque la situaci\u00f3n epidemiol\u00f3gica se fue\u00a0 de las manos\u201d, afirm\u00f3.<\/div>\n<div dir=\"auto\">\u201cEstamos ante la peor ola de dengue y tenemos que hacer los m\u00e1ximos esfuerzos para cuidar a la poblaci\u00f3n y hoy lo \u00fanico efectivo que tenemos a disposici\u00f3n es la vacunaci\u00f3n. Es cierto que en nuestras casas tambi\u00e9n podemos tomar medidas para evitar la reproducci\u00f3n de los mosquitos, pero evidentemente no es suficiente\u201d, concluy\u00f3 Romano Norri que no descarta invitar al ministro de Salud de la provincia, Luis Medina Ruiz, para que explique el estado de situaci\u00f3n de la provincia.<\/div>\n<\/div>\n<\/div>\n<\/div>\n<\/div>\n<\/div>\n<\/div>\n","protected":false},"excerpt":{"rendered":"<p>El legislador Agust\u00edn Romano Norri (UCR) insisti\u00f3 en que la provincia debe empezar a vacunar contra el dengue lo antes posible. \u201cCada vez son m\u00e1s las provincias las que toman la decisi\u00f3n de inmunizar a la poblaci\u00f3n. Primero fue Salta, luego Misiones, ahora Corrientes y hay provincias como Chaco y Formosa que est\u00e1n interesadas en &hellip;<\/p>\n","protected":false},"author":2,"featured_media":2119,"comment_status":"open","ping_status":"open","sticky":false,"template":"","format":"standard","meta":{"footnotes":""},"categories":[34,36],"tags":[390,236,474,160],"class_list":["post-2118","post","type-post","status-publish","format-standard","has-post-thumbnail","hentry","category-locales","category-salud","tag-dengue","tag-legislatura","tag-romano-norri","tag-tucuman"],"_links":{"self":[{"href":"https:\/\/cafeprensa.com.ar\/index.php\/wp-json\/wp\/v2\/posts\/2118","targetHints":{"allow":["GET"]}}],"collection":[{"href":"https:\/\/cafeprensa.com.ar\/index.php\/wp-json\/wp\/v2\/posts"}],"about":[{"href":"https:\/\/cafeprensa.com.ar\/index.php\/wp-json\/wp\/v2\/types\/post"}],"author":[{"embeddable":true,"href":"https:\/\/cafeprensa.com.ar\/index.php\/wp-json\/wp\/v2\/users\/2"}],"replies":[{"embeddable":true,"href":"https:\/\/cafeprensa.com.ar\/index.php\/wp-json\/wp\/v2\/comments?post=2118"}],"version-history":[{"count":1,"href":"https:\/\/cafeprensa.com.ar\/index.php\/wp-json\/wp\/v2\/posts\/2118\/revisions"}],"predecessor-version":[{"id":2120,"href":"https:\/\/cafeprensa.com.ar\/index.php\/wp-json\/wp\/v2\/posts\/2118\/revisions\/2120"}],"wp:featuredmedia":[{"embeddable":true,"href":"https:\/\/cafeprensa.com.ar\/index.php\/wp-json\/wp\/v2\/media\/2119"}],"wp:attachment":[{"href":"https:\/\/cafeprensa.com.ar\/index.php\/wp-json\/wp\/v2\/media?parent=2118"}],"wp:term":[{"taxonomy":"category","embeddable":true,"href":"https:\/\/cafeprensa.com.ar\/index.php\/wp-json\/wp\/v2\/categories?post=2118"},{"taxonomy":"post_tag","embeddable":true,"href":"https:\/\/cafeprensa.com.ar\/index.php\/wp-json\/wp\/v2\/tags?post=2118"}],"curies":[{"name":"wp","href":"https:\/\/api.w.org\/{rel}","templated":true}]}}