{"id":2169,"date":"2024-04-08T13:52:43","date_gmt":"2024-04-08T11:52:43","guid":{"rendered":"https:\/\/cafeprensa.com.ar\/?p=2169"},"modified":"2024-04-08T13:52:43","modified_gmt":"2024-04-08T11:52:43","slug":"por-la-desaparicion-de-una-camioneta-chevrolet-de-la-municipalidad-abren-sumario-a-la-concejal-ana-gonzalez","status":"publish","type":"post","link":"https:\/\/cafeprensa.com.ar\/index.php\/2024\/04\/08\/por-la-desaparicion-de-una-camioneta-chevrolet-de-la-municipalidad-abren-sumario-a-la-concejal-ana-gonzalez\/","title":{"rendered":"Por la \u00abdesaparici\u00f3n\u00bb de una camioneta Chevrolet de la Municipalidad abren sumario a la concejal Ana Gonzalez."},"content":{"rendered":"<p><b>Entre los 56 sumarios administrativos iniciados por la Fiscal\u00eda Municipal de la Municipalidad capitalina, hay uno que llama la atenci\u00f3n por el nombre de la involucrada. Se trata de la concejal alfarista Ana Gonz\u00e1lez, quien se desempe\u00f1\u00f3 como directora de Deportes desde 2016 y que en octubre de 2023 asumi\u00f3 como edil de Juntos por el Cambio.<\/b><\/p>\n<p>La ahora concejal fue notificada el viernes por <em><strong>Ricardo Von B\u00fcren, subdirector de Control de Sumarios de Fiscal\u00eda Municipal,<\/strong><\/em> que deber\u00e1 presentarse este martes 9 a las 7.30 en esas oficinas para prestar declaraci\u00f3n en car\u00e1cter de \u201csumariada\u201d, por la supuesta desaparici\u00f3n de un veh\u00edculo correspondiente a la Municipalidad.<\/p>\n<p>Seg\u00fan consta en el expediente, las supuestas irregularidades fueron advertidas en 2022, y corresponden a los inventarios del \u00e1rea de Deportes de los a\u00f1os 2019, 2020 y 2021. Es decir, la investigaci\u00f3n administrativa tuvo sus comienzos durante la gesti\u00f3n del ex intendente Germ\u00e1n Alfaro. No obstante, el sumario cobr\u00f3 impulso tras la asunci\u00f3n de Rossana Chahla como jefa municipal y de Conrado Mosqueira como fiscal de la Municipal.<\/p>\n<p>Gonz\u00e1lez, aunque ahora ocupa la banca de concejal, debe afrontar el sumario porque es empleada de planta del municipio. Puntualmente, se le observan supuestas anomal\u00edas en las declaraciones anuales de inventarios de la Direcci\u00f3n de Deportes.\u00a0<b>De esos tres a\u00f1os, lo que sobresale es el incierto destino de una camioneta Chevrolet LUV, dominio BVT 224.<br \/>\n<\/b><br \/>\nLas normas imponen a los responsables de \u00e1rea la confecci\u00f3n de un inventario de bienes, con las altas y bajas, que debe ser elevado anualmente a Contadur\u00eda General municipal.<\/p>\n<p>Lo que a lo largo de la instrucci\u00f3n declararon los empleados sumariados junto a Gonz\u00e1lez es que el veh\u00edculo no est\u00e1, y que incluso hay una planilla con la baja de esa camioneta. Sin embargo, no hay ninguna resoluci\u00f3n que formalice ese hecho por parte del \u00e1rea de Patrimonial de la Fiscal\u00eda, seg\u00fan publica el diario La Gaceta. Tampoco, seg\u00fan la pesquisa, se habr\u00edan completado los tr\u00e1mites posteriores a la declaraci\u00f3n de baja en la Municipalidad de ese veh\u00edculo, como el formulario en el Registro del Automotor.<\/p>\n<p>En una de sus declaraciones previas, durante la etapa de investigaci\u00f3n, la concejal afirm\u00f3 que desconoc\u00eda la existencia de esa camioneta, y que adem\u00e1s durante los a\u00f1os observados funcion\u00f3 en el complejo Ledesma (sede de Deportes) un hospital modular para atender a pacientes de coronavirus. \u201cSiendo nombrada directora de Deportes y Recreaci\u00f3n por Decreto N\u00b0 0402\/DSSC\/16, al momento de hacerme cargo de dicha funci\u00f3n no se encontraba fisicamente la camioneta, Chevrolet LUV dominio BVT 224 en Direcci\u00f3n de Deportes. Desconociendo asi su existencia y destino. Asimismo, informo que no contamos con documentaci\u00f3n respaldatoria de dicho veh\u00edculo\u201d, hab\u00eda declarado.<\/p>\n<p>Gonz\u00e1lez vincul\u00f3 el avance del sumario con su rol de opositora. \u201cEs un apriete pol\u00edtico de la Intendenta. Es la consecuencia de mi voto negativo contra la ordenanza de presupuesto y de los reclamos que venimos haciendo por las irregularidades y falta de transparencia en la gesti\u00f3n de Chahla\u201d, afirm\u00f3 por escrito.<\/p>\n<p>\u201cEste nuevo gobierno puso en evidencia la fragilidad que tiene ante la denuncia de la oposici\u00f3n y responde con falsas denuncias con el fin de amedrentarnos. Es tambi\u00e9n el camino que eligi\u00f3 la Intendenta para sembrar el temor entre todos los que podr\u00edan decir que no a su apetencia de poder desmedido\u201d, cerr\u00f3.<\/p>\n<p>Seg\u00fan fuentes de la Fiscal\u00eda Municipal, un sumario de estas caracter\u00edsticas puede derivar en una cesant\u00eda laboral y en la formulaci\u00f3n de un cargo fiscal por el valor del bien.<\/p>\n","protected":false},"excerpt":{"rendered":"<p>Entre los 56 sumarios administrativos iniciados por la Fiscal\u00eda Municipal de la Municipalidad capitalina, hay uno que llama la atenci\u00f3n por el nombre de la involucrada. Se trata de la concejal alfarista Ana Gonz\u00e1lez, quien se desempe\u00f1\u00f3 como directora de Deportes desde 2016 y que en octubre de 2023 asumi\u00f3 como edil de Juntos por &hellip;<\/p>\n","protected":false},"author":2,"featured_media":2170,"comment_status":"open","ping_status":"open","sticky":false,"template":"","format":"standard","meta":{"footnotes":""},"categories":[54,34],"tags":[502,191],"class_list":["post-2169","post","type-post","status-publish","format-standard","has-post-thumbnail","hentry","category-interes-ganeral","category-locales","tag-concejal-ana-gonzalez","tag-hcd"],"_links":{"self":[{"href":"https:\/\/cafeprensa.com.ar\/index.php\/wp-json\/wp\/v2\/posts\/2169","targetHints":{"allow":["GET"]}}],"collection":[{"href":"https:\/\/cafeprensa.com.ar\/index.php\/wp-json\/wp\/v2\/posts"}],"about":[{"href":"https:\/\/cafeprensa.com.ar\/index.php\/wp-json\/wp\/v2\/types\/post"}],"author":[{"embeddable":true,"href":"https:\/\/cafeprensa.com.ar\/index.php\/wp-json\/wp\/v2\/users\/2"}],"replies":[{"embeddable":true,"href":"https:\/\/cafeprensa.com.ar\/index.php\/wp-json\/wp\/v2\/comments?post=2169"}],"version-history":[{"count":1,"href":"https:\/\/cafeprensa.com.ar\/index.php\/wp-json\/wp\/v2\/posts\/2169\/revisions"}],"predecessor-version":[{"id":2171,"href":"https:\/\/cafeprensa.com.ar\/index.php\/wp-json\/wp\/v2\/posts\/2169\/revisions\/2171"}],"wp:featuredmedia":[{"embeddable":true,"href":"https:\/\/cafeprensa.com.ar\/index.php\/wp-json\/wp\/v2\/media\/2170"}],"wp:attachment":[{"href":"https:\/\/cafeprensa.com.ar\/index.php\/wp-json\/wp\/v2\/media?parent=2169"}],"wp:term":[{"taxonomy":"category","embeddable":true,"href":"https:\/\/cafeprensa.com.ar\/index.php\/wp-json\/wp\/v2\/categories?post=2169"},{"taxonomy":"post_tag","embeddable":true,"href":"https:\/\/cafeprensa.com.ar\/index.php\/wp-json\/wp\/v2\/tags?post=2169"}],"curies":[{"name":"wp","href":"https:\/\/api.w.org\/{rel}","templated":true}]}}