{"id":2189,"date":"2024-04-09T13:16:46","date_gmt":"2024-04-09T11:16:46","guid":{"rendered":"https:\/\/cafeprensa.com.ar\/?p=2189"},"modified":"2024-04-09T13:16:46","modified_gmt":"2024-04-09T11:16:46","slug":"un-basural-a-cielo-abierto-en-san-pedro-de-colalao","status":"publish","type":"post","link":"https:\/\/cafeprensa.com.ar\/index.php\/2024\/04\/09\/un-basural-a-cielo-abierto-en-san-pedro-de-colalao\/","title":{"rendered":"Un basural a cielo abierto en San Pedro de Colalao"},"content":{"rendered":"<p class=\"description separatorlines\">Los vecinos de la zona denuncian que los residuos no tienen un tratamiento espec\u00edfico y que las autoridades competentes no intervienen, a pesar de las denuncias.<\/p>\n<div class=\"at-vc\">\n<div id=\"vsmcontent\" class=\"content vsmcontent\">\n<p dir=\"ltr\">A dos kil\u00f3metros de la plaza principal de San Pedro de Colalao, en el camino que conecta esa localidad con Chulca, se puede divisar una mancha blanca en una de las lomadas que componen el paisaje, interrumpiendo el verde de la naturaleza.\u00a0<span class=\"highlight\">No es nieve, ni mucho menos una ilusi\u00f3n producto del reflejo del sol: es una mancha enorme de basura.\u00a0<\/span><\/p>\n<p dir=\"ltr\">Antes del 2019, los residuos de la localidad se depositaban frente al Cementerio de la localidad, a la orilla del r\u00edo Tacanas. Por la cercan\u00eda tanto a los pobladores como al afluente, este basural termin\u00f3 siendo cerrado y trasladado a la ubicaci\u00f3n actual.<\/p>\n<p dir=\"ltr\">Sin embargo,<span class=\"highlight\">\u00a0los vecinos de la zona denuncian que los residuos a\u00fan siguen sin tener un tratamiento espec\u00edfico<\/span>. Incluso, a menudo se puede ver una columna de humo blanco que se desprende del basural debido a la quema de los restos all\u00ed depositados.<\/p>\n<figure class=\"vsmimage\" contenteditable=\"false\"><img loading=\"lazy\" decoding=\"async\" id=\"imgv60870v23\" contenteditable=\"false\" src=\"https:\/\/www.enteratenoticias.com.ar\/files\/image\/8\/8983\/66141a8c54a86_700_559!.webp?s=c666b652e9bc03592d3aef29d0daf4ec&amp;d=1712593550&amp;oe=png\" alt=\"Los vecinos denuncian que los residuos de San Pedro de Colalao no tienen ning\u00fan tipo de tratamiento.\" width=\"700\" height=\"559\" data-vsmid=\"8983\" data-owidth=\"1200\" data-oheight=\"962\" \/><figcaption>Los vecinos denuncian que los residuos de San Pedro de Colalao no tienen ning\u00fan tipo de tratamiento.<\/p>\n<\/figcaption><\/figure>\n<p dir=\"ltr\">\u00abHasta el d\u00eda de la fecha, nunca dejaron de quemar la basura. Ellos argumentan que no son ellos los que la queman, pero es responsabilidad de ellos el predio, entonces tienen que controlar que no se queme.\u00a0<span class=\"highlight\">Han facilitado que la basura se baje en cantidad quem\u00e1ndola<\/span>\u00ab, denunci\u00f3 un vecino del casco c\u00e9ntrico de San Pedro, quien apunt\u00f3 contra las autoridades de la comuna.<\/p>\n<p class=\"background-main-color-box\"><em><strong>\u00abEl basural anterior ten\u00eda doce a\u00f1os y este ya lleva seis. O sea que estamos hablando de 18 a\u00f1os. Ya van a andar los platillos voladores y esta gente sigue quemando la basura\u00bb, critic\u00f3 el vecino, que no quiso que su nombre sea publicado.<\/strong><\/em><\/p>\n<p dir=\"ltr\">El crecimiento del basural no solo puede constatarse presencialmente. Una vista satelital al \u00e1rea que funciona como dep\u00f3sito de residuos otorga una ilustraci\u00f3n clara de su dimensi\u00f3n,\u00a0<span class=\"highlight\">pasando de ser un espacio verde a un descampado cubierto de esta \u00abmancha\u00bb de basura<\/span>.<\/p>\n<figure class=\"vsmimage\" contenteditable=\"false\"><img loading=\"lazy\" decoding=\"async\" id=\"imgv60870v24\" src=\"https:\/\/www.enteratenoticias.com.ar\/files\/image\/8\/8986\/66141b7419168_700_357!.webp?s=c1f464f1b6dd817595ac8996ba2c8c92&amp;d=1712593781&amp;oe=png\" alt=\"Vista satelital del \u00e1rea en la que se encuentra el actual basural de San Pedro de Colalao, antes y despu\u00e9s de su traslado. Fuente: Google Earth.\" width=\"700\" height=\"357\" data-vsmid=\"8986\" data-owidth=\"1350\" data-oheight=\"700\" \/><figcaption>Vista satelital del \u00e1rea en la que se encuentra el actual basural de San Pedro de Colalao, antes y despu\u00e9s de su traslado. Fuente: Google Earth.<\/p>\n<\/figcaption><\/figure>\n<h3>Basurales a cielo abierto: un problema para el ambiente y para la salud<\/h3>\n<p dir=\"ltr\">En Argentina existen m\u00e1s de 5.000 basurales a cielo abierto. Como indica el propio Gobierno nacional, estos basurales carecen de medidas de seguridad, por lo que pueden encontrarse residuos peligrosos y patog\u00e9nicos. Particularmente, son un foco de contaminaci\u00f3n en m\u00faltiples aspectos.<\/p>\n<p dir=\"ltr\">En primer lugar,\u00a0<span class=\"highlight\">los residuos depositados generan un l\u00edquido llamado lixiviado que de no controlarse puede contaminar el suelo y las aguas superficiales<\/span>. Este tipo de contaminaci\u00f3n es especialmente riesgosa en el caso del basural de San Pedro de Colalao, pues se encuentra a tan solo 300 metros del R\u00edo Tacanas.<\/p>\n<p dir=\"ltr\">Adem\u00e1s del lixiviado, estos residuos generan un biog\u00e1s compuesto por una mezcla de metano y di\u00f3xido de carbono. Estos gases contaminan la atm\u00f3sfera y da\u00f1an la capa de ozono.\u00a0<span class=\"highlight\">El metano es altamente inflamable, lo que puede ocasionar que la basura se queme.<\/span>\u00a0Esto explicar\u00eda las frecuentes columnas de humo que se pueden divisar desde kil\u00f3metros de distancia.<\/p>\n<p dir=\"ltr\">\u00abNosotros descubrimos lo que estaba sucediendo a pocos metros de nuestras casas por el olor que despide la basura cuando se prende fuego. Adem\u00e1s de los problemas que causa el olor pestilente y los roedores,\u00a0<span class=\"highlight\">ahora tenemos miedo de que las llamas se descontrolen en cuanto comience la estaci\u00f3n seca y genere un incendio forestal<\/span>\u00ab, hab\u00eda advertido hace unos a\u00f1os\u00a0<b>Gustavo Rico<\/b>\u00a0en una nota del diario\u00a0<i><a href=\"https:\/\/www.eltucumano.com\/noticia\/actualidad\/255549\/temen-que-un-basural-desencadene-un-incendio-forestal-en-san-pedro-de-colalao\" target=\"_blank\" rel=\"noopener\">El Tucumano<\/a><\/i>.<\/p>\n<figure class=\"vsmimage\" contenteditable=\"false\"><img loading=\"lazy\" decoding=\"async\" id=\"imgv60870v25\" src=\"https:\/\/www.enteratenoticias.com.ar\/files\/image\/8\/8984\/66141af1dd218_700_521!.webp?s=037036e41c80321f8381e3cf9c3664ce&amp;d=1712593651&amp;oe=jpg\" alt=\"Cuando el basural de San Pedro de Colalao se prende fuego, la columna de humo puede observarse desde lejos.\" width=\"700\" height=\"521\" data-vsmid=\"8984\" data-owidth=\"1080\" data-oheight=\"810\" \/><figcaption>Cuando el basural de San Pedro de Colalao se prende fuego, la columna de humo puede observarse desde lejos.<\/p>\n<\/figcaption><\/figure>\n<p dir=\"ltr\">Pero, m\u00e1s all\u00e1 de la contaminaci\u00f3n del medio ambiente, este tipo de basurales generan diversos problemas a la salud. Problemas neurol\u00f3gicos, malformaciones cong\u00e9nitas, bajo peso al nacer y enfermedades como dengue y c\u00f3lera son algunas de las tantas complicaciones que desencadenan.<\/p>\n<h3>La falta de respuestas por parte de las autoridades<\/h3>\n<p dir=\"ltr\">Seg\u00fan las declaraciones del vecino mencionado, son numerosas las denuncias que se hicieron acerca del tratamiento de estos residuos en la Defensor\u00eda del Pueblo. \u00ab<span class=\"highlight\">La Defensor\u00eda no ha intervenido. Hay denuncias del 2022 y de antes<\/span>\u00ab, precis\u00f3. Respecto al delegado comunal, tambi\u00e9n declar\u00f3 que \u00abno ha abordado el tema para nada\u00bb en los \u00faltimos seis a\u00f1os. \u00abSi vos ves que est\u00e1n quemando la basura, hac\u00e9 el relleno sanitario\u00bb, pidi\u00f3.<\/p>\n<p dir=\"ltr\">El relleno sanitario es una de las alternativas existentes para el tratamiento de la basura. El terreno se prepara para aislar totalmente los residuos creando distintos \u00abm\u00f3dulos\u00bb. Generalmente, estos m\u00f3dulos son impermeabilizados con una capa de bentonita, otra de polietileno y otra de suelo vegetal. La basura es depositada y compactada all\u00ed, hasta que se completa el espacio y se procede a extraer los l\u00edquidos y gases generados.<\/p>\n<p dir=\"ltr\"><em><strong>La desidia en la gesti\u00f3n de los residuos y en la falta de un tratamiento que conserve el medio ambiente y que proteja la salud de la poblaci\u00f3n es sintetizada por nuestro testigo con una frase corta, pero contundente: \u00ab<span class=\"highlight\">Le est\u00e1s dando c\u00e1ncer a tu gente cuando la ten\u00e9s que cuidar\u00bb<\/span>.\u00a0<\/strong><\/em><\/p>\n<\/div>\n<\/div>\n","protected":false},"excerpt":{"rendered":"<p>Los vecinos de la zona denuncian que los residuos no tienen un tratamiento espec\u00edfico y que las autoridades competentes no intervienen, a pesar de las denuncias. A dos kil\u00f3metros de la plaza principal de San Pedro de Colalao, en el camino que conecta esa localidad con Chulca, se puede divisar una mancha blanca en una &hellip;<\/p>\n","protected":false},"author":2,"featured_media":2190,"comment_status":"open","ping_status":"open","sticky":false,"template":"","format":"standard","meta":{"footnotes":""},"categories":[54,34],"tags":[506],"class_list":["post-2189","post","type-post","status-publish","format-standard","has-post-thumbnail","hentry","category-interes-ganeral","category-locales","tag-san-pedro-de-colalao"],"_links":{"self":[{"href":"https:\/\/cafeprensa.com.ar\/index.php\/wp-json\/wp\/v2\/posts\/2189","targetHints":{"allow":["GET"]}}],"collection":[{"href":"https:\/\/cafeprensa.com.ar\/index.php\/wp-json\/wp\/v2\/posts"}],"about":[{"href":"https:\/\/cafeprensa.com.ar\/index.php\/wp-json\/wp\/v2\/types\/post"}],"author":[{"embeddable":true,"href":"https:\/\/cafeprensa.com.ar\/index.php\/wp-json\/wp\/v2\/users\/2"}],"replies":[{"embeddable":true,"href":"https:\/\/cafeprensa.com.ar\/index.php\/wp-json\/wp\/v2\/comments?post=2189"}],"version-history":[{"count":1,"href":"https:\/\/cafeprensa.com.ar\/index.php\/wp-json\/wp\/v2\/posts\/2189\/revisions"}],"predecessor-version":[{"id":2191,"href":"https:\/\/cafeprensa.com.ar\/index.php\/wp-json\/wp\/v2\/posts\/2189\/revisions\/2191"}],"wp:featuredmedia":[{"embeddable":true,"href":"https:\/\/cafeprensa.com.ar\/index.php\/wp-json\/wp\/v2\/media\/2190"}],"wp:attachment":[{"href":"https:\/\/cafeprensa.com.ar\/index.php\/wp-json\/wp\/v2\/media?parent=2189"}],"wp:term":[{"taxonomy":"category","embeddable":true,"href":"https:\/\/cafeprensa.com.ar\/index.php\/wp-json\/wp\/v2\/categories?post=2189"},{"taxonomy":"post_tag","embeddable":true,"href":"https:\/\/cafeprensa.com.ar\/index.php\/wp-json\/wp\/v2\/tags?post=2189"}],"curies":[{"name":"wp","href":"https:\/\/api.w.org\/{rel}","templated":true}]}}