{"id":2238,"date":"2024-04-12T19:39:42","date_gmt":"2024-04-12T17:39:42","guid":{"rendered":"https:\/\/cafeprensa.com.ar\/?p=2238"},"modified":"2024-04-12T19:41:18","modified_gmt":"2024-04-12T17:41:18","slug":"maximo-thomsen-acuso-a-uno-de-sus-amigos-por-el-crimen-de-fernando-baez-sosa","status":"publish","type":"post","link":"https:\/\/cafeprensa.com.ar\/index.php\/2024\/04\/12\/maximo-thomsen-acuso-a-uno-de-sus-amigos-por-el-crimen-de-fernando-baez-sosa\/","title":{"rendered":"M\u00e1ximo Thomsen acus\u00f3 a uno de sus amigos por el crimen de Fernando B\u00e1ez Sosa"},"content":{"rendered":"<div class=\"content-article-title\">\n<div class=\"wrapper-layout center-content center_story max-width\">\n<div class=\"col-content\">\n<p class=\"article__title\"><span style=\"font-size: 12pt;\">En el recurso presentado por su abogado, el joven condenado a perpetua por el crimen de Fernando B\u00e1ez Sosa nombr\u00f3 al rugbier que origin\u00f3 el conflicto dentro del boliche y a quien le dio el primer golpe a la v\u00edctima.<\/span><\/p>\n<\/div>\n<\/div>\n<\/div>\n<div class=\"common-layout wrapper-layout center-content center_story max-width story article\">\n<div class=\"col-content\">\n<p><a href=\"https:\/\/tn.com.ar\/autor\/mauricioluna\/\" rel=\"author\"><img loading=\"lazy\" decoding=\"async\" class=\"rounded article__author_image\" src=\"https:\/\/tn.com.ar\/resizer\/2WyO-U0kKpFoTvFezm7kNJZCO0M=\/150x0\/smart\/filters:format(webp)\/s3.amazonaws.com\/arc-authors\/artear\/53d7cfc4-68bd-4a41-badf-c83f8153d407.jpg\" alt=\"Mauricio Luna\" width=\"1\" height=\"1\" \/><\/a><img loading=\"lazy\" decoding=\"async\" class=\"width_full height_full article__lead-art-photo image_placeholder\" src=\"https:\/\/tn.com.ar\/resizer\/2suLMpPOAXSUsiGoouVxqObLeQc=\/767x0\/smart\/filters:format(webp)\/cloudfront-us-east-1.images.arcpublishing.com\/artear\/FYEU7GSL4BFJTBXM2S4Q7JZJEU.jpg\" alt=\"M\u00e1ximo Thomsen present\u00f3 un recurso de nulidad a trav\u00e9s de su abogado (Foto: Facebook M\u00e1ximo Thomsen).\" width=\"767\" height=\"431\" \/><\/p>\n<div class=\"default-article-color article__body article__article\">\n<p class=\"paragraph\">En el\u00a0<a href=\"https:\/\/tn.com.ar\/policiales\/2024\/04\/12\/thomsen-le-hizo-tres-reclamos-a-la-justicia-y-busca-revertir-su-condena-por-el-crimen-de-fernando-baez-sosa\/\" target=\"_blank\" rel=\"noopener\">recurso presentado por el abogado de\u00a0<b>M\u00e1ximo Thomsen<\/b><\/a>, en donde pide que se le revoque a su defendido la condena a perpetua y se le otorgue la posibilidad de un nuevo juicio,\u00a0<b>se critic\u00f3 la defensa de Hugo Tomei<\/b> (ex letrado del joven) y se narr\u00f3 algunos hechos que corresponden a lo sucedido durante la madrugada del 18 de enero de 2020. En el escrito, el abogado Francisco Oneto sostuvo que \u201c<b>M\u00e1ximo omiti\u00f3 declarar que el que da la primera pi\u00f1a que derriba a Fernando B\u00e1ez Sosa y lo pone fuera de combate es Enzo Comelli.<\/b> Pi\u00f1a a la que D\u2019alessandro (amigo de B\u00e1ez Sosa) refiere que fue a traici\u00f3n\u201d.<\/p>\n<p class=\"paragraph\">En su presentaci\u00f3n, Oneto cuestion\u00f3 la estrategia de Tomei, quien a\u00fan sigue siendo el abogado de varios integrantes del grupo:\u00a0<b>\u201cLas circunstancias hicieron que la asistencia t\u00e9cnica brindada por la defensa no sea efectiva y sustancial\u201d.<\/b><\/p>\n<p class=\"paragraph\">El abogado detall\u00f3: \u201cLa incompatibilidad de intereses entre los imputados impidi\u00f3 que cada uno cuente con la posibilidad de expresarse de forma tal de preservarse totalmente a s\u00ed mismo. Dicho en t\u00e9rminos m\u00e1s latos,\u00a0<b>la defensa eficiente necesariamente debe ser ego\u00edsta y no solidaria como en este caso<\/b>\u201d.<\/p>\n<figure class=\"\" data-testid=\"figure-testid\">\n<div class=\"aspect_ratio__container\"><picture class=\"responsive-image\"><source srcset=\"https:\/\/tn.com.ar\/resizer\/RPmIgbylBfBw7FhCrQ30seQu5SI=\/767x0\/smart\/filters:format(webp)\/cloudfront-us-east-1.images.arcpublishing.com\/artear\/XP2AHE4ZGRHG3JM5G6KDKBKDZU.jpg\" type=\"image\/jpg\" media=\"(max-width: 728px)\" \/><source srcset=\"https:\/\/tn.com.ar\/resizer\/03gwp1QO66NSdgloymFTxTWTaYQ=\/1023x0\/smart\/filters:format(webp)\/cloudfront-us-east-1.images.arcpublishing.com\/artear\/XP2AHE4ZGRHG3JM5G6KDKBKDZU.jpg\" type=\"image\/jpg\" media=\"(max-width: 1023px)\" \/><source srcset=\"https:\/\/tn.com.ar\/resizer\/XdxgDcrVDG5qXSduJnlNPGQ8ox0=\/1440x0\/smart\/filters:format(webp)\/cloudfront-us-east-1.images.arcpublishing.com\/artear\/XP2AHE4ZGRHG3JM5G6KDKBKDZU.jpg\" type=\"image\/jpg\" \/><img loading=\"lazy\" decoding=\"async\" class=\"image content-image image_placeholder\" src=\"https:\/\/tn.com.ar\/resizer\/RPmIgbylBfBw7FhCrQ30seQu5SI=\/767x0\/smart\/filters:format(webp)\/cloudfront-us-east-1.images.arcpublishing.com\/artear\/XP2AHE4ZGRHG3JM5G6KDKBKDZU.jpg\" alt=\"M\u00e1ximo Thomsen durante el juicio, sentado en el banquillo de los acusados. (Foto: T\u00e9lam).\" width=\"767\" height=\"432\" data-testid=\"loading-testid\" \/><\/picture><\/div><figcaption class=\"caption_image\" data-testid=\"figcaption-testid\">\n<div class=\"image_caption\"><span style=\"font-size: 8pt;\"><em><strong>M\u00e1ximo Thomsen durante el juicio, sentado en el banquillo de los acusados.<\/strong><\/em><\/span><\/div>\n<\/figcaption><\/figure>\n<p class=\"paragraph\">Thomsen, seg\u00fan expres\u00f3 su abogado, no pudo expresarse libremente respecto de los hechos y las circunstancias que ocasionaron el homicidio de B\u00e1ez Sosa. Oneto sostuvo que\u00a0<b>Tomei busc\u00f3 que ninguna declaraci\u00f3n particular causara efectos negativos en la situaci\u00f3n procesal de otros imputados.<\/b><\/p>\n<h2 class=\"font--primary\">Thomsen apunt\u00f3 contra dos de sus amigos<\/h2>\n<p class=\"paragraph\">A partir de all\u00ed, narr\u00f3 que su defendido se vio privado de afirmar que no protagoniz\u00f3 la pelea dentro del boliche y que\u00a0<b>el que empez\u00f3 el disturbio fue Blas Cinalli.<\/b>\u00a0\u201cSe omiti\u00f3 interrogar a los testigos Mu\u00f1oz, G\u00f3mez, \u00c1vila, D\u2019alessandro y Garc\u00eda en ese sentido. Tal omisi\u00f3n coloc\u00f3 el m\u00f3vil homicida sobre M\u00e1ximo, cuando en cambio debi\u00f3 estar sobre Cinalli\u201d.<\/p>\n<p class=\"paragraph\">Luego dijo que no pudo pedir una pericia para determinar si alg\u00fan golpe en concreto produjo el deceso. Ah\u00ed apunt\u00f3 contra un golpe que produjo un moret\u00f3n en el ment\u00f3n de la v\u00edctima:\u00a0<b>\u201cCompatible con el golpe que asesta al inicio Enzo Comelli\u201d.<\/b><\/p>\n<figure class=\"\" data-testid=\"figure-testid\">\n<div class=\"aspect_ratio__container\"><picture class=\"responsive-image\"><source srcset=\"https:\/\/tn.com.ar\/resizer\/x3lil1X4mxqXtOicXLVR_MU4X28=\/767x0\/smart\/filters:format(webp)\/cloudfront-us-east-1.images.arcpublishing.com\/artear\/WVPJNCNCGNBHTBPTL66SPAIABY.jpg\" type=\"image\/jpg\" media=\"(max-width: 728px)\" \/><source srcset=\"https:\/\/tn.com.ar\/resizer\/SjYHo0ZjF-EO2JM38mMsy1iIiqY=\/1023x0\/smart\/filters:format(webp)\/cloudfront-us-east-1.images.arcpublishing.com\/artear\/WVPJNCNCGNBHTBPTL66SPAIABY.jpg\" type=\"image\/jpg\" media=\"(max-width: 1023px)\" \/><source srcset=\"https:\/\/tn.com.ar\/resizer\/9jbqiWECY9LmyKW1elZgeXfac_s=\/1440x0\/smart\/filters:format(webp)\/cloudfront-us-east-1.images.arcpublishing.com\/artear\/WVPJNCNCGNBHTBPTL66SPAIABY.jpg\" type=\"image\/jpg\" \/><img loading=\"lazy\" decoding=\"async\" class=\"image content-image image_placeholder\" src=\"https:\/\/tn.com.ar\/resizer\/x3lil1X4mxqXtOicXLVR_MU4X28=\/767x0\/smart\/filters:format(webp)\/cloudfront-us-east-1.images.arcpublishing.com\/artear\/WVPJNCNCGNBHTBPTL66SPAIABY.jpg\" alt=\"Los 8 rugbiers antes de la sentencia por el crimen de Fernando B\u00e1ez Sosa. Despu\u00e9s, se pararon para escuchar las condenas de pie. (Foto: Diego Izquierdo \/ T\u00e9lam)\" width=\"767\" height=\"431\" data-testid=\"loading-testid\" \/><\/picture><\/div><figcaption class=\"caption_image\" data-testid=\"figcaption-testid\">\n<div class=\"image_caption\"><em><strong><span style=\"font-size: 8pt;\">Los 8 rugbiers antes de la sentencia por el crimen de Fernando B\u00e1ez Sosa. Despu\u00e9s, se pararon para escuchar las condenas de pie.<\/span><\/strong><\/em><\/div>\n<\/figcaption><\/figure>\n<p class=\"paragraph\">\u201c\u00c9l no estaba en condiciones de ejercer violencia letal porque cuando G\u00f3mez (uno de los empleados de seguridad de Le Brique) lo sac\u00f3 del local de esparcimiento nocturno,\u00a0<b>lo ahorca hasta que cae desmayado y nadie interrog\u00f3 a los custodios en ese sentido<\/b>, ni mucho menos a los dem\u00e1s imputados, que, si bien se podr\u00edan haber negado a declarar tambi\u00e9n, pudieron haber aportado informaci\u00f3n \u00fatil corroboraba por medios de prueba independientes\u201d, sostuvo Oneto.<\/p>\n<p class=\"paragraph\">M\u00e1s tarde precis\u00f3 que\u00a0<b>Thomsen no tiene recuerdos de ese acontecimiento y que lo que sabe es porque se lo cont\u00f3 Mat\u00edas Benicelli.<\/b>\u00a0Tambi\u00e9n indic\u00f3 que no interrogaron a Lucas Pertossi, presuntamente el \u00fanico testigo que vio el desmayo de Thomsen.<\/p>\n<figure class=\"\" data-testid=\"figure-testid\">\n<div class=\"aspect_ratio__container\"><picture class=\"responsive-image\"><source srcset=\"https:\/\/tn.com.ar\/resizer\/s2As9RIlg9wtJ2pyK-i9a6rmFp8=\/767x0\/smart\/filters:format(webp)\/cloudfront-us-east-1.images.arcpublishing.com\/artear\/7VZ3KUCVVJGLNM7NBMKSGNWKAI.jpg\" type=\"image\/jpg\" media=\"(max-width: 728px)\" \/><source srcset=\"https:\/\/tn.com.ar\/resizer\/MQuhFtCo-ygQS4ckvC2p7ZHyOGY=\/1023x0\/smart\/filters:format(webp)\/cloudfront-us-east-1.images.arcpublishing.com\/artear\/7VZ3KUCVVJGLNM7NBMKSGNWKAI.jpg\" type=\"image\/jpg\" media=\"(max-width: 1023px)\" \/><source srcset=\"https:\/\/tn.com.ar\/resizer\/GGFBOF5HybRXxOAteoFc4ow5iik=\/1440x0\/smart\/filters:format(webp)\/cloudfront-us-east-1.images.arcpublishing.com\/artear\/7VZ3KUCVVJGLNM7NBMKSGNWKAI.jpg\" type=\"image\/jpg\" \/><img loading=\"lazy\" decoding=\"async\" class=\"image content-image image_placeholder\" src=\"https:\/\/tn.com.ar\/resizer\/s2As9RIlg9wtJ2pyK-i9a6rmFp8=\/767x0\/smart\/filters:format(webp)\/cloudfront-us-east-1.images.arcpublishing.com\/artear\/7VZ3KUCVVJGLNM7NBMKSGNWKAI.jpg\" alt=\"Hugo Tomei dej\u00f3 de ser el abogado de al menos dos de los ocho condenados (Foto: T\u00e9lam\/Diego Izquierdo).\" width=\"767\" height=\"511\" data-testid=\"loading-testid\" \/><\/picture><\/div><figcaption class=\"caption_image\" data-testid=\"figcaption-testid\">\n<div class=\"image_caption\"><span style=\"font-size: 8pt;\"><em><strong>Hugo Tomei dej\u00f3 de ser el abogado de al menos dos de los ocho condenados (Foto: T\u00e9lam\/Diego Izquierdo)<\/strong><\/em><\/span><\/div>\n<\/figcaption><\/figure>\n<p class=\"paragraph\">\u201cSe le quit\u00f3 la posibilidad de interrogar a Benicelli en ese sentido. De pedir\u00a0<b>pericia psicol\u00f3gica<\/b>\u00a0para determinar que pudo haber ocasionado la transitoria p\u00e9rdida de memoria y en su caso los motivos por los cuales eso era as\u00ed\u201d, continu\u00f3.<\/p>\n<p class=\"paragraph\">Sobre por qu\u00e9 su defendido no relat\u00f3 todo lo mencionado durante el juicio, Oneto explic\u00f3: \u201c<b>M\u00e1ximo omiti\u00f3 proferir estos dichos porque ten\u00eda el mismo defensor que sus consortes de causa<\/b>, los cuales pod\u00edan verse perjudicados por tales afirmaciones\u201d.<\/p>\n<figure class=\"\" data-testid=\"figure-testid\">\n<div class=\"aspect_ratio__container\"><picture class=\"responsive-image\"><source srcset=\"https:\/\/tn.com.ar\/resizer\/KEbOklzAgvfwibhmX_jNfr2rZ1g=\/767x0\/smart\/filters:format(webp)\/cloudfront-us-east-1.images.arcpublishing.com\/artear\/RUG3FOFDIJB7DMUHIDH5MQPN3Y.jpg\" type=\"image\/jpg\" media=\"(max-width: 728px)\" \/><source srcset=\"https:\/\/tn.com.ar\/resizer\/ahnyX0Jqwc_8cXBgHug-BPQGMW4=\/1023x0\/smart\/filters:format(webp)\/cloudfront-us-east-1.images.arcpublishing.com\/artear\/RUG3FOFDIJB7DMUHIDH5MQPN3Y.jpg\" type=\"image\/jpg\" media=\"(max-width: 1023px)\" \/><source srcset=\"https:\/\/tn.com.ar\/resizer\/KaGn6YEC38hvfFP6tEixdjWqdDE=\/1440x0\/smart\/filters:format(webp)\/cloudfront-us-east-1.images.arcpublishing.com\/artear\/RUG3FOFDIJB7DMUHIDH5MQPN3Y.jpg\" type=\"image\/jpg\" \/><img loading=\"lazy\" decoding=\"async\" class=\"image content-image image_placeholder\" src=\"https:\/\/tn.com.ar\/resizer\/KEbOklzAgvfwibhmX_jNfr2rZ1g=\/767x0\/smart\/filters:format(webp)\/cloudfront-us-east-1.images.arcpublishing.com\/artear\/RUG3FOFDIJB7DMUHIDH5MQPN3Y.jpg\" alt=\"M\u00e1ximo Thomsen fue condenado a prisi\u00f3n perpetua por el crimen de B\u00e1ez Sosa (Foto: Instagram M\u00e1ximo Thomsen). \" width=\"767\" height=\"430\" data-testid=\"loading-testid\" \/><\/picture><\/div><figcaption class=\"caption_image\" data-testid=\"figcaption-testid\">\n<div class=\"image_caption\"><span style=\"font-size: 8pt;\"><em><strong>M\u00e1ximo Thomsen fue condenado a prisi\u00f3n perpetua por el crimen de B\u00e1ez Sosa\u00a0<\/strong><\/em><\/span><\/div>\n<\/figcaption><\/figure>\n<p class=\"paragraph\">Luego agreg\u00f3: \u201cTomar por caso a\u00a0<b>Enzo Comelli<\/b>, que al haber sido el que asest\u00f3 el primer potente golpe en la mand\u00edbula, y de determinarse que fue la causal del deceso,\u00a0<b>podr\u00eda haber respondido en solitario como autor de homicidio doloso.\u00a0<\/b>Ahora bien, en torno a estos puntos, es importante analizarlos en su debido contexto\u201d.<\/p>\n<p class=\"paragraph\">\u201cEstas afirmaciones no se profirieron como una estrategia conjunta entre el imputado y el defensor sino como\u00a0<b>una imposici\u00f3n de la defensa para no perjudicar con esos dichos a sus otros asistidos<\/b>, y ac\u00e1 se advierte una clara violaci\u00f3n al derecho de defensa material del imputado\u201d, remarc\u00f3 Oneto.<\/p>\n<figure class=\"\" data-testid=\"figure-testid\">\n<div class=\"aspect_ratio__container\"><picture class=\"responsive-image\"><source srcset=\"https:\/\/tn.com.ar\/resizer\/5WsWWowX20GdOu1REOPR2xTdps0=\/767x0\/smart\/filters:format(webp)\/cloudfront-us-east-1.images.arcpublishing.com\/artear\/FVKRFFN3PNGKRFV2RCXNVFNPBE.jpeg\" type=\"image\/jpg\" media=\"(max-width: 728px)\" \/><source srcset=\"https:\/\/tn.com.ar\/resizer\/WPN2d9pAXCgfpf0LzYR7QmsOwO8=\/1023x0\/smart\/filters:format(webp)\/cloudfront-us-east-1.images.arcpublishing.com\/artear\/FVKRFFN3PNGKRFV2RCXNVFNPBE.jpeg\" type=\"image\/jpg\" media=\"(max-width: 1023px)\" \/><source srcset=\"https:\/\/tn.com.ar\/resizer\/aE07bLSZ7OLLYEk29MuwntZQ3d0=\/1440x0\/smart\/filters:format(webp)\/cloudfront-us-east-1.images.arcpublishing.com\/artear\/FVKRFFN3PNGKRFV2RCXNVFNPBE.jpeg\" type=\"image\/jpg\" \/><img loading=\"lazy\" decoding=\"async\" class=\"image content-image image_placeholder\" src=\"https:\/\/tn.com.ar\/resizer\/5WsWWowX20GdOu1REOPR2xTdps0=\/767x0\/smart\/filters:format(webp)\/cloudfront-us-east-1.images.arcpublishing.com\/artear\/FVKRFFN3PNGKRFV2RCXNVFNPBE.jpeg\" alt=\"El abogado Francisco Oneto defender\u00e1 a M\u00e1ximo Thomsen (Foto: Instagram @fraoneto).\" width=\"767\" height=\"431\" data-testid=\"loading-testid\" \/><\/picture><\/div><figcaption class=\"caption_image\" data-testid=\"figcaption-testid\">\n<div class=\"image_caption\"><em><span style=\"font-size: 8pt;\"><strong>El abogado Francisco Oneto defender\u00e1 a M\u00e1ximo Thomsen\u00a0<\/strong><\/span><\/em><\/div>\n<\/figcaption><\/figure>\n<p class=\"paragraph\">En esta nueva presentaci\u00f3n judicial, Oneto, adem\u00e1s de pedir la nulidad del juicio, solicit\u00f3 que se califique al hecho como un\u00a0<b>\u201chomicidio en agresi\u00f3n\u201d<\/b>, el cual prev\u00e9 una pena m\u00e1xima de seis a\u00f1os de prisi\u00f3n. Es decir,\u00a0<b>que se le quite la condena a perpetua<\/b> que ratific\u00f3 la C\u00e1mara de Casaci\u00f3n Penal.\u00a0 \u201cTraducido esto a t\u00e9rminos m\u00e1s llanos, quiere decir que M\u00e1ximo Pablo Thomsen, hoy de 24 a\u00f1os de edad,\u00a0<b>no volver\u00e1 a poner un pie fuera de la c\u00e1rcel durante el resto de su vida, y solo saldr\u00e1 de la instituci\u00f3n penitenciaria en un f\u00e9retro<\/b> cuando culmine su vida en este plano material\u201d, complet\u00f3 Oneto.<\/p>\n<\/div>\n<\/div>\n<\/div>\n","protected":false},"excerpt":{"rendered":"<p>En el recurso presentado por su abogado, el joven condenado a perpetua por el crimen de Fernando B\u00e1ez Sosa nombr\u00f3 al rugbier que origin\u00f3 el conflicto dentro del boliche y a quien le dio el primer golpe a la v\u00edctima. En el\u00a0recurso presentado por el abogado de\u00a0M\u00e1ximo Thomsen, en donde pide que se le revoque &hellip;<\/p>\n","protected":false},"author":2,"featured_media":2239,"comment_status":"open","ping_status":"open","sticky":false,"template":"","format":"standard","meta":{"footnotes":""},"categories":[47,33],"tags":[],"class_list":["post-2238","post","type-post","status-publish","format-standard","has-post-thumbnail","hentry","category-justicia","category-nacionales"],"_links":{"self":[{"href":"https:\/\/cafeprensa.com.ar\/index.php\/wp-json\/wp\/v2\/posts\/2238","targetHints":{"allow":["GET"]}}],"collection":[{"href":"https:\/\/cafeprensa.com.ar\/index.php\/wp-json\/wp\/v2\/posts"}],"about":[{"href":"https:\/\/cafeprensa.com.ar\/index.php\/wp-json\/wp\/v2\/types\/post"}],"author":[{"embeddable":true,"href":"https:\/\/cafeprensa.com.ar\/index.php\/wp-json\/wp\/v2\/users\/2"}],"replies":[{"embeddable":true,"href":"https:\/\/cafeprensa.com.ar\/index.php\/wp-json\/wp\/v2\/comments?post=2238"}],"version-history":[{"count":3,"href":"https:\/\/cafeprensa.com.ar\/index.php\/wp-json\/wp\/v2\/posts\/2238\/revisions"}],"predecessor-version":[{"id":2242,"href":"https:\/\/cafeprensa.com.ar\/index.php\/wp-json\/wp\/v2\/posts\/2238\/revisions\/2242"}],"wp:featuredmedia":[{"embeddable":true,"href":"https:\/\/cafeprensa.com.ar\/index.php\/wp-json\/wp\/v2\/media\/2239"}],"wp:attachment":[{"href":"https:\/\/cafeprensa.com.ar\/index.php\/wp-json\/wp\/v2\/media?parent=2238"}],"wp:term":[{"taxonomy":"category","embeddable":true,"href":"https:\/\/cafeprensa.com.ar\/index.php\/wp-json\/wp\/v2\/categories?post=2238"},{"taxonomy":"post_tag","embeddable":true,"href":"https:\/\/cafeprensa.com.ar\/index.php\/wp-json\/wp\/v2\/tags?post=2238"}],"curies":[{"name":"wp","href":"https:\/\/api.w.org\/{rel}","templated":true}]}}