{"id":2244,"date":"2024-04-13T15:25:39","date_gmt":"2024-04-13T13:25:39","guid":{"rendered":"https:\/\/cafeprensa.com.ar\/?p=2244"},"modified":"2024-04-13T15:25:39","modified_gmt":"2024-04-13T13:25:39","slug":"arnedo-me-transporte-en-colectivo-y-observe-que-varias-unidades-carecen-de-higiene-tienen-asientos-rotos-y-presentan-demoras","status":"publish","type":"post","link":"https:\/\/cafeprensa.com.ar\/index.php\/2024\/04\/13\/arnedo-me-transporte-en-colectivo-y-observe-que-varias-unidades-carecen-de-higiene-tienen-asientos-rotos-y-presentan-demoras\/","title":{"rendered":"Arnedo: \u00abMe transporte en colectivo y observe que varias unidades carecen de higiene, tienen asientos rotos y presentan demoras\u00bb"},"content":{"rendered":"<p>El concejal capitalino <strong>Carlos Arnedo<\/strong> en di\u00e1logo con Caf\u00e9 Prensa se refiri\u00f3 a la situaci\u00f3n epidemiol\u00f3gica que atraviesa la provincia. Adem\u00e1s, el edil detall\u00f3 el proyecto que present\u00f3 en el Concejo de SMT para inocular a los trabajadores de primera l\u00ednea municipal que realizan tareas de desmalezamiento, descacharreo, limpieza entre otras. Finalmente, se refiri\u00f3 al estado del transporte p\u00fablico en la ciudad y la cuesti\u00f3n del UBER.<\/p>\n<p>Escucha la nota completa:<\/p>\n<audio class=\"wp-audio-shortcode\" id=\"audio-2244-1\" preload=\"none\" style=\"width: 100%;\" controls=\"controls\"><source type=\"audio\/mpeg\" src=\"https:\/\/cafeprensa.com.ar\/wp-content\/uploads\/2024\/04\/13-04-Carlos-Arnedo-parte-1-Cafe-Prensa.mp3?_=1\" \/><a href=\"https:\/\/cafeprensa.com.ar\/wp-content\/uploads\/2024\/04\/13-04-Carlos-Arnedo-parte-1-Cafe-Prensa.mp3\">https:\/\/cafeprensa.com.ar\/wp-content\/uploads\/2024\/04\/13-04-Carlos-Arnedo-parte-1-Cafe-Prensa.mp3<\/a><\/audio>\n<audio class=\"wp-audio-shortcode\" id=\"audio-2244-2\" preload=\"none\" style=\"width: 100%;\" controls=\"controls\"><source type=\"audio\/mpeg\" src=\"https:\/\/cafeprensa.com.ar\/wp-content\/uploads\/2024\/04\/13-04-Carlos-Arnedo-parte-2-Cafe-Prensa.mp3?_=2\" \/><a href=\"https:\/\/cafeprensa.com.ar\/wp-content\/uploads\/2024\/04\/13-04-Carlos-Arnedo-parte-2-Cafe-Prensa.mp3\">https:\/\/cafeprensa.com.ar\/wp-content\/uploads\/2024\/04\/13-04-Carlos-Arnedo-parte-2-Cafe-Prensa.mp3<\/a><\/audio>\n<p>&nbsp;<\/p>\n","protected":false},"excerpt":{"rendered":"<p>El concejal capitalino Carlos Arnedo en di\u00e1logo con Caf\u00e9 Prensa se refiri\u00f3 a la situaci\u00f3n epidemiol\u00f3gica que atraviesa la provincia. Adem\u00e1s, el edil detall\u00f3 el proyecto que present\u00f3 en el Concejo de SMT para inocular a los trabajadores de primera l\u00ednea municipal que realizan tareas de desmalezamiento, descacharreo, limpieza entre otras. Finalmente, se refiri\u00f3 al &hellip;<\/p>\n","protected":false},"author":2,"featured_media":2245,"comment_status":"open","ping_status":"open","sticky":false,"template":"","format":"standard","meta":{"footnotes":""},"categories":[34],"tags":[366,356,458,186,194,522,160,521],"class_list":["post-2244","post","type-post","status-publish","format-standard","has-post-thumbnail","hentry","category-locales","tag-carlos-arnedo","tag-colectivo","tag-presupuesto","tag-rossana-chahla","tag-smt","tag-transporte-publico","tag-tucuman","tag-uber"],"_links":{"self":[{"href":"https:\/\/cafeprensa.com.ar\/index.php\/wp-json\/wp\/v2\/posts\/2244","targetHints":{"allow":["GET"]}}],"collection":[{"href":"https:\/\/cafeprensa.com.ar\/index.php\/wp-json\/wp\/v2\/posts"}],"about":[{"href":"https:\/\/cafeprensa.com.ar\/index.php\/wp-json\/wp\/v2\/types\/post"}],"author":[{"embeddable":true,"href":"https:\/\/cafeprensa.com.ar\/index.php\/wp-json\/wp\/v2\/users\/2"}],"replies":[{"embeddable":true,"href":"https:\/\/cafeprensa.com.ar\/index.php\/wp-json\/wp\/v2\/comments?post=2244"}],"version-history":[{"count":1,"href":"https:\/\/cafeprensa.com.ar\/index.php\/wp-json\/wp\/v2\/posts\/2244\/revisions"}],"predecessor-version":[{"id":2248,"href":"https:\/\/cafeprensa.com.ar\/index.php\/wp-json\/wp\/v2\/posts\/2244\/revisions\/2248"}],"wp:featuredmedia":[{"embeddable":true,"href":"https:\/\/cafeprensa.com.ar\/index.php\/wp-json\/wp\/v2\/media\/2245"}],"wp:attachment":[{"href":"https:\/\/cafeprensa.com.ar\/index.php\/wp-json\/wp\/v2\/media?parent=2244"}],"wp:term":[{"taxonomy":"category","embeddable":true,"href":"https:\/\/cafeprensa.com.ar\/index.php\/wp-json\/wp\/v2\/categories?post=2244"},{"taxonomy":"post_tag","embeddable":true,"href":"https:\/\/cafeprensa.com.ar\/index.php\/wp-json\/wp\/v2\/tags?post=2244"}],"curies":[{"name":"wp","href":"https:\/\/api.w.org\/{rel}","templated":true}]}}