{"id":2249,"date":"2024-04-13T16:18:50","date_gmt":"2024-04-13T14:18:50","guid":{"rendered":"https:\/\/cafeprensa.com.ar\/?p=2249"},"modified":"2024-04-13T16:19:01","modified_gmt":"2024-04-13T14:19:01","slug":"romano-norri-podria-ser-candidato-para-las-internas-tengo-mi-sector-interno-y-podemos-competir","status":"publish","type":"post","link":"https:\/\/cafeprensa.com.ar\/index.php\/2024\/04\/13\/romano-norri-podria-ser-candidato-para-las-internas-tengo-mi-sector-interno-y-podemos-competir\/","title":{"rendered":"Romano Norri: \u00abPodr\u00eda ser candidato para las internas, tengo mi sector interno y podemos competir\u00bb"},"content":{"rendered":"<p>El legislador radical <strong>Agust\u00edn Romano Norri<\/strong> en di\u00e1logo telef\u00f3nico con Caf\u00e9 Prensa se refiri\u00f3 a la situaci\u00f3n interna de la UCR en Tucum\u00e1n. Aclar\u00f3 la situaci\u00f3n actual de las autoridades de la instituci\u00f3n, especialmente sobre la continuidad del diputado Roberto S\u00e1nchez en la presidencia del partido. Finalmente, se refiri\u00f3 a su participaci\u00f3n en las pr\u00f3ximas internas partidarias que se llevar\u00edan a cabo en el mes de septiembre.<\/p>\n<p>Escucha la nota completa:<\/p>\n<audio class=\"wp-audio-shortcode\" id=\"audio-2249-1\" preload=\"none\" style=\"width: 100%;\" controls=\"controls\"><source type=\"audio\/mpeg\" src=\"https:\/\/cafeprensa.com.ar\/wp-content\/uploads\/2024\/04\/13-04-Agustin-romano-norri.mp3?_=1\" \/><a href=\"https:\/\/cafeprensa.com.ar\/wp-content\/uploads\/2024\/04\/13-04-Agustin-romano-norri.mp3\">https:\/\/cafeprensa.com.ar\/wp-content\/uploads\/2024\/04\/13-04-Agustin-romano-norri.mp3<\/a><\/audio>\n<p>&nbsp;<\/p>\n","protected":false},"excerpt":{"rendered":"<p>El legislador radical Agust\u00edn Romano Norri en di\u00e1logo telef\u00f3nico con Caf\u00e9 Prensa se refiri\u00f3 a la situaci\u00f3n interna de la UCR en Tucum\u00e1n. Aclar\u00f3 la situaci\u00f3n actual de las autoridades de la instituci\u00f3n, especialmente sobre la continuidad del diputado Roberto S\u00e1nchez en la presidencia del partido. Finalmente, se refiri\u00f3 a su participaci\u00f3n en las pr\u00f3ximas &hellip;<\/p>\n","protected":false},"author":2,"featured_media":2250,"comment_status":"open","ping_status":"open","sticky":false,"template":"","format":"standard","meta":{"footnotes":""},"categories":[34],"tags":[447,524,523,268,493,92,160,110],"class_list":["post-2249","post","type-post","status-publish","format-standard","has-post-thumbnail","hentry","category-locales","tag-agustin-romano-norri","tag-candidaturas","tag-internas-radicales","tag-radicalismo","tag-roberto-sanchez","tag-silvia-elias-de-perez","tag-tucuman","tag-ucr"],"_links":{"self":[{"href":"https:\/\/cafeprensa.com.ar\/index.php\/wp-json\/wp\/v2\/posts\/2249","targetHints":{"allow":["GET"]}}],"collection":[{"href":"https:\/\/cafeprensa.com.ar\/index.php\/wp-json\/wp\/v2\/posts"}],"about":[{"href":"https:\/\/cafeprensa.com.ar\/index.php\/wp-json\/wp\/v2\/types\/post"}],"author":[{"embeddable":true,"href":"https:\/\/cafeprensa.com.ar\/index.php\/wp-json\/wp\/v2\/users\/2"}],"replies":[{"embeddable":true,"href":"https:\/\/cafeprensa.com.ar\/index.php\/wp-json\/wp\/v2\/comments?post=2249"}],"version-history":[{"count":1,"href":"https:\/\/cafeprensa.com.ar\/index.php\/wp-json\/wp\/v2\/posts\/2249\/revisions"}],"predecessor-version":[{"id":2252,"href":"https:\/\/cafeprensa.com.ar\/index.php\/wp-json\/wp\/v2\/posts\/2249\/revisions\/2252"}],"wp:featuredmedia":[{"embeddable":true,"href":"https:\/\/cafeprensa.com.ar\/index.php\/wp-json\/wp\/v2\/media\/2250"}],"wp:attachment":[{"href":"https:\/\/cafeprensa.com.ar\/index.php\/wp-json\/wp\/v2\/media?parent=2249"}],"wp:term":[{"taxonomy":"category","embeddable":true,"href":"https:\/\/cafeprensa.com.ar\/index.php\/wp-json\/wp\/v2\/categories?post=2249"},{"taxonomy":"post_tag","embeddable":true,"href":"https:\/\/cafeprensa.com.ar\/index.php\/wp-json\/wp\/v2\/tags?post=2249"}],"curies":[{"name":"wp","href":"https:\/\/api.w.org\/{rel}","templated":true}]}}