{"id":2296,"date":"2024-04-16T13:21:44","date_gmt":"2024-04-16T11:21:44","guid":{"rendered":"https:\/\/cafeprensa.com.ar\/?p=2296"},"modified":"2024-04-16T13:22:09","modified_gmt":"2024-04-16T11:22:09","slug":"bordaron-el-encuentro-del-papa-y-javier-milei-en-el-manto-de-la-virgen","status":"publish","type":"post","link":"https:\/\/cafeprensa.com.ar\/index.php\/2024\/04\/16\/bordaron-el-encuentro-del-papa-y-javier-milei-en-el-manto-de-la-virgen\/","title":{"rendered":"Bordaron el encuentro del Papa y Javier Milei en el manto de la Virgen"},"content":{"rendered":"<div class=\"content-article-title\">\n<div class=\"wrapper-layout center-content center_story max-width\">\n<div class=\"col-content\">\n<p class=\"article__title\">Se la entregar\u00e1n al Presidente<\/p>\n<\/div>\n<\/div>\n<\/div>\n<div class=\"common-layout wrapper-layout center-content center_story max-width story article\">\n<div class=\"col-content\">\n<p>Un grupo de fieles de la <em><strong>Catedral Bas\u00edlica de Catamarca<\/strong> <\/em>llev\u00f3 a cabo el minucioso trabajo para cumplir una promesa que hab\u00edan hecho en las elecciones generales del a\u00f1o pasado.<\/p>\n<div class=\"default-article-color article__body article__article\">\n<p class=\"paragraph\">El<b>\u00a0<\/b><a href=\"https:\/\/tn.com.ar\/politica\/2024\/02\/12\/javier-milei-se-reunio-con-el-papa-francisco-en-el-vaticano-la-intimidad-del-encuentro\/\" target=\"_blank\" rel=\"noopener\"><b>encuentro entre Javier Milei y el Papa Francisco<\/b><\/a>, que ocurri\u00f3 a mediados de febrero, lim\u00f3 las asperezas entre ambos luego de las pol\u00e9micas declaraciones del presidente sobre Francisco. Aquel encuentro qued\u00f3 registrado por las c\u00e1maras de todo el mundo que capturaron aquel\u00a0<b>primer abrazo de reconciliaci\u00f3n.<\/b>\u00a0Esa fue la imagen elegida por Graciela para cumplir con una\u00a0<b>promesa.<\/b><\/p>\n<p><img loading=\"lazy\" decoding=\"async\" class=\"alignnone size-medium wp-image-2298\" src=\"https:\/\/cafeprensa.com.ar\/wp-content\/uploads\/2024\/04\/MANTO1-300x206.webp\" alt=\"\" width=\"300\" height=\"206\" srcset=\"https:\/\/cafeprensa.com.ar\/wp-content\/uploads\/2024\/04\/MANTO1-300x206.webp 300w, https:\/\/cafeprensa.com.ar\/wp-content\/uploads\/2024\/04\/MANTO1-1024x703.webp 1024w, https:\/\/cafeprensa.com.ar\/wp-content\/uploads\/2024\/04\/MANTO1-768x527.webp 768w, https:\/\/cafeprensa.com.ar\/wp-content\/uploads\/2024\/04\/MANTO1-220x150.webp 220w, https:\/\/cafeprensa.com.ar\/wp-content\/uploads\/2024\/04\/MANTO1.webp 1289w\" sizes=\"auto, (max-width: 300px) 100vw, 300px\" \/><\/p>\n<p class=\"paragraph\">Esta feligresa de la Catedral Bas\u00edlica de la Virgen del Valle de Catamarca hab\u00eda prometido que\u00a0<b>le enviar\u00eda una imagen de la Virgen con uno de sus tan preciados bordados\u00a0<\/b>a quien ganara las elecciones presidenciales del a\u00f1o pasado.<\/p>\n<p class=\"paragraph\">Y un d\u00eda cumpli\u00f3. Graciela, con mucho esfuerzo detr\u00e1s y un grupo de mujeres que la acompa\u00f1aron, bord\u00f3 el manto de la Virgen con piedras preciosas y dej\u00f3 el testimonio de aquel encuentro \u00fanico. Adem\u00e1s, pudo llegar hasta funcionarios cercanos al mandatario y luego de bendecirla,\u00a0<b>envi\u00f3 la imagen a Buenos Aires para que la reciba el Presidente.<\/b><\/p>\n<p><img loading=\"lazy\" decoding=\"async\" class=\"alignnone size-medium wp-image-2297\" src=\"https:\/\/cafeprensa.com.ar\/wp-content\/uploads\/2024\/04\/14-1jpg-300x201.webp\" alt=\"\" width=\"300\" height=\"201\" srcset=\"https:\/\/cafeprensa.com.ar\/wp-content\/uploads\/2024\/04\/14-1jpg-300x201.webp 300w, https:\/\/cafeprensa.com.ar\/wp-content\/uploads\/2024\/04\/14-1jpg-768x515.webp 768w, https:\/\/cafeprensa.com.ar\/wp-content\/uploads\/2024\/04\/14-1jpg.webp 790w\" sizes=\"auto, (max-width: 300px) 100vw, 300px\" \/><\/p>\n<h2 class=\"font--primary\">Una promesa y un deseo<\/h2>\n<p class=\"paragraph\">Hace 28 a\u00f1os que Graciela comenz\u00f3 a bordar los mantos de la Virgen luego de atravesar una dura enfermedad. Desde entonces envi\u00f3 bordados a todas las provincias de la Argentina y a distintos pa\u00edses del mundo.<\/p>\n<p class=\"paragraph\">\u201cEl obispo no tuvo nada que ver, sino que cumpli\u00f3 solo con bendecirla y entregarla al secretario<b>. Ac\u00e1 no hay pol\u00edtica, solo amor y devoci\u00f3n<\/b>\u201d, dijo la mujer a\u00a0<b>TN\u00a0<\/b>luego del revuelo y las cr\u00edticas que gener\u00f3 la viralizaci\u00f3n de la imagen.<\/p>\n<figure class=\"\" data-testid=\"figure-testid\">\n<div class=\"aspect_ratio__container\"><picture class=\"responsive-image\"><source srcset=\"https:\/\/tn.com.ar\/resizer\/AygDjUqIolgxA4uJyyn85BewNvk=\/767x0\/smart\/filters:format(webp)\/cloudfront-us-east-1.images.arcpublishing.com\/artear\/F4UFQTUHX5AQTLJS6CO32AMALY.jpeg\" type=\"image\/jpg\" media=\"(max-width: 728px)\" \/><source srcset=\"https:\/\/tn.com.ar\/resizer\/iUCbCP1e9weyYS7uWcwBg5u3AP4=\/1023x0\/smart\/filters:format(webp)\/cloudfront-us-east-1.images.arcpublishing.com\/artear\/F4UFQTUHX5AQTLJS6CO32AMALY.jpeg\" type=\"image\/jpg\" media=\"(max-width: 1023px)\" \/><source srcset=\"https:\/\/tn.com.ar\/resizer\/qnH9wOD3vN1I-EksZfTqNhfsQog=\/1440x0\/smart\/filters:format(webp)\/cloudfront-us-east-1.images.arcpublishing.com\/artear\/F4UFQTUHX5AQTLJS6CO32AMALY.jpeg\" type=\"image\/jpg\" \/><img loading=\"lazy\" decoding=\"async\" class=\"image content-image image_placeholder\" src=\"https:\/\/tn.com.ar\/resizer\/AygDjUqIolgxA4uJyyn85BewNvk=\/767x0\/smart\/filters:format(webp)\/cloudfront-us-east-1.images.arcpublishing.com\/artear\/F4UFQTUHX5AQTLJS6CO32AMALY.jpeg\" alt=\"La promesa de Graciela y su bordado al presidente. (Foto: gentileza Graciela D\u00edaz)\" width=\"767\" height=\"575\" data-testid=\"loading-testid\" \/><\/picture><\/div><figcaption class=\"caption_image\" data-testid=\"figcaption-testid\">\n<div class=\"image_caption\">La promesa de Graciela y su bordado al presidente.<\/div>\n<\/figcaption><\/figure>\n<p class=\"paragraph\">Si bien en un principio no vest\u00eda a la virgen del camar\u00edn, cuando muri\u00f3 una laica que realizaba ese trabajo, ella tom\u00f3 el lugar. Acostumbrada a realizar las distintos atuendos para la virgen, comenz\u00f3 a probar distintos estilos.<\/p>\n<p class=\"paragraph\">Sin embargo, en medio de la incertidumbre que se vivi\u00f3 durante el 2023, en pleno a\u00f1o electoral,\u00a0<b>Graciela hizo una promesa.\u00a0<\/b>\u201cTen\u00edamos miedo porque hab\u00eda incertidumbre.<b>\u00a0Fui a votar con miedo, rezando el rosario,\u00a0<\/b>y le ped\u00ed a la Virgen que me ayudara, que votara ella y vot\u00e9 a Milei, pero nunca tuve una ideolog\u00eda pol\u00edtica\u201d, cont\u00f3 la mujer.<\/p>\n<p class=\"paragraph\">Al d\u00eda siguiente de las elecciones, ya con el resultado, una vecina se acerc\u00f3 a su taller y le coment\u00f3 que tambi\u00e9n se hab\u00eda acercado a votar con miedo, pero que hab\u00eda hecho una promesa:\u00a0<b>\u201cMe dijo que al presidente electo le iba a regalar una imagen de la Virgen para que ella gu\u00ede a nuestro pa\u00eds\u201d,<\/b>\u00a0rememor\u00f3 Graciela.<\/p>\n<p class=\"paragraph\">\u201cMe dijo que iba a comprar en Las Grutas una imagen y se la iba a mandar de alguna manera. Ah\u00ed le dije que me espere, que le \u00edbamos a armar una como la que est\u00e1 en el camar\u00edn para envi\u00e1rsela\u201d, precis\u00f3.<\/p>\n<figure class=\"\" data-testid=\"figure-testid\">\n<div class=\"aspect_ratio__container\"><picture class=\"responsive-image\"><source srcset=\"https:\/\/tn.com.ar\/resizer\/tcieRNcoFQLWgQ4j7grvaz4Ncrg=\/767x0\/smart\/filters:format(webp)\/cloudfront-us-east-1.images.arcpublishing.com\/artear\/QISE5OYN2VH6DL6ZYGZ5XVIZGA.PNG\" type=\"image\/jpg\" media=\"(max-width: 728px)\" \/><source srcset=\"https:\/\/tn.com.ar\/resizer\/eTa4SANEwiaVwqlSsEIFuWWA4Xs=\/1023x0\/smart\/filters:format(webp)\/cloudfront-us-east-1.images.arcpublishing.com\/artear\/QISE5OYN2VH6DL6ZYGZ5XVIZGA.PNG\" type=\"image\/jpg\" media=\"(max-width: 1023px)\" \/><source srcset=\"https:\/\/tn.com.ar\/resizer\/iJPcVqRy_y9d65p1AQ3F0K2FdeM=\/1440x0\/smart\/filters:format(webp)\/cloudfront-us-east-1.images.arcpublishing.com\/artear\/QISE5OYN2VH6DL6ZYGZ5XVIZGA.PNG\" type=\"image\/jpg\" \/><img loading=\"lazy\" decoding=\"async\" class=\"image content-image image_placeholder\" src=\"https:\/\/tn.com.ar\/resizer\/tcieRNcoFQLWgQ4j7grvaz4Ncrg=\/767x0\/smart\/filters:format(webp)\/cloudfront-us-east-1.images.arcpublishing.com\/artear\/QISE5OYN2VH6DL6ZYGZ5XVIZGA.PNG\" alt=\"El secretario de Culto, Francisco S\u00e1nchez, particip\u00f3 de la misa de la Virgen y retir\u00f3 la imagen para llev\u00e1rsela a Milei. (Foto: gentileza El Ancasti)\" width=\"767\" height=\"497\" data-testid=\"loading-testid\" \/><\/picture><\/div><figcaption class=\"caption_image\" data-testid=\"figcaption-testid\">\n<div class=\"image_caption\">El secretario de Culto, Francisco S\u00e1nchez, particip\u00f3 de la misa de la Virgen y retir\u00f3 la imagen para llev\u00e1rsela a Milei.<\/div>\n<\/figcaption><\/figure>\n<p class=\"paragraph\">Con el tiempo fueron surgiendo las dudas hasta que tuvo una idea. \u201cEmpec\u00e9 a ver que el Presidente ten\u00eda su fe jud\u00eda, pero pens\u00e9 en que Mar\u00eda y Jos\u00e9 son jud\u00edos y nuestra religi\u00f3n proviene de all\u00ed, al igual que Jes\u00fas, quien nos ense\u00f1\u00f3 que nos amemos los unos a los otros\u201d, insisti\u00f3 la bordadora.<\/p>\n<p class=\"paragraph\">As\u00ed reafirm\u00f3 su postura y fue juntando ideas. Un sacerdote le aconsej\u00f3\u00a0<b>bordar los 24 escudos de las provincias\u00a0<\/b>y ella, en vez de bordarlos, le pidi\u00f3 la muestra de uno al orfebre con el que trabaja.<\/p>\n<p class=\"paragraph\">Sin embargo, el tiempo pas\u00f3 y el orfebre no daba se\u00f1ales. Hasta que un d\u00eda apareci\u00f3 y con los 24 escudos hechos. \u201cYo no sab\u00eda c\u00f3mo pagarlos porque soy jubilada con la m\u00ednima\u201d, detall\u00f3 Graciela. \u201cA un grupo de amigas les ped\u00ed si me ayudaban a pagarlos, les dije que era para Milei y le ped\u00ed a la Virgen. As\u00ed empez\u00f3 a aparecer el dinero, el material, cristales y piedras\u201d, se\u00f1al\u00f3.<\/p>\n<figure class=\"\" data-testid=\"figure-testid\">\n<div class=\"aspect_ratio__container\"><picture class=\"responsive-image\"><source srcset=\"https:\/\/tn.com.ar\/resizer\/qmdkFwVQpxe2Cgfxz-AavqjOWgU=\/767x0\/smart\/filters:format(webp)\/cloudfront-us-east-1.images.arcpublishing.com\/artear\/EBMYPJN4C5GKZDDW23DK672KNY.jpeg\" type=\"image\/jpg\" media=\"(max-width: 728px)\" \/><source srcset=\"https:\/\/tn.com.ar\/resizer\/JZY8ZV3PV26sQel-Ku6WrCIzCk8=\/1023x0\/smart\/filters:format(webp)\/cloudfront-us-east-1.images.arcpublishing.com\/artear\/EBMYPJN4C5GKZDDW23DK672KNY.jpeg\" type=\"image\/jpg\" media=\"(max-width: 1023px)\" \/><source srcset=\"https:\/\/tn.com.ar\/resizer\/wNmpBrNKapEKvrcT48ZbLF9miKE=\/1440x0\/smart\/filters:format(webp)\/cloudfront-us-east-1.images.arcpublishing.com\/artear\/EBMYPJN4C5GKZDDW23DK672KNY.jpeg\" type=\"image\/jpg\" \/><img loading=\"lazy\" decoding=\"async\" class=\"image content-image image_placeholder\" src=\"https:\/\/tn.com.ar\/resizer\/qmdkFwVQpxe2Cgfxz-AavqjOWgU=\/767x0\/smart\/filters:format(webp)\/cloudfront-us-east-1.images.arcpublishing.com\/artear\/EBMYPJN4C5GKZDDW23DK672KNY.jpeg\" alt=\"El bordado trasero. (Foto: gentileza Graciela D\u00edaz)\" width=\"767\" height=\"1704\" data-testid=\"loading-testid\" \/><\/picture><\/div><figcaption class=\"caption_image\" data-testid=\"figcaption-testid\">\n<div class=\"image_caption\">El bordado trasero.<\/div>\n<\/figcaption><\/figure>\n<p class=\"paragraph\">\u201cUn sacerdote de Gualeguaych\u00fa me aconsej\u00f3<b>\u00a0bordar a San Rafael Arc\u00e1ngel y Tob\u00edas,<\/b>\u00a0que representa la medicina. Me dijo que era para que Dios gu\u00ede al Presidente porque Argentina est\u00e1 enferma. Otro sacerdote de Buenos Aires me sugiri\u00f3 bordar la\u00a0<b>Divina Misericordia\u00a0<\/b>y poner la leyenda\u00a0<b>\u2018yo soy el camino, la verdad y la vida\u2019.<\/b>\u00a0El manto es totalmente teol\u00f3gico, est\u00e1 lleno de referencias, habla de Dios, no de pol\u00edtica\u201d, insisti\u00f3 la mujer.<\/p>\n<p class=\"paragraph\">Finalmente, hubo otro cura que le dio la idea de<b>\u00a0bordar el encuentro del Papa Francisco con el mandatario<\/b>. \u201cPorque fue el\u00a0<b>abrazo de la reconciliaci\u00f3n y el perd\u00f3n<\/b>\u201d, sostuvo.<\/p>\n<p class=\"paragraph\">\u201cLleva arabescos, que representan las olas del mar turbulentas cuando hay tormentas\u201d, coment\u00f3. El trabajo, que en cualquier otro contexto llevar\u00eda tres meses de producci\u00f3n, se realiz\u00f3 en apenas 15 d\u00edas.<\/p>\n<figure class=\"\" data-testid=\"figure-testid\">\n<div class=\"aspect_ratio__container\"><picture class=\"responsive-image\"><source srcset=\"https:\/\/tn.com.ar\/resizer\/cTxuQoGI-403t3-sEqlytE2j_m8=\/767x0\/smart\/filters:format(webp)\/cloudfront-us-east-1.images.arcpublishing.com\/artear\/5QQXBOGXG5FSNHQ5ERSCX4QTC4.jpeg\" type=\"image\/jpg\" media=\"(max-width: 728px)\" \/><source srcset=\"https:\/\/tn.com.ar\/resizer\/IQ4BzTbINHuh8VrW1VH6H-mtmqE=\/1023x0\/smart\/filters:format(webp)\/cloudfront-us-east-1.images.arcpublishing.com\/artear\/5QQXBOGXG5FSNHQ5ERSCX4QTC4.jpeg\" type=\"image\/jpg\" media=\"(max-width: 1023px)\" \/><source srcset=\"https:\/\/tn.com.ar\/resizer\/dDr1DjfiJiPhLELyOQn-wEC5Yxg=\/1440x0\/smart\/filters:format(webp)\/cloudfront-us-east-1.images.arcpublishing.com\/artear\/5QQXBOGXG5FSNHQ5ERSCX4QTC4.jpeg\" type=\"image\/jpg\" \/><img loading=\"lazy\" decoding=\"async\" class=\"image content-image image_placeholder\" src=\"https:\/\/tn.com.ar\/resizer\/cTxuQoGI-403t3-sEqlytE2j_m8=\/767x0\/smart\/filters:format(webp)\/cloudfront-us-east-1.images.arcpublishing.com\/artear\/5QQXBOGXG5FSNHQ5ERSCX4QTC4.jpeg\" alt=\"El bordado junto a los escudos provinciales. (Foto: gentileza Graciela D\u00edaz)\" width=\"767\" height=\"1704\" data-testid=\"loading-testid\" \/><\/picture><\/div><figcaption class=\"caption_image\" data-testid=\"figcaption-testid\">\n<div class=\"image_caption\">El bordado junto a los escudos provinciales.<\/div>\n<\/figcaption><\/figure>\n<p class=\"paragraph\">\u201cEl Obispo diocesano, Monse\u00f1or Luis Urban\u010d solo la bendijo y la entreg\u00f3 en la misa providencial. No intervino en nada m\u00e1s. No lo buscamos, fue una diputada libertaria la que se comunic\u00f3 con el Secretario de Culto de la Naci\u00f3n, Francisco S\u00e1nchez, luego de que el Presidente aceptara recibirla y lo envi\u00f3 a \u00e9l para que se la lleve\u201d, detall\u00f3. La imagen del bordado en el manto que cubre a la Virgen del Valle recorri\u00f3 las redes sociales y Graciela se mostr\u00f3 un poco molesta por los comentarios que recibi\u00f3. \u201cCuesta tanto ver el amor enredado en tanta miseria, la generosidad de un taller humilde de mujeres dom\u00e9sticas. Somos 13 que bordamos y cuatro me ayudaron en el manto, nada m\u00e1s.<b>\u00a0No intervino ning\u00fan sacerdote ni el obispo, fue decisi\u00f3n nuestra\u201d<\/b>, aclar\u00f3.<\/p>\n<p class=\"paragraph\">Graciela lleva\u00a0<b>m\u00e1s de 400 mantos bordados en 28 a\u00f1os de trabaj<\/b>o solidario en la Catedral. \u201cAc\u00e1 no hubo pol\u00edtica, sino amor y esperanza de que vamos a salir adelante, de que Dios nos va a ayudar siempre y no nos va a abandonar\u201d, remarc\u00f3 con deseo.<\/p>\n<figure class=\"\" data-testid=\"figure-testid\">\n<div class=\"aspect_ratio__container\"><picture class=\"responsive-image\"><source srcset=\"https:\/\/tn.com.ar\/resizer\/tIWviRp49yt0lM9wAWjIRMgjCIk=\/767x0\/smart\/filters:format(webp)\/cloudfront-us-east-1.images.arcpublishing.com\/artear\/FNXIWC366RGTVE5A5YIBKEL2OI.jpeg\" type=\"image\/jpg\" media=\"(max-width: 728px)\" \/><source srcset=\"https:\/\/tn.com.ar\/resizer\/rmB8MxFGDMPoG1L4AGZlCBFzuak=\/1023x0\/smart\/filters:format(webp)\/cloudfront-us-east-1.images.arcpublishing.com\/artear\/FNXIWC366RGTVE5A5YIBKEL2OI.jpeg\" type=\"image\/jpg\" media=\"(max-width: 1023px)\" \/><source srcset=\"https:\/\/tn.com.ar\/resizer\/cQJcWDWTJzQ-pbrUm7byqiTlC4U=\/1440x0\/smart\/filters:format(webp)\/cloudfront-us-east-1.images.arcpublishing.com\/artear\/FNXIWC366RGTVE5A5YIBKEL2OI.jpeg\" type=\"image\/jpg\" \/><img loading=\"lazy\" decoding=\"async\" class=\"image content-image image_placeholder\" src=\"https:\/\/tn.com.ar\/resizer\/tIWviRp49yt0lM9wAWjIRMgjCIk=\/767x0\/smart\/filters:format(webp)\/cloudfront-us-east-1.images.arcpublishing.com\/artear\/FNXIWC366RGTVE5A5YIBKEL2OI.jpeg\" alt=\"El trabajo de Graciela y su taller. (Foto: gentileza Graciela D\u00edaz)\" width=\"767\" height=\"345\" data-testid=\"loading-testid\" \/><\/picture><\/div><figcaption class=\"caption_image\" data-testid=\"figcaption-testid\">\n<div class=\"image_caption\">El trabajo de Graciela y su taller.<\/div>\n<\/figcaption><\/figure>\n<p class=\"paragraph\">Por \u00faltimo, complet\u00f3: \u201cLa Virgen es muy poderosa, lo va a ayudar mucho, cuando la tribulaci\u00f3n es grande la gloria de Dios es mucho m\u00e1s, por eso estoy feliz y tranquila\u201d.<\/p>\n<\/div>\n<p>&nbsp;<\/p>\n<\/div>\n<\/div>\n","protected":false},"excerpt":{"rendered":"<p>Se la entregar\u00e1n al Presidente Un grupo de fieles de la Catedral Bas\u00edlica de Catamarca llev\u00f3 a cabo el minucioso trabajo para cumplir una promesa que hab\u00edan hecho en las elecciones generales del a\u00f1o pasado. El\u00a0encuentro entre Javier Milei y el Papa Francisco, que ocurri\u00f3 a mediados de febrero, lim\u00f3 las asperezas entre ambos luego &hellip;<\/p>\n","protected":false},"author":2,"featured_media":2299,"comment_status":"open","ping_status":"open","sticky":false,"template":"","format":"standard","meta":{"footnotes":""},"categories":[54,33],"tags":[539,538],"class_list":["post-2296","post","type-post","status-publish","format-standard","has-post-thumbnail","hentry","category-interes-ganeral","category-nacionales","tag-manto-de-la-virgen","tag-papa-y-javier-milei"],"_links":{"self":[{"href":"https:\/\/cafeprensa.com.ar\/index.php\/wp-json\/wp\/v2\/posts\/2296","targetHints":{"allow":["GET"]}}],"collection":[{"href":"https:\/\/cafeprensa.com.ar\/index.php\/wp-json\/wp\/v2\/posts"}],"about":[{"href":"https:\/\/cafeprensa.com.ar\/index.php\/wp-json\/wp\/v2\/types\/post"}],"author":[{"embeddable":true,"href":"https:\/\/cafeprensa.com.ar\/index.php\/wp-json\/wp\/v2\/users\/2"}],"replies":[{"embeddable":true,"href":"https:\/\/cafeprensa.com.ar\/index.php\/wp-json\/wp\/v2\/comments?post=2296"}],"version-history":[{"count":2,"href":"https:\/\/cafeprensa.com.ar\/index.php\/wp-json\/wp\/v2\/posts\/2296\/revisions"}],"predecessor-version":[{"id":2301,"href":"https:\/\/cafeprensa.com.ar\/index.php\/wp-json\/wp\/v2\/posts\/2296\/revisions\/2301"}],"wp:featuredmedia":[{"embeddable":true,"href":"https:\/\/cafeprensa.com.ar\/index.php\/wp-json\/wp\/v2\/media\/2299"}],"wp:attachment":[{"href":"https:\/\/cafeprensa.com.ar\/index.php\/wp-json\/wp\/v2\/media?parent=2296"}],"wp:term":[{"taxonomy":"category","embeddable":true,"href":"https:\/\/cafeprensa.com.ar\/index.php\/wp-json\/wp\/v2\/categories?post=2296"},{"taxonomy":"post_tag","embeddable":true,"href":"https:\/\/cafeprensa.com.ar\/index.php\/wp-json\/wp\/v2\/tags?post=2296"}],"curies":[{"name":"wp","href":"https:\/\/api.w.org\/{rel}","templated":true}]}}