{"id":2302,"date":"2024-04-16T13:52:22","date_gmt":"2024-04-16T11:52:22","guid":{"rendered":"https:\/\/cafeprensa.com.ar\/?p=2302"},"modified":"2024-04-16T13:52:22","modified_gmt":"2024-04-16T11:52:22","slug":"buscan-municipalizar-los-balnearios-de-punta-mogotes-en-mar-del-plata","status":"publish","type":"post","link":"https:\/\/cafeprensa.com.ar\/index.php\/2024\/04\/16\/buscan-municipalizar-los-balnearios-de-punta-mogotes-en-mar-del-plata\/","title":{"rendered":"Buscan municipalizar los balnearios de Punta Mogotes en Mar del Plata"},"content":{"rendered":"<div class=\"post-content\">\n<p>En la legislatura de la provincia de Buenos Aires se debate la posibilidad de transferir a la municipalidad de General Pueyrred\u00f3n el complejo Punta Mogotes.<\/p>\n<\/div>\n<div class=\"contenido-post\">\n<p>Legisladores marplatenses que integran la bancada UCR+Cambio Federal son los que buscan avanzar en lo que puede considerarse un \u201creclamo hist\u00f3rico\u201d de la municipalidad de General Pueyrred\u00f3n y la ciudad de Mar del Plata.<\/p>\n<p>A trav\u00e9s de la presentaci\u00f3n de dos proyectos de ley, una en cada una de las C\u00e1maras, se busca la transferencia de la Municipalidad de General Pueyrred\u00f3n de la totalidad de la administraci\u00f3n del complejo de Punta Mogotes, que est\u00e1 a cargo de una entidad compartida entre el Ejecutivo local y el gobierno de la provincia de Buenos Aires.<\/p>\n<p>Dicha presentaci\u00f3n fue realizada por el titular de la bancada opositora\u00a0<strong>Diego Garciarena<\/strong>, en la C\u00e1mara baja, y por el senador radical\u00a0<strong>Ariel Bordaisco<\/strong>, en la C\u00e1mara alta, y all\u00ed solicitaron que el municipio a cargo actualmente del intendente\u00a0<strong>Guillermo Montenegro<\/strong>\u00a0sea quien est\u00e9 totalmente a cargo de la \u201cadministraci\u00f3n, explotaci\u00f3n, uso y goce\u201d de la fracci\u00f3n de 104 hect\u00e1reas donde actualmente funciona el complejo de Punta Mogotes, en Mar del Plata.<\/p>\n<p>En este sentido, los autores en sus \u201cproyectos espejos\u201d manifiestan la necesidad de disolver el ente \u201cAdministraci\u00f3n Punta Mogotes\u201d creado en agosto de 1984 a trav\u00e9s de un convenio entre el municipio de Mar del Plata y el Ejecutivo bonaerense, un reclamo que tiene como antecedentes las iniciativas legislativas presentadas por los diputados socialistas marplatense, ambos mandatos cumplidos,\u00a0<strong>Carlos Nivio<\/strong>\u00a0y\u00a0<strong>Alfredo Lazzeretti<\/strong>.<\/p>\n<p>\u201cMar del Plata recuperar\u00eda para s\u00ed uno de los m\u00e1s importantes sectores costeros y de playas que tiene la ciudad, en la cual miles de marplatenses realizan actividades de esparcimiento; y posibilitar\u00e1 ir hacia un desarrollo sostenible de los recursos tur\u00edsticos que conlleven una mejora de la calidad de la infraestructura\u201d, indic\u00f3 el diputado de Cambio Federal Garciarena en los fundamentos del proyecto.<\/p>\n<p>Asimismo, el proyecto de ley aclara que la municipalidad de Mar del Plata \u201cdeber\u00e1 respetar los derechos de terceros emergentes\u201d de los convenios de la <em><strong>\u2018Administraci\u00f3n Punta Mogotes\u2019<\/strong><\/em> en relaci\u00f3n con las funciones y servicios transferidos, pero las \u201cconsecuencias de las acciones litigiosas que hubieran sido iniciadas quedar\u00e1n a cargo de provincia\u201d.<\/p>\n<p>Cabe destacar que, el complejo de <em><strong>Punta Mogotes tiene una extensi\u00f3n de 2,5 kil\u00f3metros en la costa de Mar del Plata<\/strong><\/em> y en cada temporada de verano funcionan 24 balnearios con una amplia gama de locales gastron\u00f3micos y sectores recreativos.<\/p>\n<p>En rigor, la administraci\u00f3n compartida, del municipio y la provincia, deb\u00eda regir en un per\u00edodo limitado para \u201crecuperar lo invertido\u201d por el Estado bonaerense en la construcci\u00f3n del complejo Punta Mogotes durante la administraci\u00f3n que rigi\u00f3 en la Dictadura Militar denominada \u201cproyectos especiales Mar del Plata Sociedad del Estado\u201d.<\/p>\n<p>En ese entonces, la administraci\u00f3n de facto en territorio bonaerense ejecut\u00f3 gastos entre 1980 y 1982 para construir el complejo Punta Mogotes, los cuales fueron \u201cmuy superiores a los costos previstos de la obra, en un marco de carencia de controles y decisiones autoritarias\u201d, seg\u00fan se consigna en los fundamentos de la iniciativa.<\/p>\n<p>Es por ello que se se\u00f1ala que el endeudamiento con el Banco Provincia qued\u00f3 normalizado en 1996, y desde entonces nunca se disolvi\u00f3 la \u201cAdministraci\u00f3n Punta Mogotes\u201d que cuenta con un 70 % de titularidad del gobierno bonaerense.<\/p>\n<\/div>\n","protected":false},"excerpt":{"rendered":"<p>En la legislatura de la provincia de Buenos Aires se debate la posibilidad de transferir a la municipalidad de General Pueyrred\u00f3n el complejo Punta Mogotes. Legisladores marplatenses que integran la bancada UCR+Cambio Federal son los que buscan avanzar en lo que puede considerarse un \u201creclamo hist\u00f3rico\u201d de la municipalidad de General Pueyrred\u00f3n y la ciudad &hellip;<\/p>\n","protected":false},"author":2,"featured_media":2303,"comment_status":"open","ping_status":"open","sticky":false,"template":"","format":"standard","meta":{"footnotes":""},"categories":[54,33],"tags":[540,542,541],"class_list":["post-2302","post","type-post","status-publish","format-standard","has-post-thumbnail","hentry","category-interes-ganeral","category-nacionales","tag-mar-del-plata","tag-playas","tag-punta-mogote"],"_links":{"self":[{"href":"https:\/\/cafeprensa.com.ar\/index.php\/wp-json\/wp\/v2\/posts\/2302","targetHints":{"allow":["GET"]}}],"collection":[{"href":"https:\/\/cafeprensa.com.ar\/index.php\/wp-json\/wp\/v2\/posts"}],"about":[{"href":"https:\/\/cafeprensa.com.ar\/index.php\/wp-json\/wp\/v2\/types\/post"}],"author":[{"embeddable":true,"href":"https:\/\/cafeprensa.com.ar\/index.php\/wp-json\/wp\/v2\/users\/2"}],"replies":[{"embeddable":true,"href":"https:\/\/cafeprensa.com.ar\/index.php\/wp-json\/wp\/v2\/comments?post=2302"}],"version-history":[{"count":1,"href":"https:\/\/cafeprensa.com.ar\/index.php\/wp-json\/wp\/v2\/posts\/2302\/revisions"}],"predecessor-version":[{"id":2304,"href":"https:\/\/cafeprensa.com.ar\/index.php\/wp-json\/wp\/v2\/posts\/2302\/revisions\/2304"}],"wp:featuredmedia":[{"embeddable":true,"href":"https:\/\/cafeprensa.com.ar\/index.php\/wp-json\/wp\/v2\/media\/2303"}],"wp:attachment":[{"href":"https:\/\/cafeprensa.com.ar\/index.php\/wp-json\/wp\/v2\/media?parent=2302"}],"wp:term":[{"taxonomy":"category","embeddable":true,"href":"https:\/\/cafeprensa.com.ar\/index.php\/wp-json\/wp\/v2\/categories?post=2302"},{"taxonomy":"post_tag","embeddable":true,"href":"https:\/\/cafeprensa.com.ar\/index.php\/wp-json\/wp\/v2\/tags?post=2302"}],"curies":[{"name":"wp","href":"https:\/\/api.w.org\/{rel}","templated":true}]}}