{"id":2305,"date":"2024-04-17T12:40:33","date_gmt":"2024-04-17T10:40:33","guid":{"rendered":"https:\/\/cafeprensa.com.ar\/?p=2305"},"modified":"2024-04-17T12:40:33","modified_gmt":"2024-04-17T10:40:33","slug":"la-bancaria-reunio-un-millon-de-firmas","status":"publish","type":"post","link":"https:\/\/cafeprensa.com.ar\/index.php\/2024\/04\/17\/la-bancaria-reunio-un-millon-de-firmas\/","title":{"rendered":"La Bancaria reuni\u00f3 un mill\u00f3n de firmas"},"content":{"rendered":"<h1 class=\"title\">En contra de la privatizaci\u00f3n del Banco Naci\u00f3n<\/h1>\n<p class=\"description separatorlines\">En un contundente gesto de rechazo a la venta del BNA, el sindicato bancario lleg\u00f3 a su objetivo. Los detalles del plan de lucha que llevar\u00e1n a cabo. Esta masiva muestra de apoyo a la entidad financiera nacional fue anunciada por el secretario general del sindicato y diputado nacional, <b>Sergio Palazzo<\/b>.<\/p>\n<div class=\"at-vc\">\n<div id=\"vsmcontent\" class=\"content vsmcontent\">\n<p><em><strong>Palazzo comunic\u00f3 que las firmas ser\u00e1n presentadas junto con un proyecto de ley elaborado por \u00e9l mismo y su colega Carlos Cisneros.\u00a0<\/strong><\/em><\/p>\n<p>Este proyecto busca garantizar la protecci\u00f3n del Banco Naci\u00f3n de cualquier intento de privatizaci\u00f3n, ya sea parcial o total, as\u00ed como su transformaci\u00f3n en una Sociedad An\u00f3nima.<\/p>\n<p class=\"ptitle\"><b>C\u00d3MO CONTIN\u00daA EL PLAN DE LUCHA<\/b><\/p>\n<p>Para respaldar la presentaci\u00f3n de este proyecto de ley, La Bancaria convoc\u00f3 a una asamblea y movilizaci\u00f3n que se llevar\u00e1 a cabo\u00a0<span class=\"highlight\">el pr\u00f3ximo jueves 25 en las inmediaciones del Congreso Nacional<\/span>.<\/p>\n<p>En un comunicado emitido por el sindicato, se hizo un llamado a todos los trabajadores y trabajadoras del Banco Naci\u00f3n, as\u00ed como a la ciudadan\u00eda en general, a participar en esta movilizaci\u00f3n en defensa del banco y de los intereses nacionales.<\/p>\n<p>Previo a esta gran movilizaci\u00f3n,\u00a0<span class=\"highlight\">programaron un plenario de delegados y delegadas de sucursales y oficinas<\/span>\u00a0para el d\u00eda lunes 22 a las 16 horas.<\/p>\n<p>En este encuentro se espera discutir estrategias y acciones a seguir para proteger al Banco Naci\u00f3n de cualquier amenaza de privatizaci\u00f3n.<\/p>\n<figure class=\"vsmimage\" contenteditable=\"false\"><img loading=\"lazy\" decoding=\"async\" id=\"imgv49170v23\" src=\"https:\/\/www.enteratenoticias.com.ar\/files\/image\/9\/9301\/661ef25a71770.webp?oe=jpg\" alt=\"La Bancaria reuni\u00f3 un mill\u00f3n de firmas en contra de la privatizaci\u00f3n del Banco Naci\u00f3n\" width=\"488\" height=\"675\" data-vsmid=\"9301\" data-owidth=\"488\" data-oheight=\"675\" \/><\/figure>\n<\/div>\n<\/div>\n<section id=\"tags-content-9476\" class=\"tag-section\">\n<header class=\"tag-section-header\"><\/header>\n<\/section>\n","protected":false},"excerpt":{"rendered":"<p>En contra de la privatizaci\u00f3n del Banco Naci\u00f3n En un contundente gesto de rechazo a la venta del BNA, el sindicato bancario lleg\u00f3 a su objetivo. Los detalles del plan de lucha que llevar\u00e1n a cabo. Esta masiva muestra de apoyo a la entidad financiera nacional fue anunciada por el secretario general del sindicato y &hellip;<\/p>\n","protected":false},"author":2,"featured_media":2309,"comment_status":"open","ping_status":"open","sticky":false,"template":"","format":"standard","meta":{"footnotes":""},"categories":[54,33],"tags":[544,543,545],"class_list":["post-2305","post","type-post","status-publish","format-standard","has-post-thumbnail","hentry","category-interes-ganeral","category-nacionales","tag-bancaria","tag-banco-nacion","tag-cisnero"],"_links":{"self":[{"href":"https:\/\/cafeprensa.com.ar\/index.php\/wp-json\/wp\/v2\/posts\/2305","targetHints":{"allow":["GET"]}}],"collection":[{"href":"https:\/\/cafeprensa.com.ar\/index.php\/wp-json\/wp\/v2\/posts"}],"about":[{"href":"https:\/\/cafeprensa.com.ar\/index.php\/wp-json\/wp\/v2\/types\/post"}],"author":[{"embeddable":true,"href":"https:\/\/cafeprensa.com.ar\/index.php\/wp-json\/wp\/v2\/users\/2"}],"replies":[{"embeddable":true,"href":"https:\/\/cafeprensa.com.ar\/index.php\/wp-json\/wp\/v2\/comments?post=2305"}],"version-history":[{"count":1,"href":"https:\/\/cafeprensa.com.ar\/index.php\/wp-json\/wp\/v2\/posts\/2305\/revisions"}],"predecessor-version":[{"id":2310,"href":"https:\/\/cafeprensa.com.ar\/index.php\/wp-json\/wp\/v2\/posts\/2305\/revisions\/2310"}],"wp:featuredmedia":[{"embeddable":true,"href":"https:\/\/cafeprensa.com.ar\/index.php\/wp-json\/wp\/v2\/media\/2309"}],"wp:attachment":[{"href":"https:\/\/cafeprensa.com.ar\/index.php\/wp-json\/wp\/v2\/media?parent=2305"}],"wp:term":[{"taxonomy":"category","embeddable":true,"href":"https:\/\/cafeprensa.com.ar\/index.php\/wp-json\/wp\/v2\/categories?post=2305"},{"taxonomy":"post_tag","embeddable":true,"href":"https:\/\/cafeprensa.com.ar\/index.php\/wp-json\/wp\/v2\/tags?post=2305"}],"curies":[{"name":"wp","href":"https:\/\/api.w.org\/{rel}","templated":true}]}}