{"id":2306,"date":"2024-04-17T12:39:33","date_gmt":"2024-04-17T10:39:33","guid":{"rendered":"https:\/\/cafeprensa.com.ar\/?p=2306"},"modified":"2024-04-17T12:39:33","modified_gmt":"2024-04-17T10:39:33","slug":"difundiran-el-documental-soy-bernabe-araoz-en-las-escuelas","status":"publish","type":"post","link":"https:\/\/cafeprensa.com.ar\/index.php\/2024\/04\/17\/difundiran-el-documental-soy-bernabe-araoz-en-las-escuelas\/","title":{"rendered":"Difundir\u00e1n el documental \u00abSoy Bernab\u00e9 Ar\u00e1oz\u00bb en las escuelas"},"content":{"rendered":"<div class=\"post-header-area\">\n<p class=\"sumario\">La ministra de Educacion de la Provincia Susana Montaldo recibi\u00f3 al historiador Facundo Nanni, guionista del film.<\/p>\n<\/div>\n<div class=\"post-content-area\">\n<div>\n<p><strong>Susana Montaldo, j<\/strong>unto a la secretaria del \u00e1rea,\u00a0<strong>Mar\u00eda Gabriela Gallardo<\/strong>\u00a0se reuni\u00f3 d\u00edas pasados con el historiador\u00a0<strong>Facundo Nanni<\/strong>\u00a0para avanzar en el planeamiento conjunto en la difusi\u00f3n del documental\u00a0<strong>\u00abSoy Bernab\u00e9 Ar\u00e1oz\u00bb<\/strong>, que se realiza en conmemoraci\u00f3n de los 200 a\u00f1os de la muerte del caudillo, primer gobernador de Tucum\u00e1n, que ocurri\u00f3 un 24 de marzo de 1824.<\/p>\n<p>El film cuenta con la direcci\u00f3n del escritor\u00a0<strong>Fabian Sober\u00f3n<\/strong>\u00a0y la realizaci\u00f3n del gui\u00f3n hist\u00f3rico por el profesor Nanni.<\/p>\n<p>\u201cNuestro ministerio trabajar\u00e1 en la divulgaci\u00f3n para transmitirlo en instituciones escolares y de formaci\u00f3n pedag\u00f3gica\u201d, indic\u00f3 la ministra.<\/p>\n<\/div>\n<\/div>\n","protected":false},"excerpt":{"rendered":"<p>La ministra de Educacion de la Provincia Susana Montaldo recibi\u00f3 al historiador Facundo Nanni, guionista del film. Susana Montaldo, junto a la secretaria del \u00e1rea,\u00a0Mar\u00eda Gabriela Gallardo\u00a0se reuni\u00f3 d\u00edas pasados con el historiador\u00a0Facundo Nanni\u00a0para avanzar en el planeamiento conjunto en la difusi\u00f3n del documental\u00a0\u00abSoy Bernab\u00e9 Ar\u00e1oz\u00bb, que se realiza en conmemoraci\u00f3n de los 200 a\u00f1os &hellip;<\/p>\n","protected":false},"author":2,"featured_media":2307,"comment_status":"open","ping_status":"open","sticky":false,"template":"","format":"standard","meta":{"footnotes":""},"categories":[38,34],"tags":[318,397],"class_list":["post-2306","post","type-post","status-publish","format-standard","has-post-thumbnail","hentry","category-educacion","category-locales","tag-ministerio-de-educacion","tag-susana-montaldo"],"_links":{"self":[{"href":"https:\/\/cafeprensa.com.ar\/index.php\/wp-json\/wp\/v2\/posts\/2306","targetHints":{"allow":["GET"]}}],"collection":[{"href":"https:\/\/cafeprensa.com.ar\/index.php\/wp-json\/wp\/v2\/posts"}],"about":[{"href":"https:\/\/cafeprensa.com.ar\/index.php\/wp-json\/wp\/v2\/types\/post"}],"author":[{"embeddable":true,"href":"https:\/\/cafeprensa.com.ar\/index.php\/wp-json\/wp\/v2\/users\/2"}],"replies":[{"embeddable":true,"href":"https:\/\/cafeprensa.com.ar\/index.php\/wp-json\/wp\/v2\/comments?post=2306"}],"version-history":[{"count":1,"href":"https:\/\/cafeprensa.com.ar\/index.php\/wp-json\/wp\/v2\/posts\/2306\/revisions"}],"predecessor-version":[{"id":2308,"href":"https:\/\/cafeprensa.com.ar\/index.php\/wp-json\/wp\/v2\/posts\/2306\/revisions\/2308"}],"wp:featuredmedia":[{"embeddable":true,"href":"https:\/\/cafeprensa.com.ar\/index.php\/wp-json\/wp\/v2\/media\/2307"}],"wp:attachment":[{"href":"https:\/\/cafeprensa.com.ar\/index.php\/wp-json\/wp\/v2\/media?parent=2306"}],"wp:term":[{"taxonomy":"category","embeddable":true,"href":"https:\/\/cafeprensa.com.ar\/index.php\/wp-json\/wp\/v2\/categories?post=2306"},{"taxonomy":"post_tag","embeddable":true,"href":"https:\/\/cafeprensa.com.ar\/index.php\/wp-json\/wp\/v2\/tags?post=2306"}],"curies":[{"name":"wp","href":"https:\/\/api.w.org\/{rel}","templated":true}]}}