{"id":2314,"date":"2024-04-17T13:20:15","date_gmt":"2024-04-17T11:20:15","guid":{"rendered":"https:\/\/cafeprensa.com.ar\/?p=2314"},"modified":"2024-04-17T13:22:46","modified_gmt":"2024-04-17T11:22:46","slug":"hay-fuerzas-iranies-en-bolivia","status":"publish","type":"post","link":"https:\/\/cafeprensa.com.ar\/index.php\/2024\/04\/17\/hay-fuerzas-iranies-en-bolivia\/","title":{"rendered":"Hay fuerzas iran\u00edes en Bolivia"},"content":{"rendered":"<header class=\"article-header-wrapper\">\n<div class=\"article-header \">\n<p id=\"patricia-bullrich-denuncio-que-hay-fuerzas-iranies-en-bolivia:-&quot;tenemos-el-maximo-nivel-de-alerta-de-seguridad&quot;\" class=\"article-headline left \">Patricia Bullrich: \u201cTenemos el m\u00e1ximo nivel de alerta de seguridad\u201d.<\/p>\n<p class=\"article-subheadline left \">La ministra de Seguridad dijo que el Gobierno investiga la existencia de personas que no hablan espa\u00f1ol, pero tienen pasaporte boliviano. \u201cNo hemos visto entrar ninguno, pero es una hip\u00f3tesis que manejamos\u201d, advirti\u00f3<\/p>\n<\/div>\n<\/header>\n<article class=\"article\">\n<div class=\"body-article\">\n<p class=\"paragraph\" data-mrf-recirculation=\"Links inline\">La ministra de Seguridad,\u00a0<b>Patricia Bullrich<\/b>, alert\u00f3 sobre la presencia de\u00a0<b>combatientes iran\u00edes en la frontera con Bolivia<\/b>\u00a0y, adem\u00e1s, confirm\u00f3 que el Gobierno investiga si esos mismos miembros del sector armado cuentan con pasaporte boliviano que &#8211; eventualmente- podr\u00edan utilizar para ingresar a Argentina. Por otro lado, ratific\u00f3 el apoyo de<b>\u00a0Javier Milei<\/b> a Israel y EEUU y agreg\u00f3: \u201cLos mensajes pol\u00edticamente correctos como el llamamiento a la paz no son la posici\u00f3n argentina\u201d.<\/p>\n<p class=\"paragraph\" data-mrf-recirculation=\"Links inline\">\u201cArgentina y el gobierno del presidente Milei ha tomado una decisi\u00f3n que es estrat\u00e9gica e hist\u00f3rica, que es no jugar a medias tintas, sino jugar claramente del lado occidental democr\u00e1tico del mundo. Y esto implica una decisi\u00f3n que, pensada hist\u00f3ricamente va a traer muchos r\u00e9ditos a la Argentina. Si uno lo quiere mirar desde la perspectiva de la seguridad, yo dir\u00eda que hoy el continente latinoamericano es un continente que no est\u00e1 fuera de la zona de problemas que puede tener la realidad de Medio Oriente. \u00bfPor qu\u00e9? Porque<b>\u00a0nosotros tenemos c\u00e9lulas de Hezbollah en la Triple Frontera: Argentina, Paraguay y Argentina<\/b>, donde tenemos activado el comando de la Triple Frontera\u201d, explic\u00f3 Bullrich.<\/p>\n<p class=\"paragraph\" data-mrf-recirculation=\"Links inline\">Durante una entrevista con\u00a0<i>LN+<\/i>, la funcionaria denunci\u00f3 que \u201cHezbollah tiene c\u00e9lulas en Chile, en Iquique, tiene c\u00e9lulas que se descubrieron el a\u00f1o pasado pero dos se escaparon a San Pablo\u201d. Y a\u00f1adi\u00f3: \u201cTiene c\u00e9lulas en la triple frontera. Personas que env\u00edan dinero. Por supuesto que todo aquello que nosotros descubrimos inmediatamente judicializados\u201d.<\/p>\n<p class=\"paragraph\" data-mrf-recirculation=\"Links inline\">Adem\u00e1s, reconoci\u00f3 que el Gobierno comparte la preocupaci\u00f3n que tiene EEUU por la frontera con Bolivia: \u201cAh\u00ed tenemos el m\u00e1ximo nivel de alerta de seguridad del pa\u00eds porque<b>\u00a0ha habido un memor\u00e1ndum firmado por Bolivia e Ir\u00e1n.\u00a0<\/b>Hay presencia de miembros iran\u00edes de las fuerzas Quds, que son las fuerzas de alguna manera combatientes, una de las ramas armadas.<b>\u00a0Estamos analizando si hay personas que no hablan espa\u00f1ol y que tienen pasaportes bolivianos.\u00a0<\/b>No hemos visto entrar ninguno de ellos pero es una hip\u00f3tesis que manejamos como una posibilidad\u201d.<\/p>\n<div class=\"visual__image\"><img loading=\"lazy\" decoding=\"async\" class=\"\" src=\"https:\/\/www.infobae.com\/new-resizer\/xdcFViEOwNdNpv0C04nR0HKw1OI=\/420x315\/filters:format(webp):quality(85)\/cloudfront-us-east-1.images.arcpublishing.com\/infobae\/Y3OH2YXLYBDURGZQRESYIOQB5U.jpg%20420w\" sizes=\"auto, (min-width: 1560px) 856px, (min-width: 1000px) calc(74.63vw - 293px), (min-width: 780px) calc(100vw - 376px), (min-width: 580px) calc(100vw - 32px), 100vw\" srcset=\"https:\/\/www.infobae.com\/new-resizer\/xdcFViEOwNdNpv0C04nR0HKw1OI=\/420x315\/filters:format(webp):quality(85)\/cloudfront-us-east-1.images.arcpublishing.com\/infobae\/Y3OH2YXLYBDURGZQRESYIOQB5U.jpg 420w,https:\/\/www.infobae.com\/new-resizer\/HPh8RXi-Iq3vWnmgwQqyfVsbFpA=\/768x576\/filters:format(webp):quality(85)\/cloudfront-us-east-1.images.arcpublishing.com\/infobae\/Y3OH2YXLYBDURGZQRESYIOQB5U.jpg 768w,https:\/\/www.infobae.com\/new-resizer\/P6JhrXD9rv3te7jK1QBWlRC4Q38=\/992x744\/filters:format(webp):quality(85)\/cloudfront-us-east-1.images.arcpublishing.com\/infobae\/Y3OH2YXLYBDURGZQRESYIOQB5U.jpg 992w,https:\/\/www.infobae.com\/new-resizer\/lByotfjkQmTBh8p1tK389dFmAPg=\/1200x900\/filters:format(webp):quality(85)\/cloudfront-us-east-1.images.arcpublishing.com\/infobae\/Y3OH2YXLYBDURGZQRESYIOQB5U.jpg 1200w,https:\/\/www.infobae.com\/new-resizer\/iuME6KkwrSJu8YeFbsHPj9_XI7Y=\/1440x1080\/filters:format(webp):quality(85)\/cloudfront-us-east-1.images.arcpublishing.com\/infobae\/Y3OH2YXLYBDURGZQRESYIOQB5U.jpg 1440w\" alt=\"Patricia Bullrich en su \u00faltima gira a Estados Unidos\" width=\"1920\" height=\"1440\" data-src=\"https:\/\/www.infobae.com\/new-resizer\/xdcFViEOwNdNpv0C04nR0HKw1OI=\/420x315\/filters:format(webp):quality(85)\/cloudfront-us-east-1.images.arcpublishing.com\/infobae\/Y3OH2YXLYBDURGZQRESYIOQB5U.jpg 420w\" \/><span style=\"font-size: 8pt;\"><em><strong>Patricia Bullrich en su \u00faltima gira a Estados Unidos<\/strong><\/em><\/span><\/div>\n<p class=\"paragraph\" data-mrf-recirculation=\"Links inline\">\u201cNosotros estamos con Israel, con Estados Unidos, con Europa y con el mundo occidental por convicci\u00f3n porque creemos en la filosof\u00eda de la democracia, de la defensa de los derechos humanos, de los pa\u00edses libres, donde las personas pueden elegir su vida en libertad. Entonces, no es un tema de ganar o perder, sino que es un tema de qu\u00e9 tipo de sociedad queremos para la Argentina. Y cuando hist\u00f3ricamente estuvimos ah\u00ed declarando la guerra tres d\u00edas antes que la guerra terminase en la Segunda Guerra Mundial, Argentina entr\u00f3 en una situaci\u00f3n de crisis y de aislamiento muy profundo, cosa que no queremos.\u00a0<b>La neutralidad no es la posici\u00f3n argentina.\u00a0<\/b>Los mensajes pol\u00edticamente correctos como el llamamiento a la paz no es la posici\u00f3n argentina\u201d, resalt\u00f3 Bullrich.<\/p>\n<p class=\"paragraph\" data-mrf-recirculation=\"Links inline\">Entre los especialistas consultados por\u00a0<b>Infobae<\/b>, aseguraron que las declaraciones de la ministra no deber\u00edan generar sorpresa ya que \u201ces un un an\u00e1lisis que tiene m\u00e1s de 20 a\u00f1os. La zona m\u00e1s tradicional y conocida fue la Triple Frontera AMIA, la Embajada\u201d.<\/p>\n<p class=\"paragraph\" data-mrf-recirculation=\"Links inline\">Entre los consultados por este medio, detallaron que \u201cen Chile hab\u00eda un an\u00e1lisis y art\u00edculos en los donde cuando los especialistas de deantiterrorismo hablaban de la regi\u00f3n. Mencionaban mencionaban la Triple Frontera. Mencionaban el Chuy entre Uruguay y Brasil. Mencionaban la zona de Iquique, b\u00e1sicamente por todo el comercio\u201d.<\/p>\n<p class=\"paragraph\" data-mrf-recirculation=\"Links inline\">Al respecto, la Canciller\u00eda de Bolivia emiti\u00f3 un comunicado en el que desmintieron y rechazaron \u201cenf\u00e1ticamente que Bolivia proteja en sus fronteras a personas que siembren el terror, la inseguridad y la zozobra. Estas acusaciones carecen de evidencia o documentaci\u00f3n y se realizan sin fundamento alguno\u201d. Adem\u00e1s, decidieron convocar al embajador de Argentina en Bolivia, Marcelo Masson, para que explique las declaraciones de la ministra Bullrich; adem\u00e1s recuerdan que las relaciones pol\u00edticas con el pa\u00eds vecino \u201cson m\u00e1s fuertes y s\u00f3lidas\u201d que las \u201cdesafortunadas expresiones de funcionarios\u201d.<\/p>\n<p class=\"paragraph\" data-mrf-recirculation=\"Links inline\">\u201cObservamos con preocupaci\u00f3n una campa\u00f1a que busca generar confrontaciones entre Estados, gobiernos y pueblos latinoamericanos, provocando innecesarias fricciones entre pa\u00edses hermanos\u201d, indicaron y recordaron que Bolivia es un \u201cEstado pacifista\u201d y tiene \u201clazos fraternales con todos los pueblos del mundo, en el marco del respeto mutuo de la soberan\u00eda, autodeterminaci\u00f3n y no injerencia en asuntos internos\u201d.<\/p>\n<\/div>\n<\/article>\n","protected":false},"excerpt":{"rendered":"<p>Patricia Bullrich: \u201cTenemos el m\u00e1ximo nivel de alerta de seguridad\u201d. La ministra de Seguridad dijo que el Gobierno investiga la existencia de personas que no hablan espa\u00f1ol, pero tienen pasaporte boliviano. \u201cNo hemos visto entrar ninguno, pero es una hip\u00f3tesis que manejamos\u201d, advirti\u00f3 La ministra de Seguridad,\u00a0Patricia Bullrich, alert\u00f3 sobre la presencia de\u00a0combatientes iran\u00edes en &hellip;<\/p>\n","protected":false},"author":2,"featured_media":2315,"comment_status":"open","ping_status":"open","sticky":false,"template":"","format":"standard","meta":{"footnotes":""},"categories":[54,33],"tags":[508,547,438],"class_list":["post-2314","post","type-post","status-publish","format-standard","has-post-thumbnail","hentry","category-interes-ganeral","category-nacionales","tag-bolivia","tag-iranies","tag-patricia-bullrich"],"_links":{"self":[{"href":"https:\/\/cafeprensa.com.ar\/index.php\/wp-json\/wp\/v2\/posts\/2314","targetHints":{"allow":["GET"]}}],"collection":[{"href":"https:\/\/cafeprensa.com.ar\/index.php\/wp-json\/wp\/v2\/posts"}],"about":[{"href":"https:\/\/cafeprensa.com.ar\/index.php\/wp-json\/wp\/v2\/types\/post"}],"author":[{"embeddable":true,"href":"https:\/\/cafeprensa.com.ar\/index.php\/wp-json\/wp\/v2\/users\/2"}],"replies":[{"embeddable":true,"href":"https:\/\/cafeprensa.com.ar\/index.php\/wp-json\/wp\/v2\/comments?post=2314"}],"version-history":[{"count":1,"href":"https:\/\/cafeprensa.com.ar\/index.php\/wp-json\/wp\/v2\/posts\/2314\/revisions"}],"predecessor-version":[{"id":2316,"href":"https:\/\/cafeprensa.com.ar\/index.php\/wp-json\/wp\/v2\/posts\/2314\/revisions\/2316"}],"wp:featuredmedia":[{"embeddable":true,"href":"https:\/\/cafeprensa.com.ar\/index.php\/wp-json\/wp\/v2\/media\/2315"}],"wp:attachment":[{"href":"https:\/\/cafeprensa.com.ar\/index.php\/wp-json\/wp\/v2\/media?parent=2314"}],"wp:term":[{"taxonomy":"category","embeddable":true,"href":"https:\/\/cafeprensa.com.ar\/index.php\/wp-json\/wp\/v2\/categories?post=2314"},{"taxonomy":"post_tag","embeddable":true,"href":"https:\/\/cafeprensa.com.ar\/index.php\/wp-json\/wp\/v2\/tags?post=2314"}],"curies":[{"name":"wp","href":"https:\/\/api.w.org\/{rel}","templated":true}]}}