{"id":2337,"date":"2024-04-18T12:57:03","date_gmt":"2024-04-18T10:57:03","guid":{"rendered":"https:\/\/cafeprensa.com.ar\/?p=2337"},"modified":"2024-04-18T13:00:40","modified_gmt":"2024-04-18T11:00:40","slug":"chau-milei-fatima-florez-confirmo-su-romance-con-un-futbolista-de-river","status":"publish","type":"post","link":"https:\/\/cafeprensa.com.ar\/index.php\/2024\/04\/18\/chau-milei-fatima-florez-confirmo-su-romance-con-un-futbolista-de-river\/","title":{"rendered":"CHAU Milei, F\u00e1tima Fl\u00f3rez  confirm\u00f3 su romance con un futbolista de River"},"content":{"rendered":"<div class=\"pull-left col-md-6 fotos-containers\">\n<div id=\"aswift_2_host\"><span style=\"background-color: #ffffff;\">Luego de la confirmaci\u00f3n v\u00eda redes sociales de <\/span><b style=\"background-color: #ffffff;\">Javier Milei<\/b><span style=\"background-color: #ffffff;\">, en donde anunciaba su separaci\u00f3n de\u00a0<\/span><b style=\"background-color: #ffffff;\">F\u00e1tima Fl\u00f3rez<\/b><span style=\"background-color: #ffffff;\">\u00a0tras casi nueve meses de relaci\u00f3n, la actriz ya enfrente rumores de un\u00a0<\/span><b style=\"background-color: #ffffff;\">nuevo amor\u00edo con un conocido jugador de River Plate<\/b><span style=\"background-color: #ffffff;\">.<\/span><\/div>\n<\/div>\n<p>A trav\u00e9s de sus cuentas personales, el mandatario comparti\u00f3 un comunicado en el que explic\u00f3 que debido a las obligaciones laborales de ambos hab\u00edan decidido ponerle fin a su relaci\u00f3n. Sin embargo, el jefe de Estado se lament\u00f3 por la decisi\u00f3n aunque la humorista no se pronunci\u00f3 al respecto.<\/p>\n<p>En este sentido, en las \u00faltimas horas se conoci\u00f3 que la artista se habr\u00eda mostrado cerca de un jugador de River Plata y que ya se habr\u00eda concretado un encuentro. En A la Tarde (Am\u00e9rica TV), aseguran que la exnovia de Javier Milei estar\u00eda saliendo con\u00a0<b>Esequiel Barco<\/b>.<\/p>\n<div><img decoding=\"async\" src=\"https:\/\/www.elesquiu.com\/u\/fotografias\/m\/2022\/2\/27\/f768x1-410452_410579_5050.jpg\" width=\"600\" \/><\/div>\n<p>\u201cHay un rumor de que F\u00e1tima estar\u00eda con Esequiel Barco, jugador de River, y \u00e9l habr\u00eda ido al Hotel a verla\u201d, explicaron en el ciclo tras conocer la confirmaci\u00f3n de la separaci\u00f3n.<\/p>\n<div><b><u>Los detalles del presunto nuevo romance de F\u00e1tima Fl\u00f3rez tras su separaci\u00f3n de Javier Milei<\/u><\/b><\/div>\n<p>A tan solo d\u00edas de haber confirmado su separaci\u00f3n debido a que sus ocupadas agendas interfer\u00edan en su relaci\u00f3n, F\u00e1tima Fl\u00f3rez estar\u00eda cerca del centrocampista del club millonario.<br \/>\nLas versiones de una posible relaci\u00f3n comenzaron cuando uno de los panelistas del ciclo de Am\u00e9rica le consult\u00f3 al manager de F\u00e1tima Florez por uno de los jugadores de River con el que se la vincula a la famosa: <em><strong>\u201cHay un rumor de que F\u00e1tima estar\u00eda con Ezequiel Barco, jugador de River, y \u00e9l habr\u00eda ido al Hotel a verla\u201d.<\/strong><\/em><br \/>\nDe todos modos, la actriz a\u00fan no habl\u00f3 sobre su separaci\u00f3n del presidente de c\u00f3mo atraviesa la ruptura tras unos intenses meses de romance con el mandatario argentino.<\/p>\n","protected":false},"excerpt":{"rendered":"<p>Luego de la confirmaci\u00f3n v\u00eda redes sociales de Javier Milei, en donde anunciaba su separaci\u00f3n de\u00a0F\u00e1tima Fl\u00f3rez\u00a0tras casi nueve meses de relaci\u00f3n, la actriz ya enfrente rumores de un\u00a0nuevo amor\u00edo con un conocido jugador de River Plate. A trav\u00e9s de sus cuentas personales, el mandatario comparti\u00f3 un comunicado en el que explic\u00f3 que debido a &hellip;<\/p>\n","protected":false},"author":2,"featured_media":2338,"comment_status":"open","ping_status":"open","sticky":false,"template":"","format":"standard","meta":{"footnotes":""},"categories":[54,33],"tags":[554,41,555],"class_list":["post-2337","post","type-post","status-publish","format-standard","has-post-thumbnail","hentry","category-interes-ganeral","category-nacionales","tag-fatima-flores","tag-milei","tag-romance"],"_links":{"self":[{"href":"https:\/\/cafeprensa.com.ar\/index.php\/wp-json\/wp\/v2\/posts\/2337","targetHints":{"allow":["GET"]}}],"collection":[{"href":"https:\/\/cafeprensa.com.ar\/index.php\/wp-json\/wp\/v2\/posts"}],"about":[{"href":"https:\/\/cafeprensa.com.ar\/index.php\/wp-json\/wp\/v2\/types\/post"}],"author":[{"embeddable":true,"href":"https:\/\/cafeprensa.com.ar\/index.php\/wp-json\/wp\/v2\/users\/2"}],"replies":[{"embeddable":true,"href":"https:\/\/cafeprensa.com.ar\/index.php\/wp-json\/wp\/v2\/comments?post=2337"}],"version-history":[{"count":3,"href":"https:\/\/cafeprensa.com.ar\/index.php\/wp-json\/wp\/v2\/posts\/2337\/revisions"}],"predecessor-version":[{"id":2341,"href":"https:\/\/cafeprensa.com.ar\/index.php\/wp-json\/wp\/v2\/posts\/2337\/revisions\/2341"}],"wp:featuredmedia":[{"embeddable":true,"href":"https:\/\/cafeprensa.com.ar\/index.php\/wp-json\/wp\/v2\/media\/2338"}],"wp:attachment":[{"href":"https:\/\/cafeprensa.com.ar\/index.php\/wp-json\/wp\/v2\/media?parent=2337"}],"wp:term":[{"taxonomy":"category","embeddable":true,"href":"https:\/\/cafeprensa.com.ar\/index.php\/wp-json\/wp\/v2\/categories?post=2337"},{"taxonomy":"post_tag","embeddable":true,"href":"https:\/\/cafeprensa.com.ar\/index.php\/wp-json\/wp\/v2\/tags?post=2337"}],"curies":[{"name":"wp","href":"https:\/\/api.w.org\/{rel}","templated":true}]}}