{"id":2342,"date":"2024-04-18T13:06:55","date_gmt":"2024-04-18T11:06:55","guid":{"rendered":"https:\/\/cafeprensa.com.ar\/?p=2342"},"modified":"2024-04-18T13:06:55","modified_gmt":"2024-04-18T11:06:55","slug":"juicio-contra-alperovich","status":"publish","type":"post","link":"https:\/\/cafeprensa.com.ar\/index.php\/2024\/04\/18\/juicio-contra-alperovich\/","title":{"rendered":"Juicio contra Alperovich"},"content":{"rendered":"<div class=\"col-xl-10 col-lg-10 col-md-10\">\n<div class=\"articleHead \">\n<h1 id=\"spktitle\">Declarar\u00e1 un testigo que enga\u00f1\u00f3 a la denunciante<\/h1>\n<\/div>\n<\/div>\n<div class=\"col-xl-9 col-lg-10 col-md-12\">\n<div class=\"image\"><img loading=\"lazy\" decoding=\"async\" src=\"https:\/\/img.lagaceta.com.ar\/fotos\/notas\/2024\/04\/18\/970x545_1031473_202404172347440000001.webp\" alt=\"IN SITU. El magistrado Ramos Padilla quiere que los testigos comparezcan en Buenos Aires.\" width=\"970\" height=\"545\" \/><\/div>\n<div id=\"articleContent\" class=\"row justify-content-center\">\n<div class=\"col-xl-10\">\n<div class=\"articleBody\" data-mrf-recirculation=\"nota-link-embebed\">\n<p>A\u00a0<strong>Juan Mar\u00eda Ramos Padilla<\/strong>\u00a0no le gusta escuchar testimonios por zoom.<\/p>\n<p>Con 50 a\u00f1os en el Poder Judicial, el juez que debe decidir si el ex gobernador\u00a0<a href=\"https:\/\/www.lagaceta.com.ar\/tags\/425\/jose-alperovich\" target=\"_blank\" rel=\"noopener noreferrer\" data-mrf-link=\"https:\/\/www.lagaceta.com.ar\/tags\/425\/jose-alperovich\"><strong>Jos\u00e9 Alperovich<\/strong><\/a>\u00a0es inocente o culpable de los\u00a0<a href=\"https:\/\/www.lagaceta.com.ar\/nota\/1031191\/politica\/juicio-contra-alperovich-ella-me-dijo-jose-habia-violado-afirmo-mizrahi.html\" target=\"_blank\" rel=\"noopener noreferrer\" data-mrf-link=\"https:\/\/www.lagaceta.com.ar\/nota\/1031191\/politica\/juicio-contra-alperovich-ella-me-dijo-jose-habia-violado-afirmo-mizrahi.html\">delitos de abuso sexual por los que est\u00e1 imputado<\/a>, est\u00e1 acostumbrado a la vieja escuela. Le gusta tener a los testigos frente a \u00e9l, en la sede de la sala de juicio oral del Tribunal Oral en lo Criminal que preside. Pero entiende que el 95% de los testigos que pasan por el juicio viven en Tucum\u00e1n; y por eso en algunos casos permite que la tecnolog\u00eda colabore con quien no puede costearse el pasaje o tiene alg\u00fan otro problema que le impide viajar. Pero el lunes perdi\u00f3 la paciencia y reconvino a las partes: \u201cles dije que sean muy cuidadosos con las personas a las que citan v\u00eda Zoom\u201d. \u00bfQu\u00e9 hab\u00eda pasado? Lo que parec\u00eda ser un testimonio m\u00e1s pas\u00f3 a tener un cariz como m\u00ednimo extra\u00f1o.<\/p>\n<\/div>\n<\/div>\n<div class=\"col-xl-10\">\n<div class=\"articleBody\" data-mrf-recirculation=\"nota-link-embebed\">\n<p><strong>V\u00edctor Decataldo<\/strong>\u00a0es un empresario tucumano que en 2018 ten\u00eda inter\u00e9s en la pol\u00edtica, seg\u00fan \u00e9l mismo relat\u00f3. Por eso aprovech\u00f3 una invitaci\u00f3n que le hizo un conocido y fue a una reuni\u00f3n organizada por el entorno de Jos\u00e9 Alperovich, quien ya armaba su equipo pol\u00edtico para las elecciones de 2019. All\u00ed, dijo, \u00e9l tuvo participaci\u00f3n contando algunos proyectos, y de esa manera comenz\u00f3 a militar con el ex senador. Pero no solo eso. Tiempo despu\u00e9s comenz\u00f3 una relaci\u00f3n con\u00a0<strong>Sara<\/strong>, la hija de Alperovich. De esa manera se convirti\u00f3 en una persona muy cercana al senador.<\/p>\n<p><img loading=\"lazy\" decoding=\"async\" class=\"alignnone size-medium wp-image-2343\" src=\"https:\/\/cafeprensa.com.ar\/wp-content\/uploads\/2024\/04\/1707145342561-300x187.jpg\" alt=\"\" width=\"300\" height=\"187\" srcset=\"https:\/\/cafeprensa.com.ar\/wp-content\/uploads\/2024\/04\/1707145342561-300x187.jpg 300w, https:\/\/cafeprensa.com.ar\/wp-content\/uploads\/2024\/04\/1707145342561-1024x640.jpg 1024w, https:\/\/cafeprensa.com.ar\/wp-content\/uploads\/2024\/04\/1707145342561-768x480.jpg 768w, https:\/\/cafeprensa.com.ar\/wp-content\/uploads\/2024\/04\/1707145342561.jpg 1500w\" sizes=\"auto, (max-width: 300px) 100vw, 300px\" \/><\/p>\n<\/div>\n<\/div>\n<div class=\"col-xl-10\">\n<div class=\"articleBody\" data-mrf-recirculation=\"nota-link-embebed\">\n<p>El lunes Decataldo comenz\u00f3 a declarar v\u00eda Zoom, desde Tucum\u00e1n. Y luego de contar algunos detalles como los ya relatados, asegur\u00f3 que manten\u00eda una buena relaci\u00f3n con la joven que luego denunciar\u00eda a Alperovich, y que se hab\u00eda convertido en una virtual jefa de campa\u00f1a. Y luego de admitir que ella trabajaba muy bien comenz\u00f3 a contar algunos detalles que llamaron la atenci\u00f3n de quienes estaban en la sala.<\/p>\n<\/div>\n<\/div>\n<div class=\"col-xl-10\">\n<div class=\"articleBody\" data-mrf-recirculation=\"nota-link-embebed\">\n<p>El fiscal\u00a0<strong>Sandro Abraldes<\/strong>\u00a0comenz\u00f3 a preguntarle acerca de si conoc\u00eda las razones de la renuncia de la colaboradora (presentada en mayo de 2019, pocos d\u00edas antes de las elecciones), a lo que \u00e9l contest\u00f3 que no. Pero que luego de las elecciones \u201ccomenzaron a escucharse rumores\u201d acerca de la posibilidad de una denuncia de la joven contra el ex gobernador. \u201cYo vi que Sarita estaba muy mal por lo que se dec\u00eda. Y por eso decid\u00ed usar una estrategia. Por eso hoy les pido disculpas a los representantes de la querella\u201d, lleg\u00f3 a decir.<\/p>\n<\/div>\n<\/div>\n<div class=\"col-xl-10\">\n<div class=\"articleBody\" data-mrf-recirculation=\"nota-link-embebed\">\n<p>\u00bfCu\u00e1l era esa estrategia? En agosto de ese a\u00f1o, relat\u00f3, contact\u00f3 a la joven v\u00eda Instagram. Y admiti\u00f3 que la enga\u00f1\u00f3 para sacarle informaci\u00f3n sobre la denuncia. A pesar de esto lleg\u00f3 a afirmar que, para \u00e9l, \u201cla acusaci\u00f3n contra Alperovich es totalmente falsa\u201d. Fue lo \u00faltimo que dijo.<\/p>\n<\/div>\n<\/div>\n<\/div>\n<\/div>\n","protected":false},"excerpt":{"rendered":"<p>Declarar\u00e1 un testigo que enga\u00f1\u00f3 a la denunciante A\u00a0Juan Mar\u00eda Ramos Padilla\u00a0no le gusta escuchar testimonios por zoom. Con 50 a\u00f1os en el Poder Judicial, el juez que debe decidir si el ex gobernador\u00a0Jos\u00e9 Alperovich\u00a0es inocente o culpable de los\u00a0delitos de abuso sexual por los que est\u00e1 imputado, est\u00e1 acostumbrado a la vieja escuela. Le &hellip;<\/p>\n","protected":false},"author":2,"featured_media":2344,"comment_status":"open","ping_status":"open","sticky":false,"template":"","format":"standard","meta":{"footnotes":""},"categories":[47,33],"tags":[391,537,333],"class_list":["post-2342","post","type-post","status-publish","format-standard","has-post-thumbnail","hentry","category-justicia","category-nacionales","tag-alperovich","tag-jucio","tag-violacion"],"_links":{"self":[{"href":"https:\/\/cafeprensa.com.ar\/index.php\/wp-json\/wp\/v2\/posts\/2342","targetHints":{"allow":["GET"]}}],"collection":[{"href":"https:\/\/cafeprensa.com.ar\/index.php\/wp-json\/wp\/v2\/posts"}],"about":[{"href":"https:\/\/cafeprensa.com.ar\/index.php\/wp-json\/wp\/v2\/types\/post"}],"author":[{"embeddable":true,"href":"https:\/\/cafeprensa.com.ar\/index.php\/wp-json\/wp\/v2\/users\/2"}],"replies":[{"embeddable":true,"href":"https:\/\/cafeprensa.com.ar\/index.php\/wp-json\/wp\/v2\/comments?post=2342"}],"version-history":[{"count":1,"href":"https:\/\/cafeprensa.com.ar\/index.php\/wp-json\/wp\/v2\/posts\/2342\/revisions"}],"predecessor-version":[{"id":2345,"href":"https:\/\/cafeprensa.com.ar\/index.php\/wp-json\/wp\/v2\/posts\/2342\/revisions\/2345"}],"wp:featuredmedia":[{"embeddable":true,"href":"https:\/\/cafeprensa.com.ar\/index.php\/wp-json\/wp\/v2\/media\/2344"}],"wp:attachment":[{"href":"https:\/\/cafeprensa.com.ar\/index.php\/wp-json\/wp\/v2\/media?parent=2342"}],"wp:term":[{"taxonomy":"category","embeddable":true,"href":"https:\/\/cafeprensa.com.ar\/index.php\/wp-json\/wp\/v2\/categories?post=2342"},{"taxonomy":"post_tag","embeddable":true,"href":"https:\/\/cafeprensa.com.ar\/index.php\/wp-json\/wp\/v2\/tags?post=2342"}],"curies":[{"name":"wp","href":"https:\/\/api.w.org\/{rel}","templated":true}]}}