{"id":2373,"date":"2024-04-19T12:31:58","date_gmt":"2024-04-19T10:31:58","guid":{"rendered":"https:\/\/cafeprensa.com.ar\/?p=2373"},"modified":"2024-04-19T12:35:11","modified_gmt":"2024-04-19T10:35:11","slug":"en-este-contexto-de-ajuste-y-es-cuando-mas-hay-que-escuchar-a-la-gente","status":"publish","type":"post","link":"https:\/\/cafeprensa.com.ar\/index.php\/2024\/04\/19\/en-este-contexto-de-ajuste-y-es-cuando-mas-hay-que-escuchar-a-la-gente\/","title":{"rendered":"\u00abEN ESTE CONTEXTO DE AJUSTE,\u00a0ES CUANDO M\u00c1S HAY QUE ESCUCHAR A LA GENTE\u00bb"},"content":{"rendered":"<div id=\"post-body-6737725210972888250\" class=\"post-body entry-content\">\n<p>As\u00ed lo expres\u00f3 el concejal\u00a0<b>Gast\u00f3n G\u00f3mez de Libres<\/b>\u00a0<b>del Sur<\/b>, en una visita por el barrio El Sif\u00f3n, de la capital provincial.<\/p>\n<p><i>\u00abSeguimos recorriendo los barrios, en El Sif\u00f3n, trabajando con nuestras cuadrillas operativos de limpieza y descacharreo, y campa\u00f1as de prevenci\u00f3n con nuestros equipos de profesionales del ISEPCi. Entregamos tambi\u00e9n repelentes a los vecinos, para enfrentar al mosquito en el marco de la epidemia de dengue. En este contexto de ajuste y crisis es cuando m\u00e1s tenemos que escuchar y trabajar a par de la gente\u00bb, sostuvo <b>G\u00f3mez<\/b>.<\/i><\/p>\n<p>\u00abLa gente nos pide ayudarla a gestionar mejoras. En las calles, el alumbrado que est\u00e1 muy deteriorado cuando no ausente, las p\u00e9rdidas de agua o los problemas de seguridad. Tambi\u00e9n que los recursos no alcanzan y no est\u00e1n pudiendo llegar a fin de mes. Por eso es muy importante un Estado presente acompa\u00f1ando a quienes m\u00e1s lo necesitan\u00bb.<\/p>\n<p>De la recorrida tambi\u00e9n participaron el\u00a0<b>Legislador<\/b>\u00a0<b>Ernesto G\u00f3mez Rossi<\/b>\u00a0y\u00a0<b>Florencia Guerra, directora<\/b>\u00a0<b>de la Juventud,<\/b>\u00a0y dirigente de<b>\u00a0Libres del Sur.\u00a0<\/b><\/p>\n<p>\u00abEstamos comprometidos con el territorio, creemos que en la situaci\u00f3n dif\u00edcil que viven el pa\u00eds y la provincia hay que reforzar el trabajo comunitario y las pol\u00edticas p\u00fablicas, es lo que est\u00e1 haciendo el gobierno de Osvaldo Jaldo\u00bb, opin\u00f3 la\u00a0<b>Dra Guerra<\/b>\u00a0a su turno.<\/p>\n<div class=\"separator\"><a href=\"https:\/\/blogger.googleusercontent.com\/img\/b\/R29vZ2xl\/AVvXsEi1Hk5yserlmD82d7qb4nl4nhAX0ZFecDAucniB7jvwTQUQmT1ztk8paXyxVRo0Tq2GCJQ2RX5TforszaVkX5ZzYKvmAnaeZ0g1h4y9JOgGERskQuVI4XE0dEJJp9L2EZli3RZ74G8yQ7eIqgxG7i406N5W15fTkWY6nQXYJ4sogVtmDZIyxYaSN27rs0g\/s1280\/IMG-20240417-WA0175.jpg\"><img loading=\"lazy\" decoding=\"async\" src=\"https:\/\/blogger.googleusercontent.com\/img\/b\/R29vZ2xl\/AVvXsEi1Hk5yserlmD82d7qb4nl4nhAX0ZFecDAucniB7jvwTQUQmT1ztk8paXyxVRo0Tq2GCJQ2RX5TforszaVkX5ZzYKvmAnaeZ0g1h4y9JOgGERskQuVI4XE0dEJJp9L2EZli3RZ74G8yQ7eIqgxG7i406N5W15fTkWY6nQXYJ4sogVtmDZIyxYaSN27rs0g\/s320\/IMG-20240417-WA0175.jpg\" width=\"320\" height=\"214\" border=\"0\" data-original-height=\"855\" data-original-width=\"1280\" \/><\/a><\/div>\n<p><b>Jos\u00e9 Mercado<\/b>\u00a0, vecino del barrio, expres\u00f3: \u00abEstamos agradecidos al Ministro Federico Masso y el gobernador, que nos est\u00e1n asistiendo con un Merendero en el barrio, una ayuda muy valorable porque aqu\u00ed hay mucha gente y ni\u00f1os con necesidades. As\u00ed que nos\u00a0 alegramos de recibir la visita del concejal, el legislador y todo su equipo, a quienes pudimos plantearles los problemas de nuestro barrio y los vecinos\u00bb.<\/p>\n<div class=\"separator\"><a href=\"https:\/\/blogger.googleusercontent.com\/img\/b\/R29vZ2xl\/AVvXsEhULEcvhXsW8f92ymkmfkGui0bLeJgi5R2eeaFUmKlIp9mB4SiLu8HO2E67ZdrP7Tt8AB7RNA5MkeXMqu83ysJuJOxtKUckhu60TKtcdHvx9-JYk1n38h_NLdSurwa09IwFuvsw50hJYWF-ilB5tVad-h2MUvVZxggTExivdCu9iGqFc38lbVC5s70vKvQ\/s1280\/IMG-20240417-WA0070.jpg\"><img loading=\"lazy\" decoding=\"async\" src=\"https:\/\/blogger.googleusercontent.com\/img\/b\/R29vZ2xl\/AVvXsEhULEcvhXsW8f92ymkmfkGui0bLeJgi5R2eeaFUmKlIp9mB4SiLu8HO2E67ZdrP7Tt8AB7RNA5MkeXMqu83ysJuJOxtKUckhu60TKtcdHvx9-JYk1n38h_NLdSurwa09IwFuvsw50hJYWF-ilB5tVad-h2MUvVZxggTExivdCu9iGqFc38lbVC5s70vKvQ\/s320\/IMG-20240417-WA0070.jpg\" width=\"320\" height=\"214\" border=\"0\" data-original-height=\"855\" data-original-width=\"1280\" \/><\/a><\/div>\n<p>\u00abVamos a seguir trabajando de esta manera, creemos como lo viene planteando el gobernador y todo el equipo de gobierno, que hay dificultades, muchos problemas, una situaci\u00f3n en que la provincia tiene restricciones de recursos por el ajuste, pero con decisiones, esfuerzo y gesti\u00f3n vamos a garantizar una mejor calidad de vida para los tucumanos\u00bb, concluy\u00f3\u00a0<b>Gast\u00f3n G\u00f3mez<\/b>.<\/p>\n<\/div>\n","protected":false},"excerpt":{"rendered":"<p>As\u00ed lo expres\u00f3 el concejal\u00a0Gast\u00f3n G\u00f3mez de Libres\u00a0del Sur, en una visita por el barrio El Sif\u00f3n, de la capital provincial. \u00abSeguimos recorriendo los barrios, en El Sif\u00f3n, trabajando con nuestras cuadrillas operativos de limpieza y descacharreo, y campa\u00f1as de prevenci\u00f3n con nuestros equipos de profesionales del ISEPCi. Entregamos tambi\u00e9n repelentes a los vecinos, para &hellip;<\/p>\n","protected":false},"author":2,"featured_media":2374,"comment_status":"open","ping_status":"open","sticky":false,"template":"","format":"standard","meta":{"footnotes":""},"categories":[34,25],"tags":[565],"class_list":["post-2373","post","type-post","status-publish","format-standard","has-post-thumbnail","hentry","category-locales","category-politica","tag-concejal-gomez"],"_links":{"self":[{"href":"https:\/\/cafeprensa.com.ar\/index.php\/wp-json\/wp\/v2\/posts\/2373","targetHints":{"allow":["GET"]}}],"collection":[{"href":"https:\/\/cafeprensa.com.ar\/index.php\/wp-json\/wp\/v2\/posts"}],"about":[{"href":"https:\/\/cafeprensa.com.ar\/index.php\/wp-json\/wp\/v2\/types\/post"}],"author":[{"embeddable":true,"href":"https:\/\/cafeprensa.com.ar\/index.php\/wp-json\/wp\/v2\/users\/2"}],"replies":[{"embeddable":true,"href":"https:\/\/cafeprensa.com.ar\/index.php\/wp-json\/wp\/v2\/comments?post=2373"}],"version-history":[{"count":2,"href":"https:\/\/cafeprensa.com.ar\/index.php\/wp-json\/wp\/v2\/posts\/2373\/revisions"}],"predecessor-version":[{"id":2376,"href":"https:\/\/cafeprensa.com.ar\/index.php\/wp-json\/wp\/v2\/posts\/2373\/revisions\/2376"}],"wp:featuredmedia":[{"embeddable":true,"href":"https:\/\/cafeprensa.com.ar\/index.php\/wp-json\/wp\/v2\/media\/2374"}],"wp:attachment":[{"href":"https:\/\/cafeprensa.com.ar\/index.php\/wp-json\/wp\/v2\/media?parent=2373"}],"wp:term":[{"taxonomy":"category","embeddable":true,"href":"https:\/\/cafeprensa.com.ar\/index.php\/wp-json\/wp\/v2\/categories?post=2373"},{"taxonomy":"post_tag","embeddable":true,"href":"https:\/\/cafeprensa.com.ar\/index.php\/wp-json\/wp\/v2\/tags?post=2373"}],"curies":[{"name":"wp","href":"https:\/\/api.w.org\/{rel}","templated":true}]}}