{"id":2478,"date":"2024-04-24T14:00:06","date_gmt":"2024-04-24T12:00:06","guid":{"rendered":"https:\/\/cafeprensa.com.ar\/?p=2478"},"modified":"2024-04-24T14:00:06","modified_gmt":"2024-04-24T12:00:06","slug":"el-peligroso-motivo-por-el-que-no-hay-que-usar-el-celular-antes-de-dormir","status":"publish","type":"post","link":"https:\/\/cafeprensa.com.ar\/index.php\/2024\/04\/24\/el-peligroso-motivo-por-el-que-no-hay-que-usar-el-celular-antes-de-dormir\/","title":{"rendered":"El peligroso motivo por el que no hay que usar el celular antes de dormir"},"content":{"rendered":"<div class=\"lay --apertura\">\n<div class=\"row\">\n<div class=\"col-12\">\n<p class=\"com-title --font-primary --sixxl --font-extra\"><span style=\"font-size: 12pt;\">Se trata de una problem\u00e1tica cada vez m\u00e1s frecuente entre las personas, pero hay ciertas medidas para tomar y cuidar la salud visual. <\/span>Para mantener una vida sana, los expertos recomiendan llevar un equilibrio entre el ejercicio, una alimentaci\u00f3n balanceada y un buen tiempo de descanso.<\/p>\n<p class=\"com-title --font-primary --sixxl --font-extra\">Esto \u00faltimo se complica cada vez m\u00e1s teniendo en cuenta que el mundo de la tecnolog\u00eda sigue avanzando,<strong>\u00a0lo que llev\u00f3 a convertir en un h\u00e1bito usar el celular en el momento previo a irse a dormir, ya sea para continuar alguna serie o pel\u00edcula, o revisar las redes sociales<\/strong>.<\/p>\n<\/div>\n<\/div>\n<\/div>\n<div class=\"lay-sidebar\">\n<div class=\"sidebar__main\">\n<section class=\"cuerpo__nota\" data-mrf-recirculation=\"n_links\">\n<div class=\"row\">\n<div class=\"col-deskxl-10 offset-deskxl-1 col-desksm-11\">\n<div class=\"row\">\n<div class=\"col-12\">\n<p class=\"com-paragraph   --s\">Pese a que muchas personas que lo hacen sienten que lo tienen bajo control,\u00a0<a class=\"com-link\" title=\"esto puede ser realmente peligroso y volverse un h\u00e1bito frecuente,\" href=\"https:\/\/www.lanacion.com.ar\/lifestyle\/cuidado-cuerpo-belleza\/los-efectos-de-no-dormir-7-horas-por-noche-segun-la-inteligencia-artificial-nid16042024\/\" target=\"_self\" data-reactroot=\"\" data-mrf-link=\"https:\/\/www.lanacion.com.ar\/lifestyle\/cuidado-cuerpo-belleza\/los-efectos-de-no-dormir-7-horas-por-noche-segun-la-inteligencia-artificial-nid16042024\/\" rel=\"noopener\">esto puede ser realmente peligroso y volverse un h\u00e1bito frecuente,<\/a> que perjudica en gran medida al tiempo de descanso y a otras cuestiones, seg\u00fan los especialistas en salud.<\/p>\n<p class=\"com-title --font-primary --xl --font-extra\"><em><strong>Los peligros de usar el celular momentos antes de dormir<\/strong><\/em><\/p>\n<div class=\"content-media\">\n<section class=\"mod-media --zoom  \" role=\"button\">\n<figure class=\"mod-figure \" role=\"button\">\n<div class=\"placeholder \">\n<div class=\"com-image\"><picture><source srcset=\"https:\/\/resizer.glanacion.com\/resizer\/v2\/trastornos-de-RPVIOXIWZZGBVFBVNZE5X2CZ3M.JPG?auth=e7f91452b3c0e2f21a68183dd2358d84f752f86be4ffb485ae87c68450ed2dd5&amp;width=780&amp;height=520&amp;quality=70&amp;smart=true\" media=\"(min-width: 768px)\" \/><img loading=\"lazy\" decoding=\"async\" class=\"image flex com-image --cover\" src=\"https:\/\/resizer.glanacion.com\/resizer\/v2\/trastornos-de-RPVIOXIWZZGBVFBVNZE5X2CZ3M.JPG?auth=e7f91452b3c0e2f21a68183dd2358d84f752f86be4ffb485ae87c68450ed2dd5&amp;width=420&amp;height=280&amp;quality=70&amp;smart=true\" alt=\"Trastornos de sue\u00f1o\" width=\"2500\" height=\"1668\" \/><\/picture><\/div>\n<\/div>\n<\/figure>\n<\/section>\n<\/div>\n<p class=\"com-paragraph   --s\">Resulta que la exposici\u00f3n prolongada a la luz azul que emiten los dispositivos electr\u00f3nicos, como los\u00a0<em>smartphones<\/em>, tablets y computadoras port\u00e1tiles,<strong>\u00a0genera preocupaciones significativas para la salud ocular a largo plazo<\/strong>.<strong>\u00a0<\/strong>Todo sucede porque esta luz tiene la capacidad de da\u00f1ar la retina, que es<strong>\u00a0<\/strong>la capa sensible a la luz en la parte posterior del ojo.\u00a0<strong>Uno de los principales riesgos asociados con la exposici\u00f3n prolongada es la degeneraci\u00f3n macular<\/strong>, lo que deteriora la vista central necesaria para actividades cotidianas como leer, manejar y reconocer rostros.<\/p>\n<p class=\"com-paragraph   --s\">Cabe mencionar que, cuando una persona se encuentra en un ambiente oscuro, las pupilas tienden a dilatarse para captar m\u00e1s luz. Entonces,\u00a0<strong>al estar frente a un dispositivo en ambientes oscuros, las pupilas permiten la entrada de una mayor cantidad de luz azul<\/strong>. De esta manera, se potencia el riesgo de desarrollar enfermedades oculares.<\/p>\n<p class=\"com-paragraph   --s\">Como si eso fuera poco, tambi\u00e9n puede tener\u00a0<a class=\"com-link\" title=\"efectos negativos en el ciclo de sue\u00f1o\" href=\"https:\/\/www.lanacion.com.ar\/lifestyle\/cuidado-cuerpo-belleza\/el-grave-error-de-beber-licor-antes-de-dormir-esto-le-pasa-a-tu-cuerpo-nid14042024\/\" target=\"_self\" data-reactroot=\"\" data-mrf-link=\"https:\/\/www.lanacion.com.ar\/lifestyle\/cuidado-cuerpo-belleza\/el-grave-error-de-beber-licor-antes-de-dormir-esto-le-pasa-a-tu-cuerpo-nid14042024\/\" rel=\"noopener\">efectos negativos en el ciclo de sue\u00f1o<\/a>,<strong>\u00a0debido a que la luz azul puede interferir con la producci\u00f3n de melatonina<\/strong>, la hormona responsable de regular el ciclo de sue\u00f1o-vigilia. En tanto, puede resultar m\u00e1s dif\u00edcil conciliar el sue\u00f1o\u00a0<strong>o mismo reducir la calidad del sue\u00f1o una vez que se logra conciliarlo<\/strong>.<\/p>\n<div class=\"content-media\">\n<section class=\"mod-media --zoom  \" role=\"button\">\n<figure class=\"mod-figure \" role=\"button\">\n<div class=\"placeholder \">\n<div class=\"com-image\"><picture><source srcset=\"https:\/\/resizer.glanacion.com\/resizer\/v2\/muchas-personas-sufren-de-insomnio-por-usar-el-AG6PNH655FD3PMCFEAMB6A766Y.jpg?auth=8f222da548759de3c3d2d48683697ea82099ff45f0ab83f29d1d5f4a73ec97cb&amp;width=780&amp;height=1170&amp;quality=70&amp;smart=true\" media=\"(min-width: 768px)\" \/><img loading=\"lazy\" decoding=\"async\" class=\"image flex com-image --cover\" src=\"https:\/\/resizer.glanacion.com\/resizer\/v2\/muchas-personas-sufren-de-insomnio-por-usar-el-AG6PNH655FD3PMCFEAMB6A766Y.jpg?auth=8f222da548759de3c3d2d48683697ea82099ff45f0ab83f29d1d5f4a73ec97cb&amp;width=420&amp;height=630&amp;quality=70&amp;smart=true\" alt=\"Muchas personas sufren de insomnio por usar el celular antes de dormir\" width=\"2736\" height=\"4104\" \/><\/picture><\/div>\n<\/div><figcaption class=\"mod-figcaption\"><span style=\"font-size: 8pt;\"><em><strong><span class=\"com-text --caption --twoxs\">Muchas personas sufren de insomnio por usar el celular antes de dormir<\/span><\/strong><\/em><\/span><\/figcaption><\/figure>\n<\/section>\n<\/div>\n<p class=\"com-title --font-primary --xl --font-extra\"><em><strong>C\u00f3mo se pueden prevenir estas afecciones en la visi\u00f3n<\/strong><\/em><\/p>\n<p class=\"com-paragraph   --s\">Hay ciertas medidas recomendadas por los expertos en salud para solucionar estos conflictos. Uno de ellos es el uso diario de<strong>\u00a0lentes con filtros de luz azul para aquellos teletrabajadores, que, en muchas ocasiones, no pueden evitar el uso nocturno de dispositivos electr\u00f3nicos<\/strong>\u00a0que da\u00f1an su visi\u00f3n. Se trata de anteojos dise\u00f1ados para bloquear esta luz y proteger la vista, cuid\u00e1ndola de complicaciones a largo plazo.<\/p>\n<p class=\"com-paragraph   --s\">Adem\u00e1s de esta opci\u00f3n, hay otras<a class=\"com-link\" title=\" pr\u00e1cticas recomendadas para evitar el impacto negativo de los dispositivos electr\u00f3nicos\" href=\"https:\/\/www.lanacion.com.ar\/sociedad\/luz-azul-la-regla-20-20-6-y-otras-estrategias-para-reducir-la-fatiga-ocular-que-causa-la-exposicion-nid08092023\/\" target=\"_self\" data-reactroot=\"\" data-mrf-link=\"https:\/\/www.lanacion.com.ar\/sociedad\/luz-azul-la-regla-20-20-6-y-otras-estrategias-para-reducir-la-fatiga-ocular-que-causa-la-exposicion-nid08092023\/\" rel=\"noopener\">\u00a0pr\u00e1cticas recomendadas para evitar el impacto negativo de los dispositivos electr\u00f3nicos<\/a>. Algunas de ellas son:<\/p>\n<ul class=\"com-unordered\">\n<li class=\"com-item\">El descanso regular de los ojos: se recomienda hacer pausas cortas si se va a usar un dispositivo por largo tiempo. Mismo, correr la mirada de ellos y observar a lo lejos, por lo menos unos segundos.<\/li>\n<li class=\"com-item\">Asimismo, se debe mantener una distancia prudente entre los ojos y la pantalla, por lo que se recomienda al menos 50 cent\u00edmetros.<\/li>\n<li class=\"com-item\">Tambi\u00e9n, parpadear con frecuencia puede ayudar a prevenir el ojo seco.<\/li>\n<\/ul>\n<p class=\"com-paragraph   --s\">Por \u00faltimo, muchos dispositivos cuentan con la opci\u00f3n de ponerlos en\u00a0<strong>modo oscuro<\/strong>, lo que se puede hacer en la configuraci\u00f3n del mismo. Gracias a esta acci\u00f3n,\u00a0<strong>se va a reducir de manera considerable la cantidad de luz azul emitida por las pantallas, siendo un peque\u00f1o h\u00e1bito que puede cuidar la visi\u00f3n.<\/strong><\/p>\n<\/div>\n<\/div>\n<\/div>\n<\/div>\n<\/section>\n<\/div>\n<\/div>\n","protected":false},"excerpt":{"rendered":"<p>Se trata de una problem\u00e1tica cada vez m\u00e1s frecuente entre las personas, pero hay ciertas medidas para tomar y cuidar la salud visual. Para mantener una vida sana, los expertos recomiendan llevar un equilibrio entre el ejercicio, una alimentaci\u00f3n balanceada y un buen tiempo de descanso. Esto \u00faltimo se complica cada vez m\u00e1s teniendo en &hellip;<\/p>\n","protected":false},"author":2,"featured_media":2479,"comment_status":"open","ping_status":"open","sticky":false,"template":"","format":"standard","meta":{"footnotes":""},"categories":[54,33],"tags":[605,607,606],"class_list":["post-2478","post","type-post","status-publish","format-standard","has-post-thumbnail","hentry","category-interes-ganeral","category-nacionales","tag-celulares","tag-ojos","tag-sueno"],"_links":{"self":[{"href":"https:\/\/cafeprensa.com.ar\/index.php\/wp-json\/wp\/v2\/posts\/2478","targetHints":{"allow":["GET"]}}],"collection":[{"href":"https:\/\/cafeprensa.com.ar\/index.php\/wp-json\/wp\/v2\/posts"}],"about":[{"href":"https:\/\/cafeprensa.com.ar\/index.php\/wp-json\/wp\/v2\/types\/post"}],"author":[{"embeddable":true,"href":"https:\/\/cafeprensa.com.ar\/index.php\/wp-json\/wp\/v2\/users\/2"}],"replies":[{"embeddable":true,"href":"https:\/\/cafeprensa.com.ar\/index.php\/wp-json\/wp\/v2\/comments?post=2478"}],"version-history":[{"count":1,"href":"https:\/\/cafeprensa.com.ar\/index.php\/wp-json\/wp\/v2\/posts\/2478\/revisions"}],"predecessor-version":[{"id":2480,"href":"https:\/\/cafeprensa.com.ar\/index.php\/wp-json\/wp\/v2\/posts\/2478\/revisions\/2480"}],"wp:featuredmedia":[{"embeddable":true,"href":"https:\/\/cafeprensa.com.ar\/index.php\/wp-json\/wp\/v2\/media\/2479"}],"wp:attachment":[{"href":"https:\/\/cafeprensa.com.ar\/index.php\/wp-json\/wp\/v2\/media?parent=2478"}],"wp:term":[{"taxonomy":"category","embeddable":true,"href":"https:\/\/cafeprensa.com.ar\/index.php\/wp-json\/wp\/v2\/categories?post=2478"},{"taxonomy":"post_tag","embeddable":true,"href":"https:\/\/cafeprensa.com.ar\/index.php\/wp-json\/wp\/v2\/tags?post=2478"}],"curies":[{"name":"wp","href":"https:\/\/api.w.org\/{rel}","templated":true}]}}