{"id":2494,"date":"2024-04-25T01:27:53","date_gmt":"2024-04-24T23:27:53","guid":{"rendered":"https:\/\/cafeprensa.com.ar\/?p=2494"},"modified":"2024-04-25T01:27:53","modified_gmt":"2024-04-24T23:27:53","slug":"un-ex-delegado-comunal-debe-mas-de-188-millones-de-pesos","status":"publish","type":"post","link":"https:\/\/cafeprensa.com.ar\/index.php\/2024\/04\/25\/un-ex-delegado-comunal-debe-mas-de-188-millones-de-pesos\/","title":{"rendered":"Un ex delegado comunal debe m\u00e1s de 188 millones de pesos"},"content":{"rendered":"<p class=\"title\">Desaparecieron en su gesti\u00f3n; Es el actual subsecretario de Comercio Interior de la provincia y ex delegado comunal de El Manantial que no pudo justificar el destino que les dio a los fondos p\u00fablicos.<\/p>\n<div class=\"at-vc\">\n<div id=\"vsmcontent\" class=\"content vsmcontent\">\n<p>El domingo pasado, el medio tucumandespierta.com revel\u00f3 la responsabilidad patrimonial que recae sobre\u00a0<span class=\"highlight\">el ex delegado comunal de El Manantial, Juan Carlos Bernard, debe devolver en su calidad de ex comisionado comunal en el per\u00edodo reclamado una cifra contundente de nada menos que $151.112.621,03 millones de pesos,<\/span>\u00a0sin embargo, contin\u00faa exponiendo m\u00e1s detalles sobre el excomisionado comunal.<\/p>\n<p>En esta ocasi\u00f3n, se ha conocido el Expediente N\u00b0 820-270-RCCR-2023, en el cual, por Acuerdo N\u00b0 2686 de fecha 26 de junio de 2023, se dispuso la sustanciaci\u00f3n de un Sumario de Cuentas en la Comuna Rural de El Manantial,\u00a0<span class=\"highlight\">debido a la falta de regularizaci\u00f3n del Comprobante de Observaci\u00f3n N\u00b0 805, por un monto total de $26.320.917,03.<\/span><\/p>\n<p class=\"background-main-color-box\"><em><strong>Pero esto no es todo, ya que tambi\u00e9n ha trascendido el expediente N\u00ba 1079-270-RCCR-2023, en el cual obra el Acuerdo N\u00b03706\/23 de fecha 31 de agosto de 2023, mediante el cual se orden\u00f3 un Sumario de Cuentas en el \u00e1mbito de la Comuna Rural de El Manantial, debido a la falta de regularizaci\u00f3n del Comprobante de Observaci\u00f3n N\u00ba 859 correspondiente al 2\u00ba BIM\/21, por un monto de $10.528.289,98.<\/strong><\/em><\/p>\n<p>Cabe destacar que el sindicado a\u00fan no ha regularizado la situaci\u00f3n de ambos Comprobantes de Observaci\u00f3n.\u00a0<span class=\"highlight\">De hecho, es por esta raz\u00f3n que corresponde iniciar un Juicio de Cuentas, seg\u00fan lo resuelto por el Tribunal de Cuentas, en contra de Bernard,<\/span>\u00a0conforme a lo establecido en el Art\u00edculo 145 de la Ley 6970 de Administraci\u00f3n Financiera.\u00a0<span class=\"highlight\">\u00abDando por concluido el Sumario de Cuentas, corresponde ahora iniciar el correspondiente Juicio de Cuentas\u00bb, al igual que en otros expedientes en los que tambi\u00e9n ha sido declarado en rebeld\u00eda.<\/span><\/p>\n<p>Sin embargo, el dinero no \u00abaparece\u00bb y, lejos de constituir un problema para Bernard, desde el poder pol\u00edtico no tuvieron mejor idea que premiarlo al t\u00e9rmino de su mandato en El Manantial,\u00a0<span class=\"highlight\">otorg\u00e1ndole el cargo de subsecretario de Comercio Interior.\u00a0<\/span>\u00a0Bernard ahora es un funcionario de alto rango en el gobierno provincial. Lo que es a\u00fan m\u00e1s sorprendente es que esto haya sido posible con la anuencia de quien ser\u00eda su \u00abpadrino pol\u00edtico\u00bb, tal como lo mencionamos el domingo pasado.<\/p>\n<p>De acuerdo a la investigaci\u00f3n de Tucum\u00e1n Despierta,\u00a0<span class=\"highlight\">Regino Amado, ministro de Gobierno y Justicia de la Provincia, ser\u00eda el responsable de haber colocado a Bernard en ese cargo<\/span>\u00a0a pesar de conocer los antecedentes negativos del ex delegado de El Manantial.<\/p>\n<p><span class=\"highlight\">El ministro est\u00e1 obligado a denunciar los delitos de acci\u00f3n p\u00fablica como funcionario.<\/span>\u00a0En el C\u00f3digo Procesal Penal de Tucum\u00e1n en la Ley 8933, Art. 147, dice que los ministros \u00abtendr\u00e1n obligaci\u00f3n de denunciar los delitos de acci\u00f3n p\u00fablica los funcionarios p\u00fablicos que conozcan el hecho en ejercicio de sus funciones o en ocasi\u00f3n de ese ejercicio, salvo el caso que pese sobre ellos el deber de guardar secreto impuesto por la Ley\u00bb.<\/p>\n<p>M\u00e1s precisamente, el inciso 3 refiere claramente que \u00abadministradores, depositarios o encargados. Las personas que por disposici\u00f3n de la Ley, de la autoridad o por alg\u00fan acto jur\u00eddico tengan a su cargo el manejo, la administraci\u00f3n, el cuidado o control de bienes o intereses de una instituci\u00f3n, entidad o persona, respecto de los delitos cometidos en perjuicio de esta o de la masa o patrimonio puesto bajo su cargo o control,<span class=\"highlight\">\u00a0siempre que conozcan del hecho en ejercicio de sus funciones\u00bb.<\/span><\/p>\n<p>Sin embargo, es necesario hacer hincapi\u00e9 precisamente en el Tribunal de Cuentas de la provincia. No se entiende c\u00f3mo han permitido que alguien como Bernard ocupe el cargo que ocupa en un organismo que claramente depende de Regino Amado,\u00a0<span class=\"highlight\">cuando el ex delegado comunal de El Manantial debe rendir cuentas sobre qu\u00e9 hizo con m\u00e1s de 200 millones hasta la fecha.<\/span><\/p>\n<\/div>\n<\/div>\n","protected":false},"excerpt":{"rendered":"<p>Desaparecieron en su gesti\u00f3n; Es el actual subsecretario de Comercio Interior de la provincia y ex delegado comunal de El Manantial que no pudo justificar el destino que les dio a los fondos p\u00fablicos. El domingo pasado, el medio tucumandespierta.com revel\u00f3 la responsabilidad patrimonial que recae sobre\u00a0el ex delegado comunal de El Manantial, Juan Carlos &hellip;<\/p>\n","protected":false},"author":2,"featured_media":2495,"comment_status":"open","ping_status":"open","sticky":false,"template":"","format":"standard","meta":{"footnotes":""},"categories":[54,34],"tags":[],"class_list":["post-2494","post","type-post","status-publish","format-standard","has-post-thumbnail","hentry","category-interes-ganeral","category-locales"],"_links":{"self":[{"href":"https:\/\/cafeprensa.com.ar\/index.php\/wp-json\/wp\/v2\/posts\/2494","targetHints":{"allow":["GET"]}}],"collection":[{"href":"https:\/\/cafeprensa.com.ar\/index.php\/wp-json\/wp\/v2\/posts"}],"about":[{"href":"https:\/\/cafeprensa.com.ar\/index.php\/wp-json\/wp\/v2\/types\/post"}],"author":[{"embeddable":true,"href":"https:\/\/cafeprensa.com.ar\/index.php\/wp-json\/wp\/v2\/users\/2"}],"replies":[{"embeddable":true,"href":"https:\/\/cafeprensa.com.ar\/index.php\/wp-json\/wp\/v2\/comments?post=2494"}],"version-history":[{"count":1,"href":"https:\/\/cafeprensa.com.ar\/index.php\/wp-json\/wp\/v2\/posts\/2494\/revisions"}],"predecessor-version":[{"id":2496,"href":"https:\/\/cafeprensa.com.ar\/index.php\/wp-json\/wp\/v2\/posts\/2494\/revisions\/2496"}],"wp:featuredmedia":[{"embeddable":true,"href":"https:\/\/cafeprensa.com.ar\/index.php\/wp-json\/wp\/v2\/media\/2495"}],"wp:attachment":[{"href":"https:\/\/cafeprensa.com.ar\/index.php\/wp-json\/wp\/v2\/media?parent=2494"}],"wp:term":[{"taxonomy":"category","embeddable":true,"href":"https:\/\/cafeprensa.com.ar\/index.php\/wp-json\/wp\/v2\/categories?post=2494"},{"taxonomy":"post_tag","embeddable":true,"href":"https:\/\/cafeprensa.com.ar\/index.php\/wp-json\/wp\/v2\/tags?post=2494"}],"curies":[{"name":"wp","href":"https:\/\/api.w.org\/{rel}","templated":true}]}}