{"id":2497,"date":"2024-04-25T01:29:50","date_gmt":"2024-04-24T23:29:50","guid":{"rendered":"https:\/\/cafeprensa.com.ar\/?p=2497"},"modified":"2024-04-25T01:29:50","modified_gmt":"2024-04-24T23:29:50","slug":"se-fortaleceran-lazos-entre-gobierno-nacional-y-la-escuela-de-gobierno-de-tucuman","status":"publish","type":"post","link":"https:\/\/cafeprensa.com.ar\/index.php\/2024\/04\/25\/se-fortaleceran-lazos-entre-gobierno-nacional-y-la-escuela-de-gobierno-de-tucuman\/","title":{"rendered":"Se fortalecer\u00e1n lazos entre Gobierno Nacional y la Escuela de Gobierno de Tucum\u00e1n"},"content":{"rendered":"<div class=\"post-header-area\">\n<p class=\"sumario\">Jaldo y Ra\u00fal ALbarrac\u00edn se reunieron para anticipar la firma del convenio que se llevar\u00e1 a cabo durante la visita del Ministro del Interior de la Naci\u00f3n.<\/p>\n<\/div>\n<div class=\"post-content-area\">\n<div>\n<p>En vistas de la visita a Tucum\u00e1n del ministro del Interior de la Naci\u00f3n\u00a0<strong>Guillermo Francos<\/strong>\u00a0el pr\u00f3ximo viernes, esta ma\u00f1ana el gobernador\u00a0<strong>Osvaldo Jaldo<\/strong>\u00a0se reuni\u00f3 con el secretario de Gobierno y Relaciones Institucionales,\u00a0<strong>Ra\u00fal Albarrac\u00edn,<\/strong>\u00a0para ultimar detalles para una importante firma de convenio de cooperaci\u00f3n.<\/p>\n<p>El acuerdo, que ser\u00e1 rubricado por Jaldo y el funcionario nacional, busca fortalecer los lazos institucionales y promover la formaci\u00f3n a trav\u00e9s de la Escuela de Gobierno provincial.<\/p>\n<blockquote><p>Esto significar\u00e1 poder ir aunando esfuerzos, criterios y estrategias para generar estos marcos de trayecto formativo, de capacitaci\u00f3n\u00bb, dijo Albarrac\u00edn luego de la reuni\u00f3n.<\/p><\/blockquote>\n<p>Y remarc\u00f3: \u00abEl Gobernador nos dio expresas instrucciones de que generemos un Gobierno cercano, que d\u00e9 respuesta, que genere oportunidades y alternativas para nuestros vecinos, y es lo que estamos haciendo\u00bb.<\/p>\n<\/div>\n<\/div>\n","protected":false},"excerpt":{"rendered":"<p>Jaldo y Ra\u00fal ALbarrac\u00edn se reunieron para anticipar la firma del convenio que se llevar\u00e1 a cabo durante la visita del Ministro del Interior de la Naci\u00f3n. En vistas de la visita a Tucum\u00e1n del ministro del Interior de la Naci\u00f3n\u00a0Guillermo Francos\u00a0el pr\u00f3ximo viernes, esta ma\u00f1ana el gobernador\u00a0Osvaldo Jaldo\u00a0se reuni\u00f3 con el secretario de Gobierno &hellip;<\/p>\n","protected":false},"author":2,"featured_media":2498,"comment_status":"open","ping_status":"open","sticky":false,"template":"","format":"standard","meta":{"footnotes":""},"categories":[54,34],"tags":[109,498],"class_list":["post-2497","post","type-post","status-publish","format-standard","has-post-thumbnail","hentry","category-interes-ganeral","category-locales","tag-jaldo-gobernador","tag-raul-albarracin"],"_links":{"self":[{"href":"https:\/\/cafeprensa.com.ar\/index.php\/wp-json\/wp\/v2\/posts\/2497","targetHints":{"allow":["GET"]}}],"collection":[{"href":"https:\/\/cafeprensa.com.ar\/index.php\/wp-json\/wp\/v2\/posts"}],"about":[{"href":"https:\/\/cafeprensa.com.ar\/index.php\/wp-json\/wp\/v2\/types\/post"}],"author":[{"embeddable":true,"href":"https:\/\/cafeprensa.com.ar\/index.php\/wp-json\/wp\/v2\/users\/2"}],"replies":[{"embeddable":true,"href":"https:\/\/cafeprensa.com.ar\/index.php\/wp-json\/wp\/v2\/comments?post=2497"}],"version-history":[{"count":1,"href":"https:\/\/cafeprensa.com.ar\/index.php\/wp-json\/wp\/v2\/posts\/2497\/revisions"}],"predecessor-version":[{"id":2499,"href":"https:\/\/cafeprensa.com.ar\/index.php\/wp-json\/wp\/v2\/posts\/2497\/revisions\/2499"}],"wp:featuredmedia":[{"embeddable":true,"href":"https:\/\/cafeprensa.com.ar\/index.php\/wp-json\/wp\/v2\/media\/2498"}],"wp:attachment":[{"href":"https:\/\/cafeprensa.com.ar\/index.php\/wp-json\/wp\/v2\/media?parent=2497"}],"wp:term":[{"taxonomy":"category","embeddable":true,"href":"https:\/\/cafeprensa.com.ar\/index.php\/wp-json\/wp\/v2\/categories?post=2497"},{"taxonomy":"post_tag","embeddable":true,"href":"https:\/\/cafeprensa.com.ar\/index.php\/wp-json\/wp\/v2\/tags?post=2497"}],"curies":[{"name":"wp","href":"https:\/\/api.w.org\/{rel}","templated":true}]}}