{"id":2519,"date":"2024-04-25T16:09:24","date_gmt":"2024-04-25T14:09:24","guid":{"rendered":"https:\/\/cafeprensa.com.ar\/?p=2519"},"modified":"2024-04-25T16:09:24","modified_gmt":"2024-04-25T14:09:24","slug":"aumento-de-la-nafta-en-mayo-de-cuanto-sera","status":"publish","type":"post","link":"https:\/\/cafeprensa.com.ar\/index.php\/2024\/04\/25\/aumento-de-la-nafta-en-mayo-de-cuanto-sera\/","title":{"rendered":"Aumento de la nafta en mayo: de cu\u00e1nto ser\u00e1"},"content":{"rendered":"<p class=\"description separatorlines\">Es por la aplicaci\u00f3n del \u00faltimo tramo de incrementos que estaban pospuestos. El Gobierno define por estas horas si mantiene el cronograma para el inicio de mayo.<\/p>\n<div class=\"at-vc\">\n<div id=\"vsmcontent\" class=\"content vsmcontent\">\n<p>Los precios de los combustibles (nafta y gasoil) tendr\u00e1n un\u00a0<span class=\"highlight\">aumento la semana que viene.<\/span>\u00a0Es porque vuelven a subir los impuestos a los combustibles y las petroleras trasladar\u00e1n al menos la devaluaci\u00f3n acumulada del \u00faltimo mes, el 2% mensual que sube el d\u00f3lar.<\/p>\n<p>Se prev\u00e9 una nueva actualizaci\u00f3n del impuesto a los combustibles l\u00edquidos (ICL) que las petroleras &#8211;<span class=\"highlight\">YPF, Shell, Axion y Puma Energy<\/span>&#8211; podr\u00edan trasladar al surtidor. Si no media una decisi\u00f3n de \u00faltimo momento, el aumento en los precios de la nafta y el gasoil ser\u00e1 de al menos un\u00a0<span class=\"highlight\">8%.<\/span><\/p>\n<p>Por su parte, el gerente de la Confederaci\u00f3n de Entidades de Comercializaci\u00f3n e Hidrocarburos y Afines (CECHA),\u00a0<b>Guillermo Lego<\/b>, indic\u00f3 que<span class=\"highlight\">\u00a0todav\u00eda \u00abes temprano\u00bb estimar el alza en los combustibles<\/span>, porque las petroleras deben analizar otras variables, como la devaluaci\u00f3n mensual del 2% que aplica el Banco Central y el precio internacional del Brent (US$88,12\/barril), cuyo valor oscila por los conflictos internacionales, que podr\u00edan derivar en un mayor incremento al surtidor.<\/p>\n<p>Adem\u00e1s, Lego inform\u00f3 que durante el tercer mes del a\u00f1o,\u00a0<span class=\"highlight\">el consumo de naftas y gasoil cay\u00f3 12,13% interanual<\/span>. Mientras,\u00a0<span class=\"highlight\">la nafta de mayor calidad registr\u00f3 una ca\u00edda del 23,27%<\/span>. Por la diferencia de valores, \u00abel usuario resign\u00f3 calidad por precio\u00bb. Para Lego, la ca\u00edda del consumo de combustibles no se da solo por los aumentos, sino por la \u00abdisminuci\u00f3n sostenida del poder adquisitivo\u00bb de los consumidores.<\/p>\n<\/div>\n<\/div>\n","protected":false},"excerpt":{"rendered":"<p>Es por la aplicaci\u00f3n del \u00faltimo tramo de incrementos que estaban pospuestos. El Gobierno define por estas horas si mantiene el cronograma para el inicio de mayo. Los precios de los combustibles (nafta y gasoil) tendr\u00e1n un\u00a0aumento la semana que viene.\u00a0Es porque vuelven a subir los impuestos a los combustibles y las petroleras trasladar\u00e1n al &hellip;<\/p>\n","protected":false},"author":2,"featured_media":2520,"comment_status":"open","ping_status":"open","sticky":false,"template":"","format":"standard","meta":{"footnotes":""},"categories":[28,33],"tags":[621,400,435,436],"class_list":["post-2519","post","type-post","status-publish","format-standard","has-post-thumbnail","hentry","category-economia","category-nacionales","tag-aumntos","tag-estaciones-de-servicios","tag-nafta","tag-ypf"],"_links":{"self":[{"href":"https:\/\/cafeprensa.com.ar\/index.php\/wp-json\/wp\/v2\/posts\/2519","targetHints":{"allow":["GET"]}}],"collection":[{"href":"https:\/\/cafeprensa.com.ar\/index.php\/wp-json\/wp\/v2\/posts"}],"about":[{"href":"https:\/\/cafeprensa.com.ar\/index.php\/wp-json\/wp\/v2\/types\/post"}],"author":[{"embeddable":true,"href":"https:\/\/cafeprensa.com.ar\/index.php\/wp-json\/wp\/v2\/users\/2"}],"replies":[{"embeddable":true,"href":"https:\/\/cafeprensa.com.ar\/index.php\/wp-json\/wp\/v2\/comments?post=2519"}],"version-history":[{"count":1,"href":"https:\/\/cafeprensa.com.ar\/index.php\/wp-json\/wp\/v2\/posts\/2519\/revisions"}],"predecessor-version":[{"id":2521,"href":"https:\/\/cafeprensa.com.ar\/index.php\/wp-json\/wp\/v2\/posts\/2519\/revisions\/2521"}],"wp:featuredmedia":[{"embeddable":true,"href":"https:\/\/cafeprensa.com.ar\/index.php\/wp-json\/wp\/v2\/media\/2520"}],"wp:attachment":[{"href":"https:\/\/cafeprensa.com.ar\/index.php\/wp-json\/wp\/v2\/media?parent=2519"}],"wp:term":[{"taxonomy":"category","embeddable":true,"href":"https:\/\/cafeprensa.com.ar\/index.php\/wp-json\/wp\/v2\/categories?post=2519"},{"taxonomy":"post_tag","embeddable":true,"href":"https:\/\/cafeprensa.com.ar\/index.php\/wp-json\/wp\/v2\/tags?post=2519"}],"curies":[{"name":"wp","href":"https:\/\/api.w.org\/{rel}","templated":true}]}}