{"id":2542,"date":"2024-04-26T12:49:28","date_gmt":"2024-04-26T10:49:28","guid":{"rendered":"https:\/\/cafeprensa.com.ar\/?p=2542"},"modified":"2024-04-26T12:49:28","modified_gmt":"2024-04-26T10:49:28","slug":"distinguen-en-el-senado-de-la-nacion-a-un-reconocido-medico-tucumano","status":"publish","type":"post","link":"https:\/\/cafeprensa.com.ar\/index.php\/2024\/04\/26\/distinguen-en-el-senado-de-la-nacion-a-un-reconocido-medico-tucumano\/","title":{"rendered":"Distinguen en el Senado de la Naci\u00f3n a un reconocido m\u00e9dico tucumano"},"content":{"rendered":"<div class=\"the-post-header s-head-modern s-head-modern-a has-share-meta-right\">\n<div class=\"post-meta post-meta-a post-meta-left post-meta-single has-below\">\n<div class=\"meta-below-has-right\">\n<div class=\"post-share post-share-b spc-social-colors  post-share-b3 post-share-b-circles post-share-b3-circles\">El prestigioso m\u00e9dico tucumano Juan Carlos Tejerizo recibir\u00e1 el diploma de Honor del Senado de la Naci\u00f3n el pr\u00f3ximo martes 30 de abril, a la 15 horas, en el Sal\u00f3n Eva Per\u00f3n del Palacio del Legislativo.<\/div>\n<div class=\"post-share post-share-b spc-social-colors  post-share-b3 post-share-b-circles post-share-b3-circles\">Tejerizo, m\u00e9dico de larga trayectoria, actualmente es subdirector m\u00e9dico del <em><strong>Hospital Italiano de Buenos Aires.<\/strong><\/em><\/div>\n<\/div>\n<\/div>\n<\/div>\n<div class=\"the-post s-post-modern\">\n<article id=\"post-63278\" class=\"post-63278 post type-post status-publish format-standard has-post-thumbnail category-tucuman category-z4-destacada tag-juan-carlos-tejerizo tag-medico tag-urologo\">\n<div class=\"post-content-wrap has-share-float\">\n<div class=\"post-content cf entry-content content-spacious\">\n<p>Este galard\u00f3n se otorga por el \u201cinvaluable aporte a las ciencias m\u00e9dicas y a su profundo compromiso con la promoci\u00f3n y el desarrollo de la salud p\u00fablica\u201d, fundament\u00f3 la senadora Beatriz Avila, impulsora del reconocimiento.<\/p>\n<p>En este sentido, la parlamentaria destac\u00f3 la importancia de la figura de Tejerizo, como un tucumano que \u201cle dedic\u00f3 40 a\u00f1os de su vida a la atenci\u00f3n en el Hospital Italiano, pero que nunca olvid\u00f3 sus ra\u00edces, destac\u00e1ndose por su capacidad, su compromiso, su empat\u00eda y humanismo\u201d.<\/p>\n<p>El doctor Juan Carlos Tejerizo es un m\u00e9dico ur\u00f3logo, especialista en patolog\u00edas oncol\u00f3gicas, reconocido en el pa\u00eds y el mundo. <em><strong>Se gradu\u00f3 en la Universidad Nacional de Tucum\u00e1n (UNT) y se form\u00f3 tambi\u00e9n en la Universidad de Padova (Italia). <\/strong><\/em><\/p>\n<p>Ingres\u00f3 c\u00f3mo residente al Hospital Italiano en 1983 y actualmente es el subdirector m\u00e9dico de esta instituci\u00f3n, que se destaca como hospital escuela en la formaci\u00f3n de profesionales altamente capacitados, sobre todo, en cirug\u00eda de alta complejidad. Tejerizo es adem\u00e1s ur\u00f3logo consultor de la Sociedad Argentina de Urolog\u00eda y ex presidente de esta entidad. Fue profesor de la Universidad de Buenos Aires (UBA) y de la Universidad del Hospital Italiano.<\/p>\n<\/div>\n<\/div>\n<\/article>\n<\/div>\n","protected":false},"excerpt":{"rendered":"<p>El prestigioso m\u00e9dico tucumano Juan Carlos Tejerizo recibir\u00e1 el diploma de Honor del Senado de la Naci\u00f3n el pr\u00f3ximo martes 30 de abril, a la 15 horas, en el Sal\u00f3n Eva Per\u00f3n del Palacio del Legislativo. Tejerizo, m\u00e9dico de larga trayectoria, actualmente es subdirector m\u00e9dico del Hospital Italiano de Buenos Aires. Este galard\u00f3n se otorga &hellip;<\/p>\n","protected":false},"author":2,"featured_media":2543,"comment_status":"open","ping_status":"open","sticky":false,"template":"","format":"standard","meta":{"footnotes":""},"categories":[54,34],"tags":[632,633],"class_list":["post-2542","post","type-post","status-publish","format-standard","has-post-thumbnail","hentry","category-interes-ganeral","category-locales","tag-doctor-juan-carlos-tejerizo","tag-subdirector-del-hospital-italiano"],"_links":{"self":[{"href":"https:\/\/cafeprensa.com.ar\/index.php\/wp-json\/wp\/v2\/posts\/2542","targetHints":{"allow":["GET"]}}],"collection":[{"href":"https:\/\/cafeprensa.com.ar\/index.php\/wp-json\/wp\/v2\/posts"}],"about":[{"href":"https:\/\/cafeprensa.com.ar\/index.php\/wp-json\/wp\/v2\/types\/post"}],"author":[{"embeddable":true,"href":"https:\/\/cafeprensa.com.ar\/index.php\/wp-json\/wp\/v2\/users\/2"}],"replies":[{"embeddable":true,"href":"https:\/\/cafeprensa.com.ar\/index.php\/wp-json\/wp\/v2\/comments?post=2542"}],"version-history":[{"count":1,"href":"https:\/\/cafeprensa.com.ar\/index.php\/wp-json\/wp\/v2\/posts\/2542\/revisions"}],"predecessor-version":[{"id":2544,"href":"https:\/\/cafeprensa.com.ar\/index.php\/wp-json\/wp\/v2\/posts\/2542\/revisions\/2544"}],"wp:featuredmedia":[{"embeddable":true,"href":"https:\/\/cafeprensa.com.ar\/index.php\/wp-json\/wp\/v2\/media\/2543"}],"wp:attachment":[{"href":"https:\/\/cafeprensa.com.ar\/index.php\/wp-json\/wp\/v2\/media?parent=2542"}],"wp:term":[{"taxonomy":"category","embeddable":true,"href":"https:\/\/cafeprensa.com.ar\/index.php\/wp-json\/wp\/v2\/categories?post=2542"},{"taxonomy":"post_tag","embeddable":true,"href":"https:\/\/cafeprensa.com.ar\/index.php\/wp-json\/wp\/v2\/tags?post=2542"}],"curies":[{"name":"wp","href":"https:\/\/api.w.org\/{rel}","templated":true}]}}