{"id":2600,"date":"2024-04-30T12:38:51","date_gmt":"2024-04-30T10:38:51","guid":{"rendered":"https:\/\/cafeprensa.com.ar\/?p=2600"},"modified":"2024-04-30T12:40:55","modified_gmt":"2024-04-30T10:40:55","slug":"temblor-de-46-grados-con-epicentro-en-salta-se-sintio-en-tucuman","status":"publish","type":"post","link":"https:\/\/cafeprensa.com.ar\/index.php\/2024\/04\/30\/temblor-de-46-grados-con-epicentro-en-salta-se-sintio-en-tucuman\/","title":{"rendered":"Temblor de 4,6 grados con epicentro en Salta se sinti\u00f3 en Tucum\u00e1n"},"content":{"rendered":"<div class=\"pull-left col-md-6 fotos-containers\">\n<p>El movimiento tel\u00farico se registr\u00f3 alrededor de las 23.10 y tuvo una magnitud de 4,6.<ins class=\"adsbygoogle\" data-ad-client=\"ca-pub-3344567375131413\" data-ad-slot=\"1060832745\" data-ad-format=\"auto\" data-full-width-responsive=\"true\" data-adsbygoogle-status=\"done\" data-ad-status=\"filled\"><\/ins><\/p>\n<div id=\"aswift_2_host\"><em><b style=\"background-color: #ffffff;\">Un fuerte sismo que sacudi\u00f3 a la vecina provincia de Salta se hizo sentir en la noche de este lunes en Tucum\u00e1n, seg\u00fan indic\u00f3 un informe del Instituto Nacional de Prevenci\u00f3n S\u00edsmica (Inpres).<\/b><\/em><\/div>\n<p>De acuerdo a lo que se inform\u00f3, el movimiento tel\u00farico se registr\u00f3 segundos antes de las 23.10. El epicentro fue en una zona cercana a la localidad salte\u00f1a de Cachi, con una magnitudo de 4,6 y una profundidad de 40 kil\u00f3metros.<\/p>\n<\/div>\n<p>Vecinos de <em><strong>San Miguel de Tucum\u00e1n, sobre todo en Barrio Norte y Barrio Sur,<\/strong><\/em> manifestaron a trav\u00e9s de las redes sociales que sintieron con fuerza el sismo.<br \/>\nEs el segundo temblor de una importante magnitud que se detecta en abril en nuestra provincia. El anterior fue el 5 de abril y el epicentro fue Monteros.<br \/>\n<img decoding=\"async\" class=\"img-responsive\" src=\"https:\/\/scontent.faep6-2.fna.fbcdn.net\/v\/t1.15752-9\/436770985_1109101027035620_5264232414264088780_n.jpg?_nc_cat=110&amp;ccb=1-7&amp;_nc_sid=5f2048&amp;_nc_ohc=eLXgKSSZNB8Ab5py3Sd&amp;_nc_ht=scontent.faep6-2.fna&amp;oh=03_Q7cD1QHAhstL2n83-IoNCnBPDpcsZ1DFU7U2lDCx537XMmzktQ&amp;oe=6657B373\" width=\"700\" \/><br \/>\n<u><b>Las diferencias entre sismo, temblor y terremoto<\/b><\/u><br \/>\nSeg\u00fan el Sistema Nacional para la Gesti\u00f3n Integral del Riesgo (Sinagir), \u00abun sismo o terremoto es un movimiento brusco de la tierra, causado por la liberaci\u00f3n repentina de energ\u00eda dentro de la misma tierra\u00bb.<br \/>\nEl Inpres define que \u00abel t\u00e9rmino temblor es utilizado cotidianamente para calificar los sismos de regular intensidad, que generalmente tienen una magnitud menor a 6, y que no causan grandes da\u00f1os\u00bb.<br \/>\nEn tanto, \u00abla palabra terremoto para los sismos de gran intensidad, y de mayor magnitud, que conllevan efectos destructivos de construcciones realizadas por el hombre y\/o p\u00e9rdidas de vidas humanas\u00bb.<br \/>\nEs decir, los sismos pueden tener distintos niveles de intensidad, desde movimientos imperceptibles hasta sismos potencialmente destructivos.<br \/>\nLos m\u00e1s fuertes son los que se detectan porque algo se mueve y pueden generar da\u00f1os. En este caso, se pone en riesgo \u00abla integridad f\u00edsica, la seguridad de todos los habitantes\u00bb- seg\u00fan el Sinagir- y pueden \u00abrepercutir generando da\u00f1os en las viviendas y edificios, derrumbes de puentes, rompimiento de vidrios, entre otros\u00bb.<\/p>\n","protected":false},"excerpt":{"rendered":"<p>El movimiento tel\u00farico se registr\u00f3 alrededor de las 23.10 y tuvo una magnitud de 4,6. Un fuerte sismo que sacudi\u00f3 a la vecina provincia de Salta se hizo sentir en la noche de este lunes en Tucum\u00e1n, seg\u00fan indic\u00f3 un informe del Instituto Nacional de Prevenci\u00f3n S\u00edsmica (Inpres). De acuerdo a lo que se inform\u00f3, &hellip;<\/p>\n","protected":false},"author":2,"featured_media":2601,"comment_status":"open","ping_status":"open","sticky":false,"template":"","format":"standard","meta":{"footnotes":""},"categories":[54,34],"tags":[650,649,160],"class_list":["post-2600","post","type-post","status-publish","format-standard","has-post-thumbnail","hentry","category-interes-ganeral","category-locales","tag-saltra","tag-temblor","tag-tucuman"],"_links":{"self":[{"href":"https:\/\/cafeprensa.com.ar\/index.php\/wp-json\/wp\/v2\/posts\/2600","targetHints":{"allow":["GET"]}}],"collection":[{"href":"https:\/\/cafeprensa.com.ar\/index.php\/wp-json\/wp\/v2\/posts"}],"about":[{"href":"https:\/\/cafeprensa.com.ar\/index.php\/wp-json\/wp\/v2\/types\/post"}],"author":[{"embeddable":true,"href":"https:\/\/cafeprensa.com.ar\/index.php\/wp-json\/wp\/v2\/users\/2"}],"replies":[{"embeddable":true,"href":"https:\/\/cafeprensa.com.ar\/index.php\/wp-json\/wp\/v2\/comments?post=2600"}],"version-history":[{"count":2,"href":"https:\/\/cafeprensa.com.ar\/index.php\/wp-json\/wp\/v2\/posts\/2600\/revisions"}],"predecessor-version":[{"id":2603,"href":"https:\/\/cafeprensa.com.ar\/index.php\/wp-json\/wp\/v2\/posts\/2600\/revisions\/2603"}],"wp:featuredmedia":[{"embeddable":true,"href":"https:\/\/cafeprensa.com.ar\/index.php\/wp-json\/wp\/v2\/media\/2601"}],"wp:attachment":[{"href":"https:\/\/cafeprensa.com.ar\/index.php\/wp-json\/wp\/v2\/media?parent=2600"}],"wp:term":[{"taxonomy":"category","embeddable":true,"href":"https:\/\/cafeprensa.com.ar\/index.php\/wp-json\/wp\/v2\/categories?post=2600"},{"taxonomy":"post_tag","embeddable":true,"href":"https:\/\/cafeprensa.com.ar\/index.php\/wp-json\/wp\/v2\/tags?post=2600"}],"curies":[{"name":"wp","href":"https:\/\/api.w.org\/{rel}","templated":true}]}}