{"id":2604,"date":"2024-04-30T12:55:02","date_gmt":"2024-04-30T10:55:02","guid":{"rendered":"https:\/\/cafeprensa.com.ar\/?p=2604"},"modified":"2024-04-30T12:55:02","modified_gmt":"2024-04-30T10:55:02","slug":"ridicula-calmate-dale-un-rivotril-que-esta-sacada","status":"publish","type":"post","link":"https:\/\/cafeprensa.com.ar\/index.php\/2024\/04\/30\/ridicula-calmate-dale-un-rivotril-que-esta-sacada\/","title":{"rendered":"\u201cRid\u00edcula\u201d, \u201ccalmate\u201d, \u201cdale un rivotril que est\u00e1 sacada\u201d"},"content":{"rendered":"<header class=\"article-header-wrapper\">\n<div class=\"article-header \">\n<p id=\"&quot;ridicula&quot;-&quot;calmate&quot;-&quot;dale-un-rivotril-que-esta-sacada&quot;:-el-tratamiento-de-la-ley-bases-comenzo-con-una-fuerte-discusion\" class=\"article-headline left \">El tratamiento de la Ley Bases comenz\u00f3 con una fuerte discusi\u00f3n. A los gritos, la oposici\u00f3n le reclam\u00f3 al presidente de C\u00e1mara Baja, Mart\u00edn Menem, por el formato de la sesi\u00f3n, que se prev\u00e9 marat\u00f3nica y que ya hab\u00eda sido acordado por la mayor\u00eda en Labor Parlamentaria.<\/p>\n<\/div>\n<\/header>\n<article class=\"article\">\n<div class=\"body-article\">\n<div class=\"jwplayer-ctn\">Cruce en Diputados por Ley Bases<\/div>\n<p class=\"paragraph\" data-mrf-recirculation=\"Links inline\">La sesi\u00f3n en Diputados para tratar\u00a0<a href=\"https:\/\/www.infobae.com\/politica\/2024\/04\/29\/ley-bases-en-diputados-en-vivo-las-ultimas-noticias-del-debate-en-el-congreso-minuto-a-minuto\/\" target=\"_blank\" rel=\"noopener noreferrer\" data-mrf-link=\"https:\/\/www.infobae.com\/politica\/2024\/04\/29\/ley-bases-en-diputados-en-vivo-las-ultimas-noticias-del-debate-en-el-congreso-minuto-a-minuto\/\">la nueva Ley Bases comenz\u00f3 pasadas las 12.20<\/a>\u00a0y con un esc\u00e1ndalo: legisladores del oficialismo y oposici\u00f3n se enfrentaron, casi a los gritos, por\u00a0<a href=\"https:\/\/www.infobae.com\/politica\/2024\/04\/29\/diputados-sesionara-para-aprobar-la-ley-omnibus-y-el-paquete-fiscal-riesgos-y-tensiones-para-las-votaciones-en-particular\/\" target=\"_blank\" rel=\"noopener noreferrer\" data-mrf-link=\"https:\/\/www.infobae.com\/politica\/2024\/04\/29\/diputados-sesionara-para-aprobar-la-ley-omnibus-y-el-paquete-fiscal-riesgos-y-tensiones-para-las-votaciones-en-particular\/\">el formato que la mayor\u00eda del cuerpo ya hab\u00eda acordado en Labor Parlamentaria<\/a>:\u00a0<b>sin cuartos intermedios y por cap\u00edtulos, no art\u00edculo por art\u00edculo.<\/b><\/p>\n<p class=\"paragraph\" data-mrf-recirculation=\"Links inline\">As\u00ed, a los pocos minutos del inicio de la discusi\u00f3n, mientras la palabra la ten\u00eda el radical\u00a0<b>Rodrigo De Loredo<\/b>, se pudieron escuchar en el recinto de sesiones palabras como \u201c<b>rid\u00edcula<\/b>\u201d o \u201c<b>calmate<\/b>\u201d. Inclusive, una legisladora\u00a0<b>pidi\u00f3 darle \u201cun rivotril, que est\u00e1 sacada<\/b>\u201d, a la diputada\u00a0<b>Ana Carolina Gaillard.<\/b><\/p>\n<p class=\"paragraph\" data-mrf-recirculation=\"Links inline\"><b>\u201c<\/b>Entiendo el apuro y que le quieren dar celeridad al tr\u00e1mite, pero ante el solo pedido de un diputado el reglamento habilita que se debata art\u00edculo por art\u00edculo\u201d, se\u00f1al\u00f3 la legisladora del Frente de Todos de forma vehemente. El destinatario fue el presidente de la C\u00e1mara Baja,\u00a0<b>Mart\u00edn Menem<\/b>.<\/p>\n<p class=\"paragraph\" data-mrf-recirculation=\"Links inline\">Misma cr\u00edtica que Gaillard realiz\u00f3\u00a0<b>Agustina Propato\u00a0<\/b>y el titular de la bancada de Uni\u00f3n por la Patria,\u00a0<b>Germ\u00e1n Mart\u00ednez.\u00a0<\/b>\u201cArrancamos mal\u201d, plante\u00f3.<\/p>\n<div class=\"visual__image\"><img loading=\"lazy\" decoding=\"async\" class=\"\" src=\"https:\/\/www.infobae.com\/new-resizer\/I5zJZrQK9j6sOhd7Xb1OxkkMxsQ=\/420x236\/filters:format(webp):quality(85)\/cloudfront-us-east-1.images.arcpublishing.com\/infobae\/2AGLXHFJZFAVBLA6HQ7BOVRW3A.jpeg%20420w\" sizes=\"auto, (min-width: 1560px) 856px, (min-width: 1000px) calc(74.63vw - 293px), (min-width: 780px) calc(100vw - 376px), (min-width: 580px) calc(100vw - 32px), 100vw\" srcset=\"https:\/\/www.infobae.com\/new-resizer\/I5zJZrQK9j6sOhd7Xb1OxkkMxsQ=\/420x236\/filters:format(webp):quality(85)\/cloudfront-us-east-1.images.arcpublishing.com\/infobae\/2AGLXHFJZFAVBLA6HQ7BOVRW3A.jpeg 420w,https:\/\/www.infobae.com\/new-resizer\/SVi7GvkUYQrilQCLk4kqNvYHPEA=\/768x432\/filters:format(webp):quality(85)\/cloudfront-us-east-1.images.arcpublishing.com\/infobae\/2AGLXHFJZFAVBLA6HQ7BOVRW3A.jpeg 768w,https:\/\/www.infobae.com\/new-resizer\/Ky6ZCr15bB7kitVj11LrTc17gzg=\/992x558\/filters:format(webp):quality(85)\/cloudfront-us-east-1.images.arcpublishing.com\/infobae\/2AGLXHFJZFAVBLA6HQ7BOVRW3A.jpeg 992w,https:\/\/www.infobae.com\/new-resizer\/vdN3r6n6aWmubxV9o2FbM7HTWyY=\/1200x675\/filters:format(webp):quality(85)\/cloudfront-us-east-1.images.arcpublishing.com\/infobae\/2AGLXHFJZFAVBLA6HQ7BOVRW3A.jpeg 1200w,https:\/\/www.infobae.com\/new-resizer\/wgFYDAXPFfKu9yvbHsylqRFAcho=\/1440x810\/filters:format(webp):quality(85)\/cloudfront-us-east-1.images.arcpublishing.com\/infobae\/2AGLXHFJZFAVBLA6HQ7BOVRW3A.jpeg 1440w\" alt=\"El diputado del Frente de Todos, M\u00e1ximo Kirchner (Adri\u00e1n Escandar)\" width=\"1280\" height=\"720\" data-src=\"https:\/\/www.infobae.com\/new-resizer\/I5zJZrQK9j6sOhd7Xb1OxkkMxsQ=\/420x236\/filters:format(webp):quality(85)\/cloudfront-us-east-1.images.arcpublishing.com\/infobae\/2AGLXHFJZFAVBLA6HQ7BOVRW3A.jpeg 420w\" \/>El diputado del Frente de Todos, M\u00e1ximo Kirchner (Adri\u00e1n Escandar)<\/div>\n<div class=\"headline-wrapper\">\n<h2 class=\"header headline-class-h2\">Qu\u00e9 se discute en el Congreso<\/h2>\n<\/div>\n<p class=\"paragraph\" data-mrf-recirculation=\"Links inline\">En la sesi\u00f3n de hoy, el oficialismo aspira a lograr media sanci\u00f3n para<a href=\"https:\/\/www.infobae.com\/economia\/2024\/04\/29\/impuestos-inversiones-y-reformas-punto-por-punto-cuales-son-las-medidas-economicas-que-debatira-a-partir-hoy-diputados\/\" target=\"_blank\" rel=\"noopener noreferrer\" data-mrf-link=\"https:\/\/www.infobae.com\/economia\/2024\/04\/29\/impuestos-inversiones-y-reformas-punto-por-punto-cuales-son-las-medidas-economicas-que-debatira-a-partir-hoy-diputados\/\">\u00a0la<b>\u00a0ley de Bases<\/b>\u00a0y el<b>\u00a0paquete fiscal<\/b><\/a><b>.\u00a0<\/b>Ambas tuvieron dictamen de comisi\u00f3n la semana pasada y cuentan, a priori, con respaldo parlamentario suficiente para trasladar la discusi\u00f3n al Senado. Ser\u00e1 la segunda vez que el oficialismo intentar\u00e1 aprobar en la c\u00e1mara baja la\u00a0<b>ley \u00f3mnibus<\/b>, tras el ensayo fracasado durante el verano, en sesiones extraordinarias, que terminaron con una aprobaci\u00f3n en general pero en un naufragio al momento de los votos necesarios durante la discusi\u00f3n en particular. Tras varias semanas de renegociaci\u00f3n, lleg\u00f3 al Congreso una segunda versi\u00f3n,\u00a0<b>m\u00e1s acotada<\/b>, del mismo proyecto.<\/p>\n<div class=\"visual__image\"><img loading=\"lazy\" decoding=\"async\" class=\"\" src=\"https:\/\/www.infobae.com\/new-resizer\/q7Ri2rPAFmMhopl688JSxOzY5TM=\/420x236\/filters:format(webp):quality(85)\/cloudfront-us-east-1.images.arcpublishing.com\/infobae\/RDDCZXGMJNBOPOHKZGM56XBU54.jpeg%20420w\" sizes=\"auto, (min-width: 1560px) 856px, (min-width: 1000px) calc(74.63vw - 293px), (min-width: 780px) calc(100vw - 376px), (min-width: 580px) calc(100vw - 32px), 100vw\" srcset=\"https:\/\/www.infobae.com\/new-resizer\/q7Ri2rPAFmMhopl688JSxOzY5TM=\/420x236\/filters:format(webp):quality(85)\/cloudfront-us-east-1.images.arcpublishing.com\/infobae\/RDDCZXGMJNBOPOHKZGM56XBU54.jpeg 420w,https:\/\/www.infobae.com\/new-resizer\/yYi98KGm_T-YBJPFMitSoHg9bEY=\/768x432\/filters:format(webp):quality(85)\/cloudfront-us-east-1.images.arcpublishing.com\/infobae\/RDDCZXGMJNBOPOHKZGM56XBU54.jpeg 768w,https:\/\/www.infobae.com\/new-resizer\/4cocAlxzWcI_2tcRb8iK_eM82BQ=\/992x558\/filters:format(webp):quality(85)\/cloudfront-us-east-1.images.arcpublishing.com\/infobae\/RDDCZXGMJNBOPOHKZGM56XBU54.jpeg 992w,https:\/\/www.infobae.com\/new-resizer\/UQcUVPd3e_ykOXUYk0ims08uYNo=\/1200x675\/filters:format(webp):quality(85)\/cloudfront-us-east-1.images.arcpublishing.com\/infobae\/RDDCZXGMJNBOPOHKZGM56XBU54.jpeg 1200w,https:\/\/www.infobae.com\/new-resizer\/MRd4v93qAw0bsa1ZMaXhgAtEpi8=\/1440x810\/filters:format(webp):quality(85)\/cloudfront-us-east-1.images.arcpublishing.com\/infobae\/RDDCZXGMJNBOPOHKZGM56XBU54.jpeg 1440w\" alt=\"Los diputados Emilio Monz\u00f3 y Florencio Randazzo (Adri\u00e1n Escandar)\" width=\"1280\" height=\"720\" data-src=\"https:\/\/www.infobae.com\/new-resizer\/q7Ri2rPAFmMhopl688JSxOzY5TM=\/420x236\/filters:format(webp):quality(85)\/cloudfront-us-east-1.images.arcpublishing.com\/infobae\/RDDCZXGMJNBOPOHKZGM56XBU54.jpeg 420w\" \/><span style=\"font-size: 8pt;\"><em><strong>Los diputados Emilio Monz\u00f3 y Florencio Randazzo<\/strong><\/em><\/span><\/div>\n<p class=\"paragraph\" data-mrf-recirculation=\"Links inline\">Ese mismo texto de ley experiment\u00f3, adem\u00e1s, cambios con relaci\u00f3n al primer borrador que hizo circular la Casa Rosada entre los gobernadores para conseguir su visto bueno y, por derrame, un posterior\u00a0<b>\u201cporoteo\u201d de votos favorable\u00a0<\/b>en el recinto. Adem\u00e1s, adjunt\u00f3 un paquete fiscal, con iniciativas variopintas en t\u00e9rminos impositivos, que dotar\u00e1n al fisco nacional y las provincias de mayores recursos. Fue esa, posiblemente, la llave para destrabar el tratamiento de la ley de Bases.<\/p>\n<p class=\"paragraph\" data-mrf-recirculation=\"Links inline\">El paquete de leyes introduce modificaciones a la legislaci\u00f3n de una serie de aspectos, entre ellos cambios al r\u00e9gimen laboral -que a\u00fan as\u00ed ser\u00e1n menores a los que preve\u00eda el proyecto en una primera instancia-, un listado acotado de empresas p\u00fablicas sujetas a privatizaci\u00f3n, una nueva figura para el sistema previsional. Y, en el paquete fiscal, una buena cantidad de novedades en impuestos, junto con una amplia moratoria y un nuevo blanqueo de capitales.<\/p>\n<div class=\"visual__image\"><img loading=\"lazy\" decoding=\"async\" class=\"\" src=\"https:\/\/www.infobae.com\/new-resizer\/RFYEBP80s_RhOwX8QWQt3v3SZog=\/420x236\/filters:format(webp):quality(85)\/cloudfront-us-east-1.images.arcpublishing.com\/infobae\/IGVD4FPQLVHPXCLAMYJVM55DCE.jpeg%20420w\" sizes=\"auto, (min-width: 1560px) 856px, (min-width: 1000px) calc(74.63vw - 293px), (min-width: 780px) calc(100vw - 376px), (min-width: 580px) calc(100vw - 32px), 100vw\" srcset=\"https:\/\/www.infobae.com\/new-resizer\/RFYEBP80s_RhOwX8QWQt3v3SZog=\/420x236\/filters:format(webp):quality(85)\/cloudfront-us-east-1.images.arcpublishing.com\/infobae\/IGVD4FPQLVHPXCLAMYJVM55DCE.jpeg 420w,https:\/\/www.infobae.com\/new-resizer\/UygEtvpcjzC-WxmTpFnYjuHCVUE=\/768x432\/filters:format(webp):quality(85)\/cloudfront-us-east-1.images.arcpublishing.com\/infobae\/IGVD4FPQLVHPXCLAMYJVM55DCE.jpeg 768w,https:\/\/www.infobae.com\/new-resizer\/Msr5OAARjpQ4ueYXC97TdQH2rWc=\/992x558\/filters:format(webp):quality(85)\/cloudfront-us-east-1.images.arcpublishing.com\/infobae\/IGVD4FPQLVHPXCLAMYJVM55DCE.jpeg 992w,https:\/\/www.infobae.com\/new-resizer\/kFmRTQKjGX9m8UqjD-mrIYzkLm0=\/1200x675\/filters:format(webp):quality(85)\/cloudfront-us-east-1.images.arcpublishing.com\/infobae\/IGVD4FPQLVHPXCLAMYJVM55DCE.jpeg 1200w,https:\/\/www.infobae.com\/new-resizer\/Oq0MyIEA0QtAZbQ92b_gQUNEGTI=\/1440x810\/filters:format(webp):quality(85)\/cloudfront-us-east-1.images.arcpublishing.com\/infobae\/IGVD4FPQLVHPXCLAMYJVM55DCE.jpeg 1440w\" alt=\"Los diputados del Frente de Izquierda: Myriam Bregman, Nicol\u00e1s del Ca\u00f1o y Alejandro Vilca (Adri\u00e1n Escandar)\" width=\"1280\" height=\"720\" data-src=\"https:\/\/www.infobae.com\/new-resizer\/RFYEBP80s_RhOwX8QWQt3v3SZog=\/420x236\/filters:format(webp):quality(85)\/cloudfront-us-east-1.images.arcpublishing.com\/infobae\/IGVD4FPQLVHPXCLAMYJVM55DCE.jpeg 420w\" \/><span style=\"font-size: 8pt;\"><em><strong>Los diputados del Frente de Izquierda: Myriam Bregman, Nicol\u00e1s del Ca\u00f1o y Alejandro Vilca\u00a0<\/strong><\/em><\/span><\/div>\n<p class=\"paragraph\" data-mrf-recirculation=\"Links inline\">Entre otros puntos, la ley contempla la\u00a0<b>derogaci\u00f3n de la<\/b>\u00a0<b>moratoria previsional\u00a0<\/b>y crea la figura\u00a0<b>Prestaci\u00f3n de Retiro Proporcional\u00a0<\/b>para aquellas personas que cumplieron 65 a\u00f1os y que no completaron los 30 a\u00f1os de aportes necesarios para jubilarse.<\/p>\n<p class=\"paragraph\" data-mrf-recirculation=\"Links inline\">Quienes se encuadren en esa figura cobrar\u00e1n a partir de esa edad un haber m\u00ednimo equivalente a la\u00a0<b>Prestaci\u00f3n Universal al Adulto Mayor (PUAM)<\/b>, la cual es equivalente al 80% de la\u00a0<b>jubilaci\u00f3n m\u00ednima ($260.141,60 contemplando el refuerzo)<\/b>\u00a0y no deja derecho a pensi\u00f3n por viudez. En mayo, los beneficiarios de la PUAM cobrar\u00e1n $222.113 divididos en $152.113 y $70.000 del bono que anunci\u00f3 el Gobierno.<\/p>\n<p class=\"paragraph\" data-mrf-recirculation=\"Links inline\">Seg\u00fan la cantidad de a\u00f1os de aportes al\u00a0<b>Sistema Integrado Previsional Argentino (SIPA)<\/b>, el Ejecutivo deber\u00e1 definir qu\u00e9 adicionales percibir\u00e1n sobre ese piso.<\/p>\n<div class=\"visual__image\"><img loading=\"lazy\" decoding=\"async\" class=\"\" src=\"https:\/\/www.infobae.com\/new-resizer\/9Q7ZzlHX03aIKDQzNoLifP2GKaU=\/420x236\/filters:format(webp):quality(85)\/cloudfront-us-east-1.images.arcpublishing.com\/infobae\/MTNFCQUPW5F3NA5WNDY666K3PI.jpg%20420w\" sizes=\"auto, (min-width: 1560px) 856px, (min-width: 1000px) calc(74.63vw - 293px), (min-width: 780px) calc(100vw - 376px), (min-width: 580px) calc(100vw - 32px), 100vw\" srcset=\"https:\/\/www.infobae.com\/new-resizer\/9Q7ZzlHX03aIKDQzNoLifP2GKaU=\/420x236\/filters:format(webp):quality(85)\/cloudfront-us-east-1.images.arcpublishing.com\/infobae\/MTNFCQUPW5F3NA5WNDY666K3PI.jpg 420w,https:\/\/www.infobae.com\/new-resizer\/JnsO54uxxpv3mlgTRswgLCaMQo4=\/768x432\/filters:format(webp):quality(85)\/cloudfront-us-east-1.images.arcpublishing.com\/infobae\/MTNFCQUPW5F3NA5WNDY666K3PI.jpg 768w,https:\/\/www.infobae.com\/new-resizer\/kqFQwmBUAY3udhPe-eRrFGbiHJg=\/992x558\/filters:format(webp):quality(85)\/cloudfront-us-east-1.images.arcpublishing.com\/infobae\/MTNFCQUPW5F3NA5WNDY666K3PI.jpg 992w,https:\/\/www.infobae.com\/new-resizer\/9UtoD1GcPDxFDN9f6_Oe9tyFSsA=\/1200x675\/filters:format(webp):quality(85)\/cloudfront-us-east-1.images.arcpublishing.com\/infobae\/MTNFCQUPW5F3NA5WNDY666K3PI.jpg 1200w,https:\/\/www.infobae.com\/new-resizer\/JUZHniTmcNZQ3gDbMZVXPn-ss_c=\/1440x810\/filters:format(webp):quality(85)\/cloudfront-us-east-1.images.arcpublishing.com\/infobae\/MTNFCQUPW5F3NA5WNDY666K3PI.jpg 1440w\" alt=\"Los diputados presentes en el recinto de Diputados para tratar la Ley Bases (Adri\u00e1n Escandar)\" width=\"1920\" height=\"1080\" data-src=\"https:\/\/www.infobae.com\/new-resizer\/9Q7ZzlHX03aIKDQzNoLifP2GKaU=\/420x236\/filters:format(webp):quality(85)\/cloudfront-us-east-1.images.arcpublishing.com\/infobae\/MTNFCQUPW5F3NA5WNDY666K3PI.jpg 420w\" \/><span style=\"font-size: 8pt;\"><em><strong>Los diputados presentes en el recinto de Diputados para tratar la Ley Bases.<\/strong><\/em><\/span><\/div>\n<p class=\"paragraph\" data-mrf-recirculation=\"Links inline\">Por otro lado, hasta \u00faltimo momento se discuti\u00f3 en comisiones la modificaci\u00f3n laboral que propuso el oficialismo. El cambio qued\u00f3 finalmente reducido a la extensi\u00f3n del per\u00edodo de prueba, el fondo de cese laboral optativo, a determinar en los convenios colectivos de trabajo como alternativa a las indemnizaciones (de hasta 8% de las remuneraciones), y la derogaci\u00f3n de multas por no registraci\u00f3n laboral.<\/p>\n<p class=\"paragraph\" data-mrf-recirculation=\"Links inline\">Tambi\u00e9n, entre otras modificaciones, fue borrado del texto original el art\u00edculo que establec\u00eda penas de 6 meses a 3 a\u00f1os de prisi\u00f3n a quienes bloquearan empresas en el marco de pujas salariales o laborales. La limpieza de los puntos m\u00e1s controvertidos desde la mirada de los gremios se dio a pedido de diputados como el jefe del bloque de Hacemos Coalici\u00f3n Federal,\u00a0<b>Miguel \u00c1ngel Pichetto<\/b>, que no quiso firmar un dictamen que tocara fibras sensibles para la CGT.<\/p>\n<\/div>\n<\/article>\n","protected":false},"excerpt":{"rendered":"<p>El tratamiento de la Ley Bases comenz\u00f3 con una fuerte discusi\u00f3n. A los gritos, la oposici\u00f3n le reclam\u00f3 al presidente de C\u00e1mara Baja, Mart\u00edn Menem, por el formato de la sesi\u00f3n, que se prev\u00e9 marat\u00f3nica y que ya hab\u00eda sido acordado por la mayor\u00eda en Labor Parlamentaria. Cruce en Diputados por Ley Bases La sesi\u00f3n &hellip;<\/p>\n","protected":false},"author":2,"featured_media":2605,"comment_status":"open","ping_status":"open","sticky":false,"template":"","format":"standard","meta":{"footnotes":""},"categories":[33,25],"tags":[652,249,651,653],"class_list":["post-2604","post","type-post","status-publish","format-standard","has-post-thumbnail","hentry","category-nacionales","category-politica","tag-calmate","tag-diputados","tag-ridicula","tag-rivotril"],"_links":{"self":[{"href":"https:\/\/cafeprensa.com.ar\/index.php\/wp-json\/wp\/v2\/posts\/2604","targetHints":{"allow":["GET"]}}],"collection":[{"href":"https:\/\/cafeprensa.com.ar\/index.php\/wp-json\/wp\/v2\/posts"}],"about":[{"href":"https:\/\/cafeprensa.com.ar\/index.php\/wp-json\/wp\/v2\/types\/post"}],"author":[{"embeddable":true,"href":"https:\/\/cafeprensa.com.ar\/index.php\/wp-json\/wp\/v2\/users\/2"}],"replies":[{"embeddable":true,"href":"https:\/\/cafeprensa.com.ar\/index.php\/wp-json\/wp\/v2\/comments?post=2604"}],"version-history":[{"count":1,"href":"https:\/\/cafeprensa.com.ar\/index.php\/wp-json\/wp\/v2\/posts\/2604\/revisions"}],"predecessor-version":[{"id":2606,"href":"https:\/\/cafeprensa.com.ar\/index.php\/wp-json\/wp\/v2\/posts\/2604\/revisions\/2606"}],"wp:featuredmedia":[{"embeddable":true,"href":"https:\/\/cafeprensa.com.ar\/index.php\/wp-json\/wp\/v2\/media\/2605"}],"wp:attachment":[{"href":"https:\/\/cafeprensa.com.ar\/index.php\/wp-json\/wp\/v2\/media?parent=2604"}],"wp:term":[{"taxonomy":"category","embeddable":true,"href":"https:\/\/cafeprensa.com.ar\/index.php\/wp-json\/wp\/v2\/categories?post=2604"},{"taxonomy":"post_tag","embeddable":true,"href":"https:\/\/cafeprensa.com.ar\/index.php\/wp-json\/wp\/v2\/tags?post=2604"}],"curies":[{"name":"wp","href":"https:\/\/api.w.org\/{rel}","templated":true}]}}