{"id":2651,"date":"2024-05-04T17:00:32","date_gmt":"2024-05-04T15:00:32","guid":{"rendered":"https:\/\/cafeprensa.com.ar\/?p=2651"},"modified":"2024-05-04T17:00:32","modified_gmt":"2024-05-04T15:00:32","slug":"canelada-sobre-el-balance-de-los-180-dias-de-rossana-chahlasiento-que-la-intendenta-mintio","status":"publish","type":"post","link":"https:\/\/cafeprensa.com.ar\/index.php\/2024\/05\/04\/canelada-sobre-el-balance-de-los-180-dias-de-rossana-chahlasiento-que-la-intendenta-mintio\/","title":{"rendered":"Canelada sobre el balance de los 180 d\u00edas de Rossana Chahla:\u00bbSiento que la intendenta minti\u00f3\u00bb"},"content":{"rendered":"<p>El concejal radical<strong> Jos\u00e9 Mar\u00eda Canelada<\/strong>, en di\u00e1logo con Caf\u00e9 Prensa, se refiri\u00f3 a la situaci\u00f3n actual del transporte. Adem\u00e1s, detall\u00f3 su iniciativa para crear espacios de reclamos y sugerencias por parte de los vecinos. El edil explic\u00f3 que el objetivo de la iniciativa es que los reclamos tengan una respuesta por parte de la empresa como as\u00ed tambi\u00e9n generar herramientas para que el Ejecutivo Municipal pueda sancionar a quienes no cumplan con las mejoras. Finalmente, se refiri\u00f3 a la cuesti\u00f3n de la vacuna contra el dengue tanto en la Ciudad como en la Provincia. Finalmente, se refiri\u00f3 al balance de gesti\u00f3n de los 180 d\u00edas de Rossana Chahla, donde se\u00f1al\u00f3 que \u00abla intendenta minti\u00f3\u00bb, ya que la ciudad no presenta los cambios prometidos.<\/p>\n<p>Escucha la nota completa:<\/p>\n<audio class=\"wp-audio-shortcode\" id=\"audio-2651-1\" preload=\"none\" style=\"width: 100%;\" controls=\"controls\"><source type=\"audio\/mpeg\" src=\"https:\/\/cafeprensa.com.ar\/wp-content\/uploads\/2024\/05\/04-05-Jose-Maria-Canelada-concejal-SMT-parte-1-Cafe-Prensa.mp3?_=1\" \/><a href=\"https:\/\/cafeprensa.com.ar\/wp-content\/uploads\/2024\/05\/04-05-Jose-Maria-Canelada-concejal-SMT-parte-1-Cafe-Prensa.mp3\">https:\/\/cafeprensa.com.ar\/wp-content\/uploads\/2024\/05\/04-05-Jose-Maria-Canelada-concejal-SMT-parte-1-Cafe-Prensa.mp3<\/a><\/audio>\n<p>&nbsp;<\/p>\n<p>&nbsp;<\/p>\n<audio class=\"wp-audio-shortcode\" id=\"audio-2651-2\" preload=\"none\" style=\"width: 100%;\" controls=\"controls\"><source type=\"audio\/mpeg\" src=\"https:\/\/cafeprensa.com.ar\/wp-content\/uploads\/2024\/05\/04-05-Jose-Maria-Canelada-concejal-SMT-parte-2-Cafe-Prensa.mp3?_=2\" \/><a href=\"https:\/\/cafeprensa.com.ar\/wp-content\/uploads\/2024\/05\/04-05-Jose-Maria-Canelada-concejal-SMT-parte-2-Cafe-Prensa.mp3\">https:\/\/cafeprensa.com.ar\/wp-content\/uploads\/2024\/05\/04-05-Jose-Maria-Canelada-concejal-SMT-parte-2-Cafe-Prensa.mp3<\/a><\/audio>\n<p>&nbsp;<\/p>\n","protected":false},"excerpt":{"rendered":"<p>El concejal radical Jos\u00e9 Mar\u00eda Canelada, en di\u00e1logo con Caf\u00e9 Prensa, se refiri\u00f3 a la situaci\u00f3n actual del transporte. Adem\u00e1s, detall\u00f3 su iniciativa para crear espacios de reclamos y sugerencias por parte de los vecinos. El edil explic\u00f3 que el objetivo de la iniciativa es que los reclamos tengan una respuesta por parte de la &hellip;<\/p>\n","protected":false},"author":2,"featured_media":2658,"comment_status":"open","ping_status":"open","sticky":false,"template":"","format":"standard","meta":{"footnotes":""},"categories":[34],"tags":[677,671,390,574,59,110,454,678],"class_list":["post-2651","post","type-post","status-publish","format-standard","has-post-thumbnail","hentry","category-locales","tag-canales-de-comunicacion-para-el-vecino","tag-concejo-deliberante-de-smt","tag-dengue","tag-jose-maria-canelada","tag-transporte","tag-ucr","tag-vacuna","tag-vacuna-contra-el-dengue"],"_links":{"self":[{"href":"https:\/\/cafeprensa.com.ar\/index.php\/wp-json\/wp\/v2\/posts\/2651","targetHints":{"allow":["GET"]}}],"collection":[{"href":"https:\/\/cafeprensa.com.ar\/index.php\/wp-json\/wp\/v2\/posts"}],"about":[{"href":"https:\/\/cafeprensa.com.ar\/index.php\/wp-json\/wp\/v2\/types\/post"}],"author":[{"embeddable":true,"href":"https:\/\/cafeprensa.com.ar\/index.php\/wp-json\/wp\/v2\/users\/2"}],"replies":[{"embeddable":true,"href":"https:\/\/cafeprensa.com.ar\/index.php\/wp-json\/wp\/v2\/comments?post=2651"}],"version-history":[{"count":5,"href":"https:\/\/cafeprensa.com.ar\/index.php\/wp-json\/wp\/v2\/posts\/2651\/revisions"}],"predecessor-version":[{"id":2663,"href":"https:\/\/cafeprensa.com.ar\/index.php\/wp-json\/wp\/v2\/posts\/2651\/revisions\/2663"}],"wp:featuredmedia":[{"embeddable":true,"href":"https:\/\/cafeprensa.com.ar\/index.php\/wp-json\/wp\/v2\/media\/2658"}],"wp:attachment":[{"href":"https:\/\/cafeprensa.com.ar\/index.php\/wp-json\/wp\/v2\/media?parent=2651"}],"wp:term":[{"taxonomy":"category","embeddable":true,"href":"https:\/\/cafeprensa.com.ar\/index.php\/wp-json\/wp\/v2\/categories?post=2651"},{"taxonomy":"post_tag","embeddable":true,"href":"https:\/\/cafeprensa.com.ar\/index.php\/wp-json\/wp\/v2\/tags?post=2651"}],"curies":[{"name":"wp","href":"https:\/\/api.w.org\/{rel}","templated":true}]}}