{"id":2694,"date":"2024-05-08T14:25:50","date_gmt":"2024-05-08T12:25:50","guid":{"rendered":"https:\/\/cafeprensa.com.ar\/?p=2694"},"modified":"2024-05-08T14:25:50","modified_gmt":"2024-05-08T12:25:50","slug":"alberto-fernandez-cobrara-un-retroactivo-de-32-millones-con-el-primer-pago-de-su-jubilacion","status":"publish","type":"post","link":"https:\/\/cafeprensa.com.ar\/index.php\/2024\/05\/08\/alberto-fernandez-cobrara-un-retroactivo-de-32-millones-con-el-primer-pago-de-su-jubilacion\/","title":{"rendered":"Alberto Fern\u00e1ndez cobrar\u00e1 un retroactivo de $32 millones con el primer pago de su jubilaci\u00f3n"},"content":{"rendered":"<div class=\"the-post-header s-head-modern s-head-modern-a has-share-meta-right\">\n<div class=\"post-meta post-meta-a post-meta-left post-meta-single has-below\">\n<p class=\"is-title post-title\">ANSES: <em style=\"font-size: 16px; font-weight: 400;\">El haber mensual es aproximadamente de $7 millones. Tambi\u00e9n percibir\u00e1 un retroactivo de pagos, de diciembre 2023 a la fecha. <\/em>El abogado Federico Despoulis, considera que no deber\u00eda cobrar el retroactivo.<\/p>\n<\/div>\n<\/div>\n<div class=\"the-post s-post-modern\">\n<article id=\"post-63744\" class=\"post-63744 post type-post status-publish format-standard has-post-thumbnail category-nacionales category-destacada-2 tag-alberto-fernandez tag-anses tag-jubilacion-de-alberto-fernandez tag-jubilacion-de-privilegio\">\n<div class=\"post-content-wrap has-share-float\">\n<div class=\"post-content cf entry-content content-spacious\">\n<p>La <strong>Administraci\u00f3n Nacional de la Seguridad Social<\/strong>\u00a0(ANSES), dirigida por<strong>\u00a0Mariano De Los Heros<\/strong>, aprob\u00f3 el tr\u00e1mite presentado por el ex-presidente\u00a0<strong>Alberto Fern\u00e1ndez,\u00a0<\/strong>para acceder a una\u00a0jubilaci\u00f3n de privilegio.<\/p>\n<p class=\"has-large-font-size\"><mark class=\"has-inline-color has-vivid-red-color\">Superado el per\u00edodo de observaci\u00f3n y consultas,\u00a0<strong>ANSES<\/strong>\u00a0autoriz\u00f3 el pago de aproximadamente\u00a0<strong>$7 millones<\/strong>\u00a0mensuales, al ex-primer mandatario. Tambi\u00e9n se le abonar\u00e1\u00a0<strong>\u201cun retroactivo de unos $32 millones\u201d<\/strong>\u00a0por los cuatro meses, a contar desde diciembre.<\/mark><\/p>\n<p>Este tr\u00e1mite se llev\u00f3 a cabo con el expediente\u00a0<strong>N\u00b00240134826860261<\/strong>, que ayer recibi\u00f3 el alta, luego de una revisi\u00f3n a principios de marzo.<\/p>\n<p>El abogado especialista en temas previsionales\u00a0<strong>Federico Despoulis<\/strong>\u00a0denunci\u00f3 que\u00a0<strong>\u201cDe los Heros obvi\u00f3 una resoluci\u00f3n de la ANSES que todav\u00eda hoy est\u00e1 vigente y que posterg\u00f3 el pago de retroactivos a ex presidentes y vicepresidentes\u201d<\/strong>\u00a0primero por la epidemia del Covid-19, y luego por la crisis econ\u00f3mica y social.<\/p>\n<p>El sucesor de la dirigente de<strong>\u00a0La C\u00e1mpora<\/strong>,\u00a0<strong>Fernanda Raverta<\/strong>, en la ANSES en diciembre de 2023,\u00a0<strong>Osvaldo Giordano<\/strong>, prorrog\u00f3 la vigencia de un decreto firmado por Alberto Fern\u00e1ndez, durante la pandemia del Covid.<\/p>\n<p>El 26 de junio de 2020, la\u00a0gesti\u00f3n de Alberto Fern\u00e1ndez y\u00a0<strong>Cristina Fern\u00e1ndez de Kirchner<\/strong>\u00a0dispuso\u00a0<strong>\u201csuspender mientras dure la emergencia p\u00fablica en materia sanitaria establecida por la Ley N\u00b0 27.541, ampliada por el Decreto N\u00b0 260\/20, el pago de los haberes retroactivos en el alta de las prestaciones otorgadas en los t\u00e9rminos del art\u00edculo 1\u00b0 de la Ley N\u00b0 24.018\u201d<\/strong>.<\/p>\n<p>Seg\u00fan lo firmado por Alberto Fern\u00e1ndez en 2020, no se pagar\u00edan gastos extraordinarios por la pandemia del Covid-19, entre ellos,\u00a0los retroactivos de las jubilaciones de privilegio de<strong>\u00a0Mauricio Macri,\u00a0<\/strong>y<strong>\u00a0Gabriela Michetti.<\/strong>\u00a0De hecho, estos ex mandatarios\u00a0<strong>\u201ctodav\u00eda no han cobrado los retroactivos de sus respectivas jubilaciones\u201d<\/strong>, record\u00f3 Despoulis.<\/p>\n<p>Alberto Fern\u00e1ndez tuvo en consideraci\u00f3n que la\u00a0<strong>Ley N\u00b0 27.541<\/strong>\u00a0declar\u00f3 la emergencia p\u00fablica en materia econ\u00f3mica, financiera, fiscal, administrativa, previsional, tarifaria, energ\u00e9tica, sanitaria y social.<\/p>\n<p>Con el cambio de gobierno, Giordano se bas\u00f3\u00a0<strong>\u201cen el art\u00edculo 1\u00b0 de la Resoluci\u00f3n N\u00b0 RESOL-2020-230-ANSES-ANSES con la Resoluci\u00f3n 601\/2023 por todo el t\u00e9rmino de la emergencia p\u00fablica declarada por el art\u00edculo 1\u00b0 del Decreto N\u00b0 70\/2023 para prorrogar la emergencia\u201d<\/strong>.<\/p>\n<p>De esta manera, los ex presidentes no podr\u00edan cobrar el retroactivo de sus\u00a0jubilaciones de privilegio. No obstante, el funcionario renunci\u00f3 a la ANSES en febrero pasado tras una corta gesti\u00f3n.<\/p>\n<p>Para el abogado Despoulis \u201cesta irregularidad es lo primero que firma como director ejecutivo de ANSES y, adem\u00e1s, deja sin cobrar al resto de los ex presidentes\u201d.<\/p>\n<p class=\"has-large-font-size\"><mark class=\"has-inline-color has-vivid-red-color\">Y a\u00f1adi\u00f3: \u201c<strong>Es ah\u00ed donde no queda claro su accionar amen de las investigaciones por ser uno de los sospechosos del esc\u00e1ndalo de los seguros del Estado durante la gesti\u00f3n de Alberto Fern\u00e1ndez ya que de los Heros trabajaba en una compa\u00f1\u00eda de seguros vinculada al caso<\/strong>\u201d.<\/mark><\/p>\n<\/div>\n<\/div>\n<\/article>\n<\/div>\n","protected":false},"excerpt":{"rendered":"<p>ANSES: El haber mensual es aproximadamente de $7 millones. Tambi\u00e9n percibir\u00e1 un retroactivo de pagos, de diciembre 2023 a la fecha. El abogado Federico Despoulis, considera que no deber\u00eda cobrar el retroactivo. La Administraci\u00f3n Nacional de la Seguridad Social\u00a0(ANSES), dirigida por\u00a0Mariano De Los Heros, aprob\u00f3 el tr\u00e1mite presentado por el ex-presidente\u00a0Alberto Fern\u00e1ndez,\u00a0para acceder a una\u00a0jubilaci\u00f3n &hellip;<\/p>\n","protected":false},"author":2,"featured_media":2695,"comment_status":"open","ping_status":"open","sticky":false,"template":"","format":"standard","meta":{"footnotes":""},"categories":[54,33],"tags":[81,50,357],"class_list":["post-2694","post","type-post","status-publish","format-standard","has-post-thumbnail","hentry","category-interes-ganeral","category-nacionales","tag-alberto-fernandez","tag-anses","tag-jubilacion"],"_links":{"self":[{"href":"https:\/\/cafeprensa.com.ar\/index.php\/wp-json\/wp\/v2\/posts\/2694","targetHints":{"allow":["GET"]}}],"collection":[{"href":"https:\/\/cafeprensa.com.ar\/index.php\/wp-json\/wp\/v2\/posts"}],"about":[{"href":"https:\/\/cafeprensa.com.ar\/index.php\/wp-json\/wp\/v2\/types\/post"}],"author":[{"embeddable":true,"href":"https:\/\/cafeprensa.com.ar\/index.php\/wp-json\/wp\/v2\/users\/2"}],"replies":[{"embeddable":true,"href":"https:\/\/cafeprensa.com.ar\/index.php\/wp-json\/wp\/v2\/comments?post=2694"}],"version-history":[{"count":1,"href":"https:\/\/cafeprensa.com.ar\/index.php\/wp-json\/wp\/v2\/posts\/2694\/revisions"}],"predecessor-version":[{"id":2696,"href":"https:\/\/cafeprensa.com.ar\/index.php\/wp-json\/wp\/v2\/posts\/2694\/revisions\/2696"}],"wp:featuredmedia":[{"embeddable":true,"href":"https:\/\/cafeprensa.com.ar\/index.php\/wp-json\/wp\/v2\/media\/2695"}],"wp:attachment":[{"href":"https:\/\/cafeprensa.com.ar\/index.php\/wp-json\/wp\/v2\/media?parent=2694"}],"wp:term":[{"taxonomy":"category","embeddable":true,"href":"https:\/\/cafeprensa.com.ar\/index.php\/wp-json\/wp\/v2\/categories?post=2694"},{"taxonomy":"post_tag","embeddable":true,"href":"https:\/\/cafeprensa.com.ar\/index.php\/wp-json\/wp\/v2\/tags?post=2694"}],"curies":[{"name":"wp","href":"https:\/\/api.w.org\/{rel}","templated":true}]}}