{"id":2697,"date":"2024-05-08T14:32:15","date_gmt":"2024-05-08T12:32:15","guid":{"rendered":"https:\/\/cafeprensa.com.ar\/?p=2697"},"modified":"2024-05-08T14:32:35","modified_gmt":"2024-05-08T12:32:35","slug":"romano-norri-quiere-convocar-a-medina-ruiz-a-la-legislatura","status":"publish","type":"post","link":"https:\/\/cafeprensa.com.ar\/index.php\/2024\/05\/08\/romano-norri-quiere-convocar-a-medina-ruiz-a-la-legislatura\/","title":{"rendered":"Romano Norri quiere convocar a Medina Ruiz a la Legislatura"},"content":{"rendered":"<div class=\"the-post-header s-head-modern s-head-modern-a has-share-meta-right\">\n<div class=\"post-meta post-meta-a post-meta-left post-meta-single has-below\">\n<p class=\"is-title post-title\">\u00a0Para aclarar la estrategia de vacunaci\u00f3n contra el dengue<\/p>\n<\/div>\n<\/div>\n<div class=\"the-post s-post-modern\">\n<article id=\"post-63600\" class=\"post-63600 post type-post status-publish format-standard has-post-thumbnail category-tucuman tag-agustin-romano-norri-2 tag-dengue tag-medina-ruiz tag-salud tag-tucuman tag-vacuna\">\n<div class=\"post-content-wrap has-share-float\">\n<div class=\"post-content cf entry-content content-spacious\">\n<p><em>El legislador radical pidi\u00f3 que la inmunizaci\u00f3n contra el dengue se haga extensiva a todos los tucumanos.<\/em><\/p>\n<figure class=\"wp-block-image size-full\"><a href=\"https:\/\/elfederalnoticias.com.ar\/wp-content\/uploads\/2024\/04\/Agustin-Romano-Norri-legislador-UCR.jpeg\"><img loading=\"lazy\" decoding=\"async\" class=\"wp-image-62836\" src=\"https:\/\/elfederalnoticias.com.ar\/wp-content\/uploads\/2024\/04\/Agustin-Romano-Norri-legislador-UCR.jpeg\" sizes=\"auto, (max-width: 875px) 100vw, 875px\" srcset=\"https:\/\/elfederalnoticias.com.ar\/wp-content\/uploads\/2024\/04\/Agustin-Romano-Norri-legislador-UCR.jpeg 875w, https:\/\/elfederalnoticias.com.ar\/wp-content\/uploads\/2024\/04\/Agustin-Romano-Norri-legislador-UCR-300x223.jpeg 300w, https:\/\/elfederalnoticias.com.ar\/wp-content\/uploads\/2024\/04\/Agustin-Romano-Norri-legislador-UCR-768x570.jpeg 768w, https:\/\/elfederalnoticias.com.ar\/wp-content\/uploads\/2024\/04\/Agustin-Romano-Norri-legislador-UCR-150x111.jpeg 150w, https:\/\/elfederalnoticias.com.ar\/wp-content\/uploads\/2024\/04\/Agustin-Romano-Norri-legislador-UCR-450x334.jpeg 450w\" alt=\"\" width=\"875\" height=\"649\" \/><\/a><\/figure>\n<p>TUCUMAN.- El legislador Agust\u00edn Romano Norri (UCR) pidi\u00f3 que la Legislatura convoque al ministro de Salud, Luis Medina Ruiz, para que explique c\u00f3mo se realiza la vacunaci\u00f3n contra el dengue en la provincia.<\/p>\n<p>\u00abTodos tenemos que conocer cu\u00e1l ser\u00e1 el plan de vacunaci\u00f3n al personal esencial\u00bb, sostuvo el legislador radical.<\/p>\n<p>Romano Norri fue el primer impulsor de que el gobierno provincial se hiciera cargo de la vacunaci\u00f3n contra el dengue, como hicieron Salta y Misiones.<\/p>\n<p>Por \u00faltimo, el legislador pidi\u00f3 que la provincia extienda la vacunaci\u00f3n a todos los tucumanos que quieran vacunarse voluntariamente. \u201cEl Estado se tiene que hacer cargo y poner todo lo que est\u00e9 a su alcance para minimizar el impacto de esta epidemia\u201d, concluy\u00f3 Romano Norri.<\/p>\n<\/div>\n<\/div>\n<\/article>\n<\/div>\n","protected":false},"excerpt":{"rendered":"<p>\u00a0Para aclarar la estrategia de vacunaci\u00f3n contra el dengue El legislador radical pidi\u00f3 que la inmunizaci\u00f3n contra el dengue se haga extensiva a todos los tucumanos. TUCUMAN.- El legislador Agust\u00edn Romano Norri (UCR) pidi\u00f3 que la Legislatura convoque al ministro de Salud, Luis Medina Ruiz, para que explique c\u00f3mo se realiza la vacunaci\u00f3n contra el &hellip;<\/p>\n","protected":false},"author":2,"featured_media":2698,"comment_status":"open","ping_status":"open","sticky":false,"template":"","format":"standard","meta":{"footnotes":""},"categories":[54,34],"tags":[390,236,237],"class_list":["post-2697","post","type-post","status-publish","format-standard","has-post-thumbnail","hentry","category-interes-ganeral","category-locales","tag-dengue","tag-legislatura","tag-norri"],"_links":{"self":[{"href":"https:\/\/cafeprensa.com.ar\/index.php\/wp-json\/wp\/v2\/posts\/2697","targetHints":{"allow":["GET"]}}],"collection":[{"href":"https:\/\/cafeprensa.com.ar\/index.php\/wp-json\/wp\/v2\/posts"}],"about":[{"href":"https:\/\/cafeprensa.com.ar\/index.php\/wp-json\/wp\/v2\/types\/post"}],"author":[{"embeddable":true,"href":"https:\/\/cafeprensa.com.ar\/index.php\/wp-json\/wp\/v2\/users\/2"}],"replies":[{"embeddable":true,"href":"https:\/\/cafeprensa.com.ar\/index.php\/wp-json\/wp\/v2\/comments?post=2697"}],"version-history":[{"count":1,"href":"https:\/\/cafeprensa.com.ar\/index.php\/wp-json\/wp\/v2\/posts\/2697\/revisions"}],"predecessor-version":[{"id":2699,"href":"https:\/\/cafeprensa.com.ar\/index.php\/wp-json\/wp\/v2\/posts\/2697\/revisions\/2699"}],"wp:featuredmedia":[{"embeddable":true,"href":"https:\/\/cafeprensa.com.ar\/index.php\/wp-json\/wp\/v2\/media\/2698"}],"wp:attachment":[{"href":"https:\/\/cafeprensa.com.ar\/index.php\/wp-json\/wp\/v2\/media?parent=2697"}],"wp:term":[{"taxonomy":"category","embeddable":true,"href":"https:\/\/cafeprensa.com.ar\/index.php\/wp-json\/wp\/v2\/categories?post=2697"},{"taxonomy":"post_tag","embeddable":true,"href":"https:\/\/cafeprensa.com.ar\/index.php\/wp-json\/wp\/v2\/tags?post=2697"}],"curies":[{"name":"wp","href":"https:\/\/api.w.org\/{rel}","templated":true}]}}