{"id":2727,"date":"2024-05-09T17:56:01","date_gmt":"2024-05-09T15:56:01","guid":{"rendered":"https:\/\/cafeprensa.com.ar\/?p=2727"},"modified":"2024-05-09T17:56:01","modified_gmt":"2024-05-09T15:56:01","slug":"concejales-opositores-plantearon-que-se-deben-atender-las-causas-de-las-peleas","status":"publish","type":"post","link":"https:\/\/cafeprensa.com.ar\/index.php\/2024\/05\/09\/concejales-opositores-plantearon-que-se-deben-atender-las-causas-de-las-peleas\/","title":{"rendered":"Concejales opositores plantearon que se deben atender las causas de las peleas"},"content":{"rendered":"<div class=\"the-post-header s-head-modern s-head-modern-a has-share-meta-right\">\n<div class=\"post-meta post-meta-a post-meta-left post-meta-single has-below\">\n<div class=\"meta-below-has-right\">\n<div class=\"post-share post-share-b spc-social-colors  post-share-b3 post-share-b-circles post-share-b3-circles\">Canelada y Cobos manifestaron que no alcanza s\u00f3lo con poner m\u00e1s polic\u00edas.<\/div>\n<\/div>\n<\/div>\n<\/div>\n<div class=\"the-post s-post-modern\">\n<article id=\"post-63773\" class=\"post-63773 post type-post status-publish format-standard has-post-thumbnail category-tucuman tag-gustavo-cobos tag-jose-maria-canelada tag-peleas-estudiantiles tag-policiales tag-tucuman\">\n<div class=\"post-content-wrap has-share-float\">\n<div class=\"post-content cf entry-content content-spacious\">\n<figure class=\"wp-block-image size-large\"><a href=\"https:\/\/elfederalnoticias.com.ar\/wp-content\/uploads\/2024\/05\/JOSE-MARIA-CANELADA-Y-GUSTAVO-COBOS.jpeg\"><img loading=\"lazy\" decoding=\"async\" class=\"wp-image-63775\" src=\"https:\/\/elfederalnoticias.com.ar\/wp-content\/uploads\/2024\/05\/JOSE-MARIA-CANELADA-Y-GUSTAVO-COBOS-1024x646.jpeg\" sizes=\"auto, (max-width: 1024px) 100vw, 1024px\" srcset=\"https:\/\/elfederalnoticias.com.ar\/wp-content\/uploads\/2024\/05\/JOSE-MARIA-CANELADA-Y-GUSTAVO-COBOS-1024x646.jpeg 1024w, https:\/\/elfederalnoticias.com.ar\/wp-content\/uploads\/2024\/05\/JOSE-MARIA-CANELADA-Y-GUSTAVO-COBOS-300x189.jpeg 300w, https:\/\/elfederalnoticias.com.ar\/wp-content\/uploads\/2024\/05\/JOSE-MARIA-CANELADA-Y-GUSTAVO-COBOS-768x484.jpeg 768w, https:\/\/elfederalnoticias.com.ar\/wp-content\/uploads\/2024\/05\/JOSE-MARIA-CANELADA-Y-GUSTAVO-COBOS-1536x969.jpeg 1536w, https:\/\/elfederalnoticias.com.ar\/wp-content\/uploads\/2024\/05\/JOSE-MARIA-CANELADA-Y-GUSTAVO-COBOS-150x95.jpeg 150w, https:\/\/elfederalnoticias.com.ar\/wp-content\/uploads\/2024\/05\/JOSE-MARIA-CANELADA-Y-GUSTAVO-COBOS-450x284.jpeg 450w, https:\/\/elfederalnoticias.com.ar\/wp-content\/uploads\/2024\/05\/JOSE-MARIA-CANELADA-Y-GUSTAVO-COBOS-1200x757.jpeg 1200w, https:\/\/elfederalnoticias.com.ar\/wp-content\/uploads\/2024\/05\/JOSE-MARIA-CANELADA-Y-GUSTAVO-COBOS.jpeg 1600w\" alt=\"\" width=\"1024\" height=\"646\" \/><\/a><\/figure>\n<p>En Tucum\u00e1n ya sabemos lo tr\u00e1gicas que pueden resultar estas peleas que estamos viendo en las calles, entre los j\u00f3venes. No hace muchos a\u00f1os, fue asesinado uno de ellos. Basta con que uno golpee mal su cabeza contra el pavimento para repetir la historia.<\/p>\n<p>Si el Gobierno no entiende lo peligroso que resulta esto, es necesario que lo comprenda de inmediato. No basta con poner polic\u00edas si no se atienden las causas de las peleas\u00bb, se\u00f1alaron los concejales capitalinos <em><strong>Jos\u00e9 Mar\u00eda Canelada y Gustavo Cobos<\/strong><\/em> sobre las peleas multitudinarias que se repitieron y viralizaron durante dos d\u00edas consecutivos.<\/p>\n<p>Los ediles se\u00f1alaron que se debe avanzar con dos l\u00edneas de acci\u00f3n con car\u00e1cter de urgente. \u00abPor un lado, las fuerzas de seguridad deben actuar con contundencia para disuadir cualquier hecho de violencia como los que hemos presenciado esta semana. Pero, en simult\u00e1neo, la ministra de Educaci\u00f3n debe avanzar de manera urgente convocando a padres y a estudiantes a mesas de di\u00e1logo en la totalidad de las instituciones educativas\u00bb.<\/p>\n<p>En ese sentido, plantearon que a\u00fan no se ven acciones en materia de Educaci\u00f3n. La Polic\u00eda puede ayudar a atacar el s\u00edntoma, pero la verdadera tarea de prevenci\u00f3n debe desarrollarse en el \u00e1mbito de las familias, escuelas, clubes y todo otro \u00e1mbito en los que se desarrolle la vida cotidiana de los j\u00f3venes. Se debe identificar con urgencia cu\u00e1les son los factores que han detonado esta ola de violencia y trabajar sobre ellos\u00bb.<\/p>\n<p>Por \u00faltimo, explicaron que \u00abdif\u00edcilmente se pueda atender un fen\u00f3meno si no se lo comprende. La informaci\u00f3n p\u00fablica nos dice que estos episodios violentos no son espont\u00e1neos, que incluso se organizan por grupos de whatsapp. Si no se entiende el caldo de cultivo que se cocina por debajo de las peleas, la disuasi\u00f3n policial no servir\u00e1 de mucho.<\/p>\n<\/div>\n<\/div>\n<\/article>\n<\/div>\n","protected":false},"excerpt":{"rendered":"<p>Canelada y Cobos manifestaron que no alcanza s\u00f3lo con poner m\u00e1s polic\u00edas. En Tucum\u00e1n ya sabemos lo tr\u00e1gicas que pueden resultar estas peleas que estamos viendo en las calles, entre los j\u00f3venes. No hace muchos a\u00f1os, fue asesinado uno de ellos. Basta con que uno golpee mal su cabeza contra el pavimento para repetir la &hellip;<\/p>\n","protected":false},"author":2,"featured_media":2728,"comment_status":"open","ping_status":"open","sticky":false,"template":"","format":"standard","meta":{"footnotes":""},"categories":[54,34],"tags":[643,642],"class_list":["post-2727","post","type-post","status-publish","format-standard","has-post-thumbnail","hentry","category-interes-ganeral","category-locales","tag-canelada","tag-cobos"],"_links":{"self":[{"href":"https:\/\/cafeprensa.com.ar\/index.php\/wp-json\/wp\/v2\/posts\/2727","targetHints":{"allow":["GET"]}}],"collection":[{"href":"https:\/\/cafeprensa.com.ar\/index.php\/wp-json\/wp\/v2\/posts"}],"about":[{"href":"https:\/\/cafeprensa.com.ar\/index.php\/wp-json\/wp\/v2\/types\/post"}],"author":[{"embeddable":true,"href":"https:\/\/cafeprensa.com.ar\/index.php\/wp-json\/wp\/v2\/users\/2"}],"replies":[{"embeddable":true,"href":"https:\/\/cafeprensa.com.ar\/index.php\/wp-json\/wp\/v2\/comments?post=2727"}],"version-history":[{"count":1,"href":"https:\/\/cafeprensa.com.ar\/index.php\/wp-json\/wp\/v2\/posts\/2727\/revisions"}],"predecessor-version":[{"id":2729,"href":"https:\/\/cafeprensa.com.ar\/index.php\/wp-json\/wp\/v2\/posts\/2727\/revisions\/2729"}],"wp:featuredmedia":[{"embeddable":true,"href":"https:\/\/cafeprensa.com.ar\/index.php\/wp-json\/wp\/v2\/media\/2728"}],"wp:attachment":[{"href":"https:\/\/cafeprensa.com.ar\/index.php\/wp-json\/wp\/v2\/media?parent=2727"}],"wp:term":[{"taxonomy":"category","embeddable":true,"href":"https:\/\/cafeprensa.com.ar\/index.php\/wp-json\/wp\/v2\/categories?post=2727"},{"taxonomy":"post_tag","embeddable":true,"href":"https:\/\/cafeprensa.com.ar\/index.php\/wp-json\/wp\/v2\/tags?post=2727"}],"curies":[{"name":"wp","href":"https:\/\/api.w.org\/{rel}","templated":true}]}}