{"id":2758,"date":"2024-05-11T16:27:24","date_gmt":"2024-05-11T14:27:24","guid":{"rendered":"https:\/\/cafeprensa.com.ar\/?p=2758"},"modified":"2024-05-11T16:27:24","modified_gmt":"2024-05-11T14:27:24","slug":"federico-masso-discutir-la-baja-de-la-edad-de-imputabilidad-es-de-una-gran-hipocresia","status":"publish","type":"post","link":"https:\/\/cafeprensa.com.ar\/index.php\/2024\/05\/11\/federico-masso-discutir-la-baja-de-la-edad-de-imputabilidad-es-de-una-gran-hipocresia\/","title":{"rendered":"Federico Masso: \u00abDiscutir la baja de la edad de imputabilidad es de una gran hipocres\u00eda\u00bb"},"content":{"rendered":"<p>El ministro de Desarrollo Social de la Provincia, Federico Masso, en di\u00e1logo con Caf\u00e9 Prensa se refiri\u00f3 a la situaci\u00f3n ocurrida con las peleas entre alumnos de colegios y las medidas del Gobierno. Como as\u00ed tambi\u00e9n se refiri\u00f3 al debate sobre la medida de bajar la edad de imputabilidad, la cual tild\u00f3 de \u00abgran hipocres\u00eda\u00bb, ya que el funcionario considera que no resuelve el problema de fondo que es la inseguridad.<\/p>\n<p>Escucha la nota completa:<\/p>\n<audio class=\"wp-audio-shortcode\" id=\"audio-2758-1\" preload=\"none\" style=\"width: 100%;\" controls=\"controls\"><source type=\"audio\/mpeg\" src=\"https:\/\/cafeprensa.com.ar\/wp-content\/uploads\/2024\/05\/11-05-BLOQUE-4-FEDERICO-MASSO.mp3?_=1\" \/><a href=\"https:\/\/cafeprensa.com.ar\/wp-content\/uploads\/2024\/05\/11-05-BLOQUE-4-FEDERICO-MASSO.mp3\">https:\/\/cafeprensa.com.ar\/wp-content\/uploads\/2024\/05\/11-05-BLOQUE-4-FEDERICO-MASSO.mp3<\/a><\/audio>\n","protected":false},"excerpt":{"rendered":"<p>El ministro de Desarrollo Social de la Provincia, Federico Masso, en di\u00e1logo con Caf\u00e9 Prensa se refiri\u00f3 a la situaci\u00f3n ocurrida con las peleas entre alumnos de colegios y las medidas del Gobierno. Como as\u00ed tambi\u00e9n se refiri\u00f3 al debate sobre la medida de bajar la edad de imputabilidad, la cual tild\u00f3 de \u00abgran hipocres\u00eda\u00bb, &hellip;<\/p>\n","protected":false},"author":2,"featured_media":2760,"comment_status":"open","ping_status":"open","sticky":false,"template":"","format":"standard","meta":{"footnotes":""},"categories":[27],"tags":[715,230,265],"class_list":["post-2758","post","type-post","status-publish","format-standard","has-post-thumbnail","hentry","category-interior","tag-baja-de-impiutabilidad-de-la-edad","tag-federico-masso","tag-osvaldo-jaldo"],"_links":{"self":[{"href":"https:\/\/cafeprensa.com.ar\/index.php\/wp-json\/wp\/v2\/posts\/2758","targetHints":{"allow":["GET"]}}],"collection":[{"href":"https:\/\/cafeprensa.com.ar\/index.php\/wp-json\/wp\/v2\/posts"}],"about":[{"href":"https:\/\/cafeprensa.com.ar\/index.php\/wp-json\/wp\/v2\/types\/post"}],"author":[{"embeddable":true,"href":"https:\/\/cafeprensa.com.ar\/index.php\/wp-json\/wp\/v2\/users\/2"}],"replies":[{"embeddable":true,"href":"https:\/\/cafeprensa.com.ar\/index.php\/wp-json\/wp\/v2\/comments?post=2758"}],"version-history":[{"count":1,"href":"https:\/\/cafeprensa.com.ar\/index.php\/wp-json\/wp\/v2\/posts\/2758\/revisions"}],"predecessor-version":[{"id":2761,"href":"https:\/\/cafeprensa.com.ar\/index.php\/wp-json\/wp\/v2\/posts\/2758\/revisions\/2761"}],"wp:featuredmedia":[{"embeddable":true,"href":"https:\/\/cafeprensa.com.ar\/index.php\/wp-json\/wp\/v2\/media\/2760"}],"wp:attachment":[{"href":"https:\/\/cafeprensa.com.ar\/index.php\/wp-json\/wp\/v2\/media?parent=2758"}],"wp:term":[{"taxonomy":"category","embeddable":true,"href":"https:\/\/cafeprensa.com.ar\/index.php\/wp-json\/wp\/v2\/categories?post=2758"},{"taxonomy":"post_tag","embeddable":true,"href":"https:\/\/cafeprensa.com.ar\/index.php\/wp-json\/wp\/v2\/tags?post=2758"}],"curies":[{"name":"wp","href":"https:\/\/api.w.org\/{rel}","templated":true}]}}