{"id":2762,"date":"2024-05-11T17:03:15","date_gmt":"2024-05-11T15:03:15","guid":{"rendered":"https:\/\/cafeprensa.com.ar\/?p=2762"},"modified":"2024-05-11T17:14:35","modified_gmt":"2024-05-11T15:14:35","slug":"silvia-elias-de-perez-no-tengo-intensiones-de-presentarme-como-candidata-a-presidir-la-ucr-hay-otras-prioridades","status":"publish","type":"post","link":"https:\/\/cafeprensa.com.ar\/index.php\/2024\/05\/11\/silvia-elias-de-perez-no-tengo-intensiones-de-presentarme-como-candidata-a-presidir-la-ucr-hay-otras-prioridades\/","title":{"rendered":"Silvia El\u00edas de P\u00e9rez: \u00abNo tengo intenciones de presentarme como candidata a presidir la UCR, hay otras prioridades\u00bb"},"content":{"rendered":"<p>La legisladora radical <strong>Silvia El\u00edas de P\u00e9rez<\/strong> en di\u00e1logo con Caf\u00e9 Prensa se refiri\u00f3 al debate de trata la medida de la baja de imputabilidad de la edad. La funcionaria legislativa analiz\u00f3 la medida y manifest\u00f3 que este debate \u00abes salir del foco del problema y no hacernos cargo de lo que podemos regular desde la Legislatura\u00bb. Como as\u00ed tambi\u00e9n cuestion\u00f3 el decreto del Ejecutivo provincial que no solo establece la expulsi\u00f3n de los alumnos que participaron de las peleas sino tambi\u00e9n la p\u00e9rdida del a\u00f1o escolar. Adem\u00e1s, reafirm\u00f3 que en la provincia se necesita declara en emergencia a la ni\u00f1ez, por lo que explic\u00f3 su iniciativa para abordar este problema. Finalmente, se refiri\u00f3 a la interna de la UCR y la decisi\u00f3n sobre prorrogar los mandatos hasta septiembre.<\/p>\n<p>Escucha la nota completa:<\/p>\n<audio class=\"wp-audio-shortcode\" id=\"audio-2762-1\" preload=\"none\" style=\"width: 100%;\" controls=\"controls\"><source type=\"audio\/mpeg\" src=\"https:\/\/cafeprensa.com.ar\/wp-content\/uploads\/2024\/05\/11-05-BLOQUE-5-SILVIA-ELIAS-DE-PEREZ.mp3?_=1\" \/><a href=\"https:\/\/cafeprensa.com.ar\/wp-content\/uploads\/2024\/05\/11-05-BLOQUE-5-SILVIA-ELIAS-DE-PEREZ.mp3\">https:\/\/cafeprensa.com.ar\/wp-content\/uploads\/2024\/05\/11-05-BLOQUE-5-SILVIA-ELIAS-DE-PEREZ.mp3<\/a><\/audio>\n<p>&nbsp;<\/p>\n","protected":false},"excerpt":{"rendered":"<p>La legisladora radical Silvia El\u00edas de P\u00e9rez en di\u00e1logo con Caf\u00e9 Prensa se refiri\u00f3 al debate de trata la medida de la baja de imputabilidad de la edad. La funcionaria legislativa analiz\u00f3 la medida y manifest\u00f3 que este debate \u00abes salir del foco del problema y no hacernos cargo de lo que podemos regular desde &hellip;<\/p>\n","protected":false},"author":2,"featured_media":2763,"comment_status":"open","ping_status":"open","sticky":false,"template":"","format":"standard","meta":{"footnotes":""},"categories":[34],"tags":[717,102,716,719,718,92],"class_list":["post-2762","post","type-post","status-publish","format-standard","has-post-thumbnail","hentry","category-locales","tag-baja-de-imputabilidad-de-la-edad","tag-congreso","tag-ley-de-emergencia-de-la-ninez","tag-seguridad","tag-senado-de-la-nacion","tag-silvia-elias-de-perez"],"_links":{"self":[{"href":"https:\/\/cafeprensa.com.ar\/index.php\/wp-json\/wp\/v2\/posts\/2762","targetHints":{"allow":["GET"]}}],"collection":[{"href":"https:\/\/cafeprensa.com.ar\/index.php\/wp-json\/wp\/v2\/posts"}],"about":[{"href":"https:\/\/cafeprensa.com.ar\/index.php\/wp-json\/wp\/v2\/types\/post"}],"author":[{"embeddable":true,"href":"https:\/\/cafeprensa.com.ar\/index.php\/wp-json\/wp\/v2\/users\/2"}],"replies":[{"embeddable":true,"href":"https:\/\/cafeprensa.com.ar\/index.php\/wp-json\/wp\/v2\/comments?post=2762"}],"version-history":[{"count":2,"href":"https:\/\/cafeprensa.com.ar\/index.php\/wp-json\/wp\/v2\/posts\/2762\/revisions"}],"predecessor-version":[{"id":2767,"href":"https:\/\/cafeprensa.com.ar\/index.php\/wp-json\/wp\/v2\/posts\/2762\/revisions\/2767"}],"wp:featuredmedia":[{"embeddable":true,"href":"https:\/\/cafeprensa.com.ar\/index.php\/wp-json\/wp\/v2\/media\/2763"}],"wp:attachment":[{"href":"https:\/\/cafeprensa.com.ar\/index.php\/wp-json\/wp\/v2\/media?parent=2762"}],"wp:term":[{"taxonomy":"category","embeddable":true,"href":"https:\/\/cafeprensa.com.ar\/index.php\/wp-json\/wp\/v2\/categories?post=2762"},{"taxonomy":"post_tag","embeddable":true,"href":"https:\/\/cafeprensa.com.ar\/index.php\/wp-json\/wp\/v2\/tags?post=2762"}],"curies":[{"name":"wp","href":"https:\/\/api.w.org\/{rel}","templated":true}]}}