{"id":2768,"date":"2024-05-12T00:42:25","date_gmt":"2024-05-11T22:42:25","guid":{"rendered":"https:\/\/cafeprensa.com.ar\/?p=2768"},"modified":"2024-05-12T00:42:25","modified_gmt":"2024-05-11T22:42:25","slug":"la-ministra-pettovello-denuncio-el-robo-de-254-computadoras-del-ex-ministerio-de-cultura","status":"publish","type":"post","link":"https:\/\/cafeprensa.com.ar\/index.php\/2024\/05\/12\/la-ministra-pettovello-denuncio-el-robo-de-254-computadoras-del-ex-ministerio-de-cultura\/","title":{"rendered":"La ministra Pettovello denunci\u00f3 el robo de 254 computadoras del ex-Ministerio de Cultura"},"content":{"rendered":"<div class=\"the-post-header s-head-modern s-head-modern-a has-share-meta-right\">\n<div class=\"post-meta post-meta-a post-meta-left post-meta-single has-below\"><\/div>\n<\/div>\n<div class=\"single-featured\"><em>Compraron 288 equipos tres meses antes de entregar el Gobierno. Solo 34 estaban asignadas, no se sabe el destino de las 254 restantes. <\/em>En las \u00faltimas horas tom\u00f3 estado p\u00fablico, un nuevo hecho de corrupci\u00f3n generado en la gesti\u00f3n de<strong>\u00a0Alberto Fern\u00e1ndez\u00a0<\/strong>y\u00a0<strong>Cristina Fern\u00e1ndez de Kirchner<\/strong>\u00a0(2019-2023).<\/div>\n<div class=\"the-post s-post-modern\">\n<article id=\"post-63845\" class=\"post-63845 post type-post status-publish format-standard has-post-thumbnail category-nacionales category-destacada-1 tag-corrupcion-k tag-ignacio-caamano tag-ministerio-de-capital-humano tag-ministra-sandra-pettovello\">\n<div class=\"post-content-wrap has-share-float\">\n<div class=\"post-content cf entry-content content-spacious\">\n<p class=\"has-large-font-size\"><mark class=\"has-inline-color has-vivid-red-color\">La ministra de Capital Humano,\u00a0<strong>Sandra Pettovello<\/strong>, denunci\u00f3 el\u00a0<strong>robo de 254 computadoras\u00a0<\/strong>del<strong>\u00a0ex-Ministerio de Cultura<\/strong>. Los equipos fueron adquiridos en septiembre de 2023, y tienen un valor de\u00a0<strong>$290 millones<\/strong>.<\/mark><\/p>\n<p>La presentaci\u00f3n judicial destaca:\u00a0<strong>\u201cNos encontramos ante un grav\u00edsimo delito en perjuicio del erario p\u00fablico, por cuanto se habr\u00edan sustra\u00eddo decenas de computadoras del ministerio de Cultura durante la gesti\u00f3n anterior, y todo ello, ante las narices de los funcionarios a cargo de la custodia\u201d<\/strong>.<\/p>\n<p>La denuncia presentada ante el\u00a0<strong>Juzgado Federal N\u00b02<\/strong>, describe que de las\u00a0<strong>288 computadoras\u00a0<\/strong>compradas,<strong>\u00a0solo 34 estaban asignadas a agentes estatales<\/strong>, mientras que\u00a0<strong>el paradero de las restantes 254 es desconocido<\/strong>.<\/p>\n<p class=\"has-large-font-size\"><mark class=\"has-inline-color has-vivid-red-color\">Las notebook, son marca\u00a0<strong>Lenovo ThinkPad E15 Gen 4<\/strong>, fueron adquiridos por\u00a0<strong>U$S 1.030<\/strong>\u00a0cada una, \u201cpor lo que\u00a0se estima que el perjuicio patrimonial asciende a\u00a0<strong>U$S 181.280<\/strong>, lo que hoy equivale a<strong>\u00a0$ 290 millones<\/strong>\u201d.<\/mark><\/p>\n<div class=\"wp-block-image\">\n<figure class=\"aligncenter size-large\"><a href=\"https:\/\/elfederalnoticias.com.ar\/wp-content\/uploads\/2024\/05\/image-45.png\"><img loading=\"lazy\" decoding=\"async\" class=\"wp-image-63849\" src=\"https:\/\/elfederalnoticias.com.ar\/wp-content\/uploads\/2024\/05\/image-45-1024x757.png\" sizes=\"auto, (max-width: 1024px) 100vw, 1024px\" srcset=\"https:\/\/elfederalnoticias.com.ar\/wp-content\/uploads\/2024\/05\/image-45-1024x757.png 1024w, https:\/\/elfederalnoticias.com.ar\/wp-content\/uploads\/2024\/05\/image-45-300x222.png 300w, https:\/\/elfederalnoticias.com.ar\/wp-content\/uploads\/2024\/05\/image-45-768x568.png 768w, https:\/\/elfederalnoticias.com.ar\/wp-content\/uploads\/2024\/05\/image-45-150x111.png 150w, https:\/\/elfederalnoticias.com.ar\/wp-content\/uploads\/2024\/05\/image-45-450x333.png 450w, https:\/\/elfederalnoticias.com.ar\/wp-content\/uploads\/2024\/05\/image-45-1200x887.png 1200w, https:\/\/elfederalnoticias.com.ar\/wp-content\/uploads\/2024\/05\/image-45.png 1334w\" alt=\"\" width=\"1024\" height=\"757\" \/><\/a><figcaption class=\"wp-element-caption\">Modelo de la computadoras faltantes.<\/figcaption><\/figure>\n<\/div>\n<p>La informaci\u00f3n surgi\u00f3 a partir de \u201clos bienes adquiridos en la \u00faltima licitaci\u00f3n tramitada bajo el expediente\u00a0<strong>EX-2022-91393702- -APN-DCYC#MC<\/strong>\u00a0mediante el proceso de\u00a0<strong>licitaci\u00f3n N\u00ba 83-0050-LPU22<\/strong>\u201d.<\/p>\n<p>En el expediente consta que la recepci\u00f3n definitiva de los \u00faltimos 200 equipos nuevos, fueron recibidos el\u00a0<strong>18\/9\/23<\/strong>, es decir, menos de tres meses antes de dejar el poder. Es justamente por este motivo que desde\u00a0el\u00a0<strong>Ministerio de Capital Humano\u00a0<\/strong>est\u00e1n convencidos que,\u00a0<strong>\u201cas\u00ed como ingresaron las notebooks, tuvieron otro destino que no fue justamente el de la repartici\u00f3n p\u00fablica\u201d<\/strong>.<\/p>\n<p>En el escrito judicial, firmado por la subsecretaria Legal de Capital Humano,\u00a0<strong>Leila Gianni<\/strong>, afirma que:\u00a0\u201cLos hechos surgen a partir de la solicitud que se le realizara al responsable de la<strong>\u00a0Direcci\u00f3n de Tecnolog\u00eda de la Informaci\u00f3n\u00a0<\/strong>del entonces Ministerio de Cultura,\u00a0<strong>Ignacio Caama\u00f1o<\/strong>, para conocer el paradero de los bienes tecnol\u00f3gicos del \u00e1rea\u201d.<\/p>\n<p><img loading=\"lazy\" decoding=\"async\" class=\"alignnone size-medium wp-image-2769\" src=\"https:\/\/cafeprensa.com.ar\/wp-content\/uploads\/2024\/05\/ministra-capital-humano-sandra-pettovellojpgwebp-300x169.webp\" alt=\"\" width=\"300\" height=\"169\" srcset=\"https:\/\/cafeprensa.com.ar\/wp-content\/uploads\/2024\/05\/ministra-capital-humano-sandra-pettovellojpgwebp-300x169.webp 300w, https:\/\/cafeprensa.com.ar\/wp-content\/uploads\/2024\/05\/ministra-capital-humano-sandra-pettovellojpgwebp-768x432.webp 768w, https:\/\/cafeprensa.com.ar\/wp-content\/uploads\/2024\/05\/ministra-capital-humano-sandra-pettovellojpgwebp-390x220.webp 390w, https:\/\/cafeprensa.com.ar\/wp-content\/uploads\/2024\/05\/ministra-capital-humano-sandra-pettovellojpgwebp.webp 790w\" sizes=\"auto, (max-width: 300px) 100vw, 300px\" \/><\/p>\n<p>La solicitud formal\u00a0<strong>\u201cfue realizada el 22 de febrero y la respuesta, que lleg\u00f3 el 27 del mismo mes\u201d<\/strong>. La informaci\u00f3n, escueta, daba cuenta que\u00a0<strong>\u201cde un total de 288 computadoras adquiridas por el entonces Ministerio de Cultura, s\u00f3lo 34 estaban asignadas a agentes estatales y se desconoc\u00eda el paradero de las 254 restantes\u201d<\/strong>.<\/p>\n<p>A pesar de que la Direcci\u00f3n de Tecnolog\u00eda de la Informaci\u00f3n del entonces Ministerio de Cultura asegur\u00f3 que \u201ctodos esos equipos se encontraban a resguardo en el edificio de la\u00a0<strong>avenida Alvear 1690\u00a0<\/strong>de la\u00a0<strong>Ciudad de Buenos Aires<\/strong>\u201d, una inspecci\u00f3n ocular realizada por funcionarios actuales\u00a0solo encontr\u00f3 18 de las computadoras faltantes.<\/p>\n<p>Ante la falta de respuesta de los responsables de la custodia, Pettovello orden\u00f3 la denuncia penal por el presunto delito de hurto e incumplimiento de los deberes de funcionario p\u00fablico.<\/p>\n<\/div>\n<\/div>\n<\/article>\n<\/div>\n","protected":false},"excerpt":{"rendered":"<p>Compraron 288 equipos tres meses antes de entregar el Gobierno. Solo 34 estaban asignadas, no se sabe el destino de las 254 restantes. En las \u00faltimas horas tom\u00f3 estado p\u00fablico, un nuevo hecho de corrupci\u00f3n generado en la gesti\u00f3n de\u00a0Alberto Fern\u00e1ndez\u00a0y\u00a0Cristina Fern\u00e1ndez de Kirchner\u00a0(2019-2023). La ministra de Capital Humano,\u00a0Sandra Pettovello, denunci\u00f3 el\u00a0robo de 254 computadoras\u00a0del\u00a0ex-Ministerio &hellip;<\/p>\n","protected":false},"author":2,"featured_media":2770,"comment_status":"open","ping_status":"open","sticky":false,"template":"","format":"standard","meta":{"footnotes":""},"categories":[54,33],"tags":[720,721,722],"class_list":["post-2768","post","type-post","status-publish","format-standard","has-post-thumbnail","hentry","category-interes-ganeral","category-nacionales","tag-corrupcion","tag-ignacio-caamano-ministerio-de-capital-humano","tag-ministra-sandra-pettovello"],"_links":{"self":[{"href":"https:\/\/cafeprensa.com.ar\/index.php\/wp-json\/wp\/v2\/posts\/2768","targetHints":{"allow":["GET"]}}],"collection":[{"href":"https:\/\/cafeprensa.com.ar\/index.php\/wp-json\/wp\/v2\/posts"}],"about":[{"href":"https:\/\/cafeprensa.com.ar\/index.php\/wp-json\/wp\/v2\/types\/post"}],"author":[{"embeddable":true,"href":"https:\/\/cafeprensa.com.ar\/index.php\/wp-json\/wp\/v2\/users\/2"}],"replies":[{"embeddable":true,"href":"https:\/\/cafeprensa.com.ar\/index.php\/wp-json\/wp\/v2\/comments?post=2768"}],"version-history":[{"count":1,"href":"https:\/\/cafeprensa.com.ar\/index.php\/wp-json\/wp\/v2\/posts\/2768\/revisions"}],"predecessor-version":[{"id":2771,"href":"https:\/\/cafeprensa.com.ar\/index.php\/wp-json\/wp\/v2\/posts\/2768\/revisions\/2771"}],"wp:featuredmedia":[{"embeddable":true,"href":"https:\/\/cafeprensa.com.ar\/index.php\/wp-json\/wp\/v2\/media\/2770"}],"wp:attachment":[{"href":"https:\/\/cafeprensa.com.ar\/index.php\/wp-json\/wp\/v2\/media?parent=2768"}],"wp:term":[{"taxonomy":"category","embeddable":true,"href":"https:\/\/cafeprensa.com.ar\/index.php\/wp-json\/wp\/v2\/categories?post=2768"},{"taxonomy":"post_tag","embeddable":true,"href":"https:\/\/cafeprensa.com.ar\/index.php\/wp-json\/wp\/v2\/tags?post=2768"}],"curies":[{"name":"wp","href":"https:\/\/api.w.org\/{rel}","templated":true}]}}