{"id":2778,"date":"2024-05-13T12:40:48","date_gmt":"2024-05-13T10:40:48","guid":{"rendered":"https:\/\/cafeprensa.com.ar\/?p=2778"},"modified":"2024-05-13T12:40:48","modified_gmt":"2024-05-13T10:40:48","slug":"aumento-la-venta-de-autos-usados-en-tucuman","status":"publish","type":"post","link":"https:\/\/cafeprensa.com.ar\/index.php\/2024\/05\/13\/aumento-la-venta-de-autos-usados-en-tucuman\/","title":{"rendered":"Aument\u00f3 la venta de autos usados en Tucum\u00e1n"},"content":{"rendered":"<p class=\"description separatorlines\">Las consecionarias aseguraron que hubo un aumento en la venta de autos usados.<\/p>\n<div class=\"at-vc\">\n<div id=\"vsmcontent\" class=\"content vsmcontent\">\n<p>El mercado de autos usados experiment\u00f3 una recuperaci\u00f3n en abril que las concesionarias adjudican a un<span class=\"highlight\"> \u00abreacomodamiento de precios\u00bb.<\/span><br \/>\n<em><strong>La C\u00e1mara del Comercio Automotor (CCA)<\/strong><\/em> inform\u00f3 que\u00a0<span class=\"highlight\">en abril se comercializaron 136.230 veh\u00edculos usados, lo que represent\u00f3 una suba del 4,66% comparado con igual mes de 2023,\u00a0<\/span>cuando se hab\u00edan vendido 130.167 unidades.<\/p>\n<p><span class=\"highlight\">El Volkswagen Gol y el Trend siguieron encabezando la lista de los m\u00e1s vendidos.<\/span> Si se compara con marzo (105.969 veh\u00edculos), el crecimiento llega al 28,56%. En los 4 primeros meses del a\u00f1o se comercializaron 464.562 unidades, lo que a\u00fan representa una ca\u00edda del 10,94% en comparaci\u00f3n con igual per\u00edodo de 2023 (521.650 unidades).<br \/>\nEn este per\u00edodo, las provincias que sufrieron la mayor baja fueron\u00a0<em><strong><span class=\"highlight\">Formosa con 30,56%, La Rioja (26,40%) y Jujuy (25,15%).\u00a0<\/span>Las que menos bajaron fueron Entre R\u00edos (6,93%) y Mendoza (5,98%).<\/strong><\/em><br \/>\n<b>Alejandro Lamas,<\/b>\u00a0secretario de la c\u00e1mara, dijo que \u00ablos n\u00fameros de ventas de abril han arrojado una recuperaci\u00f3n de la actividad con respecto al mismo mes del a\u00f1o pasado\u00a0<span class=\"highlight\">y una recuperaci\u00f3n importante con respecto a marzo de este mismo a\u00f1o\u00bb.<\/span><br \/>\n\u00abSeguramente el factor m\u00e1s importante, junto a la baja evidente del \u00edndice de inflaci\u00f3n,<span class=\"highlight\">\u00a0tiene que ver con un reacomodamiento de precios hacia abajo que indican una nueva realidad de mercado<\/span>\u00ab, se\u00f1al\u00f3 Lamas. Dijo que esto, junto a una importante baja de tasas para poder financiar las ventas, seguramente son factores, no \u00fanicos,\u00a0<span class=\"highlight\">pero s\u00ed muy importantes para empezar a generar una recuperaci\u00f3n de la actividad\u00bb<\/span>. <em><strong>\u00abEsperamos que los n\u00fameros de mayo reflejen esta incipiente recuperaci\u00f3n que nos llevar\u00eda a un optimismo moderado pensando en el segundo semestre del a\u00f1o\u00bb, indic\u00f3.<\/strong><\/em><\/p>\n<\/div>\n<\/div>\n","protected":false},"excerpt":{"rendered":"<p>Las consecionarias aseguraron que hubo un aumento en la venta de autos usados. El mercado de autos usados experiment\u00f3 una recuperaci\u00f3n en abril que las concesionarias adjudican a un \u00abreacomodamiento de precios\u00bb. La C\u00e1mara del Comercio Automotor (CCA) inform\u00f3 que\u00a0en abril se comercializaron 136.230 veh\u00edculos usados, lo que represent\u00f3 una suba del 4,66% comparado con &hellip;<\/p>\n","protected":false},"author":2,"featured_media":2779,"comment_status":"open","ping_status":"open","sticky":false,"template":"","format":"standard","meta":{"footnotes":""},"categories":[54,34],"tags":[626],"class_list":["post-2778","post","type-post","status-publish","format-standard","has-post-thumbnail","hentry","category-interes-ganeral","category-locales","tag-autos-usados"],"_links":{"self":[{"href":"https:\/\/cafeprensa.com.ar\/index.php\/wp-json\/wp\/v2\/posts\/2778","targetHints":{"allow":["GET"]}}],"collection":[{"href":"https:\/\/cafeprensa.com.ar\/index.php\/wp-json\/wp\/v2\/posts"}],"about":[{"href":"https:\/\/cafeprensa.com.ar\/index.php\/wp-json\/wp\/v2\/types\/post"}],"author":[{"embeddable":true,"href":"https:\/\/cafeprensa.com.ar\/index.php\/wp-json\/wp\/v2\/users\/2"}],"replies":[{"embeddable":true,"href":"https:\/\/cafeprensa.com.ar\/index.php\/wp-json\/wp\/v2\/comments?post=2778"}],"version-history":[{"count":1,"href":"https:\/\/cafeprensa.com.ar\/index.php\/wp-json\/wp\/v2\/posts\/2778\/revisions"}],"predecessor-version":[{"id":2780,"href":"https:\/\/cafeprensa.com.ar\/index.php\/wp-json\/wp\/v2\/posts\/2778\/revisions\/2780"}],"wp:featuredmedia":[{"embeddable":true,"href":"https:\/\/cafeprensa.com.ar\/index.php\/wp-json\/wp\/v2\/media\/2779"}],"wp:attachment":[{"href":"https:\/\/cafeprensa.com.ar\/index.php\/wp-json\/wp\/v2\/media?parent=2778"}],"wp:term":[{"taxonomy":"category","embeddable":true,"href":"https:\/\/cafeprensa.com.ar\/index.php\/wp-json\/wp\/v2\/categories?post=2778"},{"taxonomy":"post_tag","embeddable":true,"href":"https:\/\/cafeprensa.com.ar\/index.php\/wp-json\/wp\/v2\/tags?post=2778"}],"curies":[{"name":"wp","href":"https:\/\/api.w.org\/{rel}","templated":true}]}}