{"id":2805,"date":"2024-05-14T13:24:40","date_gmt":"2024-05-14T11:24:40","guid":{"rendered":"https:\/\/cafeprensa.com.ar\/?p=2805"},"modified":"2024-05-14T13:24:40","modified_gmt":"2024-05-14T11:24:40","slug":"rotundo-rechazo-al-aumento-del-boleto-de-saeta-en-la-audiencia-publica","status":"publish","type":"post","link":"https:\/\/cafeprensa.com.ar\/index.php\/2024\/05\/14\/rotundo-rechazo-al-aumento-del-boleto-de-saeta-en-la-audiencia-publica\/","title":{"rendered":"Rotundo rechazo al aumento del boleto de Saeta en la audiencia p\u00fablica"},"content":{"rendered":"<div class=\"td-post-header td-pb-padding-side\"><\/div>\n<div class=\"td-post-content td-pb-padding-side\">\n<p>Los asistentes a la audiencia no vinculante, llevada a cabo en la sede del Municipio de La Caldera, rechazaron de manera un\u00e1nime el aumento del boleto a $753,57 propuesto por la empresa Saeta.<\/p>\n<p>La sociedad del Estado provincial que administra los corredores de colectivos de la <em><strong>capital salte\u00f1a y municipios vecinos del Valle de Lerma solicit\u00f3 llevar el boleto urbano a $753,57.<\/strong><\/em> El pasaje est\u00e1 fijado desde el 4 de febrero \u00faltimo en $490, de modo que la solicitud que elev\u00f3 Saeta al ente provincial de transporte el mes pasado implicar\u00eda una suba del 51,75%. Ser\u00e1 la tercera del a\u00f1o, ya que el boleto urbano, que arranc\u00f3 a comienzos de <em><strong>2024 a $110, pas\u00f3 a $290 desde el 24 de enero y luego a $490 desde el 4 de marzo<\/strong><\/em>.<\/p>\n<p>Durante el encuentro el presidente de Saeta, Claudio Mohr, justific\u00f3 el pedido de aumento de boleto presentado a la Autoridad Metropolitana de Transporte al se\u00f1alar \u00ablos altos costos que demanda el servicio debido al incremento que registran los insumos para la correcta prestaci\u00f3n, a la falta de subsidio del Gobierno nacional y a la cuesti\u00f3n salarial que debe afrontar\u00bb.<\/p>\n<p>Asimismo, Mohr compar\u00f3 la tarifa con otras provincias y destac\u00f3 que en el \u00e1rea metropolitana \u00abexiste una tarifa plana de 490 pesos, con un sistema de trasbordo que en abril alcanz\u00f3 m\u00e1s de 2 millones viajes\u00bb. Finalizado la audiencia el presidente de la AMT, Marcelo Ferraris, indic\u00f3 que \u00abel balance del encuentro fue positivo, y destac\u00f3 la convocatoria en el interior, donde se pudo escuchar todas las voces involucradas en el transporte, desde los usuarios, hasta el responsable de Saeta, y representantes de otros organismos provinciales.<\/p>\n<p>\u201cAhora iniciar\u00e1 el periodo en el que se evaluar\u00e1n todas las opiniones vertidas en esta audiencia para tomar una decisi\u00f3n final, que responda a los requerimientos de Saeta, pero que tambi\u00e9n proteja a los usuarios en lo econ\u00f3mico\u201d, concluy\u00f3. Ahora ser\u00e1 la Autoridad Metropolitana de Transporte (AMT) la que decida darle la suba solicitada, desde cu\u00e1ndo y si se har\u00e1 de una sola vez o en forma escalonada. Y mientras esto suced\u00eda, en la calle Pellegrini donde tiene su sede Saeta, diferentes agrupaciones pol\u00edticas se manifestaron en contra del aumento.<\/p>\n<\/div>\n","protected":false},"excerpt":{"rendered":"<p>Los asistentes a la audiencia no vinculante, llevada a cabo en la sede del Municipio de La Caldera, rechazaron de manera un\u00e1nime el aumento del boleto a $753,57 propuesto por la empresa Saeta. La sociedad del Estado provincial que administra los corredores de colectivos de la capital salte\u00f1a y municipios vecinos del Valle de Lerma &hellip;<\/p>\n","protected":false},"author":2,"featured_media":2806,"comment_status":"open","ping_status":"open","sticky":false,"template":"","format":"standard","meta":{"footnotes":""},"categories":[28,33],"tags":[57,731,96,127],"class_list":["post-2805","post","type-post","status-publish","format-standard","has-post-thumbnail","hentry","category-economia","category-nacionales","tag-boleto","tag-saeta","tag-salta","tag-uta"],"_links":{"self":[{"href":"https:\/\/cafeprensa.com.ar\/index.php\/wp-json\/wp\/v2\/posts\/2805","targetHints":{"allow":["GET"]}}],"collection":[{"href":"https:\/\/cafeprensa.com.ar\/index.php\/wp-json\/wp\/v2\/posts"}],"about":[{"href":"https:\/\/cafeprensa.com.ar\/index.php\/wp-json\/wp\/v2\/types\/post"}],"author":[{"embeddable":true,"href":"https:\/\/cafeprensa.com.ar\/index.php\/wp-json\/wp\/v2\/users\/2"}],"replies":[{"embeddable":true,"href":"https:\/\/cafeprensa.com.ar\/index.php\/wp-json\/wp\/v2\/comments?post=2805"}],"version-history":[{"count":1,"href":"https:\/\/cafeprensa.com.ar\/index.php\/wp-json\/wp\/v2\/posts\/2805\/revisions"}],"predecessor-version":[{"id":2807,"href":"https:\/\/cafeprensa.com.ar\/index.php\/wp-json\/wp\/v2\/posts\/2805\/revisions\/2807"}],"wp:featuredmedia":[{"embeddable":true,"href":"https:\/\/cafeprensa.com.ar\/index.php\/wp-json\/wp\/v2\/media\/2806"}],"wp:attachment":[{"href":"https:\/\/cafeprensa.com.ar\/index.php\/wp-json\/wp\/v2\/media?parent=2805"}],"wp:term":[{"taxonomy":"category","embeddable":true,"href":"https:\/\/cafeprensa.com.ar\/index.php\/wp-json\/wp\/v2\/categories?post=2805"},{"taxonomy":"post_tag","embeddable":true,"href":"https:\/\/cafeprensa.com.ar\/index.php\/wp-json\/wp\/v2\/tags?post=2805"}],"curies":[{"name":"wp","href":"https:\/\/api.w.org\/{rel}","templated":true}]}}