{"id":2903,"date":"2024-05-17T13:19:48","date_gmt":"2024-05-17T11:19:48","guid":{"rendered":"https:\/\/cafeprensa.com.ar\/?p=2903"},"modified":"2024-05-17T13:19:48","modified_gmt":"2024-05-17T11:19:48","slug":"la-senadora-avila-pidio-precisiones-al-jefe-de-gabinete-sobre-el-proyecto-para-ampliar-el-aeropuerto-en-tucuman","status":"publish","type":"post","link":"https:\/\/cafeprensa.com.ar\/index.php\/2024\/05\/17\/la-senadora-avila-pidio-precisiones-al-jefe-de-gabinete-sobre-el-proyecto-para-ampliar-el-aeropuerto-en-tucuman\/","title":{"rendered":"La senadora Avila pidi\u00f3 precisiones al Jefe de Gabinete sobre el proyecto para ampliar el aeropuerto en Tucum\u00e1n"},"content":{"rendered":"<div class=\"the-post-header s-head-modern s-head-modern-a has-share-meta-right\">\n<div class=\"post-meta post-meta-a post-meta-left post-meta-single has-below\">\n<div class=\"meta-below-has-right\">\n<div class=\"post-share post-share-b spc-social-colors  post-share-b3 post-share-b-circles post-share-b3-circles\"><em>Necesitamos aliviar a las PyMES y productores para que se empiece a generar trabajo y desarrollo\u201d, sostuvo la senadora. <\/em>El <em><strong>Jefe de Gabinete, Nicol\u00e1s Posse, anticip\u00f3 hoy en el Senado de la Naci\u00f3n<\/strong><\/em> que est\u00e1n dialogando con empresas privadas para promover una pol\u00edtica de \u201ccielos abiertos\u201d que permita incrementar las frecuencias de vuelos hacia Tucum\u00e1n. El funcionario, adem\u00e1s, asegur\u00f3 que la ampliaci\u00f3n del aeropuerto Benjam\u00edn Matienzo est\u00e1 siendo evaluada por el organismo regulador de la actividad a\u00e9rea en el pa\u00eds.<\/div>\n<\/div>\n<\/div>\n<\/div>\n<div class=\"the-post s-post-modern\">\n<article id=\"post-64013\" class=\"post-64013 post type-post status-publish format-standard has-post-thumbnail category-tucuman tag-beatriz-avila-2 tag-informe tag-jefe-de-gabinete tag-nicolas-posse tag-senado\">\n<div class=\"post-content-wrap has-share-float\">\n<div class=\"post-content cf entry-content content-spacious\">\n<p>La definici\u00f3n fue parte de la respuesta a las requisitorias realizadas por la <em><strong>senadora Beatriz Avila (PJS)<\/strong> <\/em>durante la comparecencia de Posse ante la c\u00e1mara alta del Congreso de la Naci\u00f3n. \u201cEs un tema que nos preocupa a quienes vivimos en Tucum\u00e1n. Tambi\u00e9n a todos los ciudadanos del norte argentino. Han bajado la frecuencia de vuelos y es indispensable empezar a recuperarlas\u201d, plante\u00f3 la parlamentaria durante la exposici\u00f3n con la que el funcionario cumpli\u00f3 con un mandato constitucional.<\/p>\n<p>Avila tambi\u00e9n busc\u00f3 precisiones sobre el compromiso del presidente Javier Milei para avanzar con una baja de impuestos. \u201cEs una tarea a la que debemos abocarnos con urgencia. La presi\u00f3n fiscal es muy grande para los que producen. Necesitamos aliviar a las PyMES y productores para que se empiece a generar trabajo y desarrollo\u201d, sostuvo la tucumana. Posse admiti\u00f3 el problema, pero condicion\u00f3 el alivio tributario al equilibrio en las cuentas p\u00fablicas y a la sanci\u00f3n de la<strong> \u201cLey Bases\u201d y la reforma fiscal. \u201cTenemos que ser sustentables antes de bajar impuestos\u201d,<\/strong> agreg\u00f3.<\/p>\n<p>Por \u00faltimo, la senadora tucumana valor\u00f3 la presencia de Posse ante los senadores. \u201cEs muy importante que funcionen las instituciones de la Rep\u00fablica. <em><strong>Cuando hay di\u00e1logo maduro y responsable, se pueden superar las tensiones. Ojal\u00e1 esta sea la din\u00e1mica de los pr\u00f3ximos meses. Los ministros tienen un rol, los senadores otros y no debe haber ning\u00fan problema en que ambos podamos ejercer nuestra tarea\u201d<\/strong><\/em>, concluy\u00f3.<\/p>\n<\/div>\n<\/div>\n<\/article>\n<\/div>\n","protected":false},"excerpt":{"rendered":"<p>Necesitamos aliviar a las PyMES y productores para que se empiece a generar trabajo y desarrollo\u201d, sostuvo la senadora. El Jefe de Gabinete, Nicol\u00e1s Posse, anticip\u00f3 hoy en el Senado de la Naci\u00f3n que est\u00e1n dialogando con empresas privadas para promover una pol\u00edtica de \u201ccielos abiertos\u201d que permita incrementar las frecuencias de vuelos hacia Tucum\u00e1n. &hellip;<\/p>\n","protected":false},"author":2,"featured_media":2904,"comment_status":"open","ping_status":"open","sticky":false,"template":"","format":"standard","meta":{"footnotes":""},"categories":[54,34],"tags":[765,102,764],"class_list":["post-2903","post","type-post","status-publish","format-standard","has-post-thumbnail","hentry","category-interes-ganeral","category-locales","tag-aeropuerto","tag-congreso","tag-senadora-avila"],"_links":{"self":[{"href":"https:\/\/cafeprensa.com.ar\/index.php\/wp-json\/wp\/v2\/posts\/2903","targetHints":{"allow":["GET"]}}],"collection":[{"href":"https:\/\/cafeprensa.com.ar\/index.php\/wp-json\/wp\/v2\/posts"}],"about":[{"href":"https:\/\/cafeprensa.com.ar\/index.php\/wp-json\/wp\/v2\/types\/post"}],"author":[{"embeddable":true,"href":"https:\/\/cafeprensa.com.ar\/index.php\/wp-json\/wp\/v2\/users\/2"}],"replies":[{"embeddable":true,"href":"https:\/\/cafeprensa.com.ar\/index.php\/wp-json\/wp\/v2\/comments?post=2903"}],"version-history":[{"count":1,"href":"https:\/\/cafeprensa.com.ar\/index.php\/wp-json\/wp\/v2\/posts\/2903\/revisions"}],"predecessor-version":[{"id":2905,"href":"https:\/\/cafeprensa.com.ar\/index.php\/wp-json\/wp\/v2\/posts\/2903\/revisions\/2905"}],"wp:featuredmedia":[{"embeddable":true,"href":"https:\/\/cafeprensa.com.ar\/index.php\/wp-json\/wp\/v2\/media\/2904"}],"wp:attachment":[{"href":"https:\/\/cafeprensa.com.ar\/index.php\/wp-json\/wp\/v2\/media?parent=2903"}],"wp:term":[{"taxonomy":"category","embeddable":true,"href":"https:\/\/cafeprensa.com.ar\/index.php\/wp-json\/wp\/v2\/categories?post=2903"},{"taxonomy":"post_tag","embeddable":true,"href":"https:\/\/cafeprensa.com.ar\/index.php\/wp-json\/wp\/v2\/tags?post=2903"}],"curies":[{"name":"wp","href":"https:\/\/api.w.org\/{rel}","templated":true}]}}