{"id":2937,"date":"2024-05-20T15:08:08","date_gmt":"2024-05-20T13:08:08","guid":{"rendered":"https:\/\/cafeprensa.com.ar\/?p=2937"},"modified":"2024-05-20T15:10:00","modified_gmt":"2024-05-20T13:10:00","slug":"bella-vista-inauguro-el-periodo-de-turismo-educativo","status":"publish","type":"post","link":"https:\/\/cafeprensa.com.ar\/index.php\/2024\/05\/20\/bella-vista-inauguro-el-periodo-de-turismo-educativo\/","title":{"rendered":"Bella Vista inaugur\u00f3 el per\u00edodo de turismo educativo"},"content":{"rendered":"<div class=\"the-post-header s-head-modern s-head-modern-a has-share-meta-right\">\n<div class=\"post-meta post-meta-a post-meta-left post-meta-single has-below\"><em>La gesti\u00f3n de la intendenta Paula Quiles apunta a consolidar el turismo como pol\u00edtica de estado.<\/em><\/div>\n<\/div>\n<div class=\"the-post s-post-modern\">\n<article id=\"post-64123\" class=\"post-64123 post type-post status-publish format-standard has-post-thumbnail category-tucuman tag-bella-vista tag-paula-quiles tag-politicas-de-estado tag-turismo tag-turismo-educativo\">\n<div class=\"post-content-wrap has-share-float\">\n<div class=\"post-content cf entry-content content-spacious\">\n<p>a Municipalidad de Bella Vista inaugur\u00f3 el per\u00edodo de turismo educativo con la visita de una escuela de una localidad vecina. <em><strong>Alumnos de primer y segundo grado de la escuela N\u00b0 257 Celio Serrizuela, de Campo de Herrera, recorrieron los atractivos que Bella Vista tiene para sus visitantes.<\/strong><\/em><\/p>\n<p>El recorrido comenz\u00f3 por la Granja Educativa Integral donde pudieron conocer los procesos de producci\u00f3n de verduras y la cr\u00eda de animales. <em><strong>Luego, los estudiantes visitaron la Plaza San Mart\u00edn, donde aprendieron t\u00e9cnicas de reciclaje \u2013en consonancia con el D\u00eda Mundial del Reciclaje, pasearon por el casco c\u00e9ntrico y luego se trasladaron hasta el Complejo Batalla de Tucum\u00e1n donde visitaron el lago artificial y el Centro de Equinoterapia que es modelo en el norte argentino.<\/strong><\/em><\/p>\n<p><img loading=\"lazy\" decoding=\"async\" class=\"alignnone size-medium wp-image-2938\" src=\"https:\/\/cafeprensa.com.ar\/wp-content\/uploads\/2024\/05\/granja-educativa-bella-vista-300x200.jpg\" alt=\"\" width=\"300\" height=\"200\" srcset=\"https:\/\/cafeprensa.com.ar\/wp-content\/uploads\/2024\/05\/granja-educativa-bella-vista-300x200.jpg 300w, https:\/\/cafeprensa.com.ar\/wp-content\/uploads\/2024\/05\/granja-educativa-bella-vista-1024x682.jpg 1024w, https:\/\/cafeprensa.com.ar\/wp-content\/uploads\/2024\/05\/granja-educativa-bella-vista-768x512.jpg 768w, https:\/\/cafeprensa.com.ar\/wp-content\/uploads\/2024\/05\/granja-educativa-bella-vista.jpg 1280w\" sizes=\"auto, (max-width: 300px) 100vw, 300px\" \/><\/p>\n<p>Los establecimientos educativos de la provincia que quieran coordinar visitas deben comunicarse al 3815-110-788 o por mail al correo\u00a0<a href=\"mailto:turismobellavistatuc@gmail.com\">turismobellavistatuc@gmail.com<\/a>. \u201cEn Bella Vista queremos ser pioneros en el turismo educativo, tenemos muchas actividades para los chicos y ac\u00e1 los vamos a recibir siempre con los brazos abiertos\u201d, dijo la intendenta Paula Quiles.<\/p>\n<p>\u201cEl turismo es una pol\u00edtica de estado para esta gesti\u00f3n, por todo lo que significa: genera \u00a0empleo y dinamiza la econom\u00eda. Vamos a trabajar mucho para posicionar el turismo en Bella Vista\u201d, agreg\u00f3 la intendenta. <em><strong>\u201cEn Bella Vista tenemos un circuito para que los chicos pasen un excelente d\u00eda en nuestra ciudad. Vamos a ser pioneros en el turismo educativo\u201d<\/strong><\/em>, coment\u00f3 Daniela Hern\u00e1ndez, coordinadora de turismo de la ciudad.<\/p>\n<\/div>\n<\/div>\n<\/article>\n<\/div>\n","protected":false},"excerpt":{"rendered":"<p>La gesti\u00f3n de la intendenta Paula Quiles apunta a consolidar el turismo como pol\u00edtica de estado. a Municipalidad de Bella Vista inaugur\u00f3 el per\u00edodo de turismo educativo con la visita de una escuela de una localidad vecina. Alumnos de primer y segundo grado de la escuela N\u00b0 257 Celio Serrizuela, de Campo de Herrera, recorrieron &hellip;<\/p>\n","protected":false},"author":2,"featured_media":2939,"comment_status":"open","ping_status":"open","sticky":false,"template":"","format":"standard","meta":{"footnotes":""},"categories":[54,34],"tags":[779],"class_list":["post-2937","post","type-post","status-publish","format-standard","has-post-thumbnail","hentry","category-interes-ganeral","category-locales","tag-municipalidad-de-bella-vista"],"_links":{"self":[{"href":"https:\/\/cafeprensa.com.ar\/index.php\/wp-json\/wp\/v2\/posts\/2937","targetHints":{"allow":["GET"]}}],"collection":[{"href":"https:\/\/cafeprensa.com.ar\/index.php\/wp-json\/wp\/v2\/posts"}],"about":[{"href":"https:\/\/cafeprensa.com.ar\/index.php\/wp-json\/wp\/v2\/types\/post"}],"author":[{"embeddable":true,"href":"https:\/\/cafeprensa.com.ar\/index.php\/wp-json\/wp\/v2\/users\/2"}],"replies":[{"embeddable":true,"href":"https:\/\/cafeprensa.com.ar\/index.php\/wp-json\/wp\/v2\/comments?post=2937"}],"version-history":[{"count":3,"href":"https:\/\/cafeprensa.com.ar\/index.php\/wp-json\/wp\/v2\/posts\/2937\/revisions"}],"predecessor-version":[{"id":2942,"href":"https:\/\/cafeprensa.com.ar\/index.php\/wp-json\/wp\/v2\/posts\/2937\/revisions\/2942"}],"wp:featuredmedia":[{"embeddable":true,"href":"https:\/\/cafeprensa.com.ar\/index.php\/wp-json\/wp\/v2\/media\/2939"}],"wp:attachment":[{"href":"https:\/\/cafeprensa.com.ar\/index.php\/wp-json\/wp\/v2\/media?parent=2937"}],"wp:term":[{"taxonomy":"category","embeddable":true,"href":"https:\/\/cafeprensa.com.ar\/index.php\/wp-json\/wp\/v2\/categories?post=2937"},{"taxonomy":"post_tag","embeddable":true,"href":"https:\/\/cafeprensa.com.ar\/index.php\/wp-json\/wp\/v2\/tags?post=2937"}],"curies":[{"name":"wp","href":"https:\/\/api.w.org\/{rel}","templated":true}]}}