{"id":2978,"date":"2024-05-22T12:30:19","date_gmt":"2024-05-22T10:30:19","guid":{"rendered":"https:\/\/cafeprensa.com.ar\/?p=2978"},"modified":"2024-05-22T12:30:19","modified_gmt":"2024-05-22T10:30:19","slug":"manana-jueves-no-habra-clases-en-tucuman","status":"publish","type":"post","link":"https:\/\/cafeprensa.com.ar\/index.php\/2024\/05\/22\/manana-jueves-no-habra-clases-en-tucuman\/","title":{"rendered":"Ma\u00f1ana jueves no habr\u00e1 clases en Tucum\u00e1n"},"content":{"rendered":"<p class=\"title\">ATEP adhiere al paro nacional.\u00a0Tras una asamblea, el gremio de docentes de Tucum\u00e1n decidi\u00f3 adherirse al paro nacional convocado por CTERA para este jueves.<\/p>\n<div class=\"at-vc\">\n<div id=\"vsmcontent\" class=\"content vsmcontent\">\n<p>La medida de fuerza es una respuesta a la falta de atenci\u00f3n a las demandas salariales, laborales y de financiamiento educativo por parte de las autoridades nacionales.<\/p>\n<p>Los docentes exigen la urgente convocatoria a la Paritaria Nacional Docente y la restituci\u00f3n del Fondo Nacional de Incentivo Docente (FONID), cuya eliminaci\u00f3n signific\u00f3 una\u00a0<span class=\"highlight\">disminuci\u00f3n salarial de entre un 10% y un 20% para los educadores<\/span>. Adem\u00e1s, reclaman un aumento en el presupuesto educativo destinado a las escuelas y universidades p\u00fablicas, as\u00ed como el env\u00edo de fondos necesarios para infraestructura, comedores escolares y programas educativos.<\/p>\n<p><img loading=\"lazy\" decoding=\"async\" class=\"alignnone size-medium wp-image-2979\" src=\"https:\/\/cafeprensa.com.ar\/wp-content\/uploads\/2024\/05\/664b97621e246__800x578-300x217.jpg\" alt=\"\" width=\"300\" height=\"217\" srcset=\"https:\/\/cafeprensa.com.ar\/wp-content\/uploads\/2024\/05\/664b97621e246__800x578-300x217.jpg 300w, https:\/\/cafeprensa.com.ar\/wp-content\/uploads\/2024\/05\/664b97621e246__800x578-768x555.jpg 768w, https:\/\/cafeprensa.com.ar\/wp-content\/uploads\/2024\/05\/664b97621e246__800x578.jpg 800w\" sizes=\"auto, (max-width: 300px) 100vw, 300px\" \/><\/p>\n<p><em><strong>En Tucum\u00e1n, la decisi\u00f3n de sumarse al paro fue tomada durante una asamblea de ATEP, en la cual se resolvi\u00f3 por amplia mayor\u00eda adherir a la medida de fuerza.\u00a0<\/strong><\/em><\/p>\n<p><b>Nora Yenad<\/b>, secretaria adjunta del gremio, adelant\u00f3. <em><strong>\u00abSe acept\u00f3 por amplia mayor\u00eda la adhesi\u00f3n al paro de CTERA, sin movilizaci\u00f3n y sin asistencia a los lugares de trabajo\u00bb.<\/strong><\/em><br \/>\nParalelamente, el gremio de<em><strong> ATEP acept\u00f3 la propuesta salarial ofrecida por el Gobierno de la provincia, que incluye un aumento del salario b\u00e1sico de $70.000 a $90.000<\/strong><\/em>, adem\u00e1s de una suma fija. \u00abEl aumento es insuficiente pero aceptamos ante la crisis que atraviesa el pa\u00eds. Esperaremos que en agosto las cosas cambien\u00bb, coment\u00f3 Nora.<\/p>\n<p class=\"ptitle\"><b>PARO NACIONAL DE CTERA<\/b><\/p>\n<p>El <em><strong>paro nacional, impulsado por CTERA<\/strong><\/em>, se da en un contexto de creciente insatisfacci\u00f3n entre los docentes debido a\u00a0<span class=\"highlight\">la falta de avances en las negociaciones salariales y la preocupaci\u00f3n por el desfinanciamiento del sistema educativo.\u00a0<\/span>La convocatoria subraya la necesidad de una respuesta urgente por parte del gobierno para resolver estos conflictos y garantizar condiciones dignas de trabajo para los docentes.<\/p>\n<p><em><strong>Este jueves, las escuelas de Tucum\u00e1n se sumar\u00e1n a la protesta nacional<\/strong><\/em>, reflejando el descontento de los docentes locales y su solidaridad con las demandas a nivel nacional.<\/p>\n<\/div>\n<\/div>\n","protected":false},"excerpt":{"rendered":"<p>ATEP adhiere al paro nacional.\u00a0Tras una asamblea, el gremio de docentes de Tucum\u00e1n decidi\u00f3 adherirse al paro nacional convocado por CTERA para este jueves. La medida de fuerza es una respuesta a la falta de atenci\u00f3n a las demandas salariales, laborales y de financiamiento educativo por parte de las autoridades nacionales. Los docentes exigen la &hellip;<\/p>\n","protected":false},"author":2,"featured_media":2980,"comment_status":"open","ping_status":"open","sticky":false,"template":"","format":"standard","meta":{"footnotes":""},"categories":[38,34],"tags":[790,134,791],"class_list":["post-2978","post","type-post","status-publish","format-standard","has-post-thumbnail","hentry","category-educacion","category-locales","tag-atep","tag-cetera","tag-paro-nacinal"],"_links":{"self":[{"href":"https:\/\/cafeprensa.com.ar\/index.php\/wp-json\/wp\/v2\/posts\/2978","targetHints":{"allow":["GET"]}}],"collection":[{"href":"https:\/\/cafeprensa.com.ar\/index.php\/wp-json\/wp\/v2\/posts"}],"about":[{"href":"https:\/\/cafeprensa.com.ar\/index.php\/wp-json\/wp\/v2\/types\/post"}],"author":[{"embeddable":true,"href":"https:\/\/cafeprensa.com.ar\/index.php\/wp-json\/wp\/v2\/users\/2"}],"replies":[{"embeddable":true,"href":"https:\/\/cafeprensa.com.ar\/index.php\/wp-json\/wp\/v2\/comments?post=2978"}],"version-history":[{"count":1,"href":"https:\/\/cafeprensa.com.ar\/index.php\/wp-json\/wp\/v2\/posts\/2978\/revisions"}],"predecessor-version":[{"id":2981,"href":"https:\/\/cafeprensa.com.ar\/index.php\/wp-json\/wp\/v2\/posts\/2978\/revisions\/2981"}],"wp:featuredmedia":[{"embeddable":true,"href":"https:\/\/cafeprensa.com.ar\/index.php\/wp-json\/wp\/v2\/media\/2980"}],"wp:attachment":[{"href":"https:\/\/cafeprensa.com.ar\/index.php\/wp-json\/wp\/v2\/media?parent=2978"}],"wp:term":[{"taxonomy":"category","embeddable":true,"href":"https:\/\/cafeprensa.com.ar\/index.php\/wp-json\/wp\/v2\/categories?post=2978"},{"taxonomy":"post_tag","embeddable":true,"href":"https:\/\/cafeprensa.com.ar\/index.php\/wp-json\/wp\/v2\/tags?post=2978"}],"curies":[{"name":"wp","href":"https:\/\/api.w.org\/{rel}","templated":true}]}}