{"id":3002,"date":"2024-05-23T12:54:59","date_gmt":"2024-05-23T10:54:59","guid":{"rendered":"https:\/\/cafeprensa.com.ar\/?p=3002"},"modified":"2024-05-23T12:54:59","modified_gmt":"2024-05-23T10:54:59","slug":"campeones-mundiales-de-1978-1986-y-2022-en-un-partido-homenaje-a-maradona","status":"publish","type":"post","link":"https:\/\/cafeprensa.com.ar\/index.php\/2024\/05\/23\/campeones-mundiales-de-1978-1986-y-2022-en-un-partido-homenaje-a-maradona\/","title":{"rendered":"Campeones mundiales de 1978, 1986 y 2022 en un partido homenaje a Maradona"},"content":{"rendered":"<div class=\"the-post-header s-head-modern s-head-modern-a has-share-meta-right\">\n<div class=\"post-meta post-meta-a post-meta-left post-meta-single has-below\">\n<div class=\"meta-below-has-right\">\n<div class=\"post-share post-share-b spc-social-colors  post-share-b3 post-share-b-circles post-share-b3-circles\"><em>Ser\u00e1 en 2026 en el m\u00edtico Estadio Azteca para celebrar los 40 a\u00f1os de los goles de Diego a los ingleses.<\/em><\/div>\n<\/div>\n<\/div>\n<\/div>\n<div class=\"the-post s-post-modern\">\n<article id=\"post-64311\" class=\"post-64311 post type-post status-publish format-standard has-post-thumbnail category-deportes category-z4-destacada\">\n<div class=\"post-content-wrap has-share-float\">\n<div class=\"post-content cf entry-content content-spacious\">\n<p>El partido homenaje a Maradona ser\u00e1 una fiesta de f\u00fatbol, m\u00fasica, solidaridad y emoci\u00f3n que se propone unir a los jugadores argentinos <strong>campeones del mundo de las 3 generaciones (1978, 1986 y 2022) para celebrar los 40 a\u00f1os del Argentina 2 \u2013 Inglaterra 1,<\/strong> uno de los partidos de f\u00fatbol m\u00e1s importantes de la historia, en el m\u00edtico Estadio Azteca de Ciudad de M\u00e9xico.<\/p>\n<p>El encuentro se realizar\u00e1 en la previa de la pr\u00f3xima copa del mundo que se desarrollar\u00e1 en Estados Unidos, Canad\u00e1 y M\u00e9xico y todo lo recaudado ser\u00e1 donado a distintas instituciones de bien p\u00fablico. Participar\u00e1n futbolistas de las 3 selecciones argentinas campeonas del mundo, ex jugadores ingleses y un grupo de 30 personas que ser\u00e1n seleccionadas en los pr\u00f3ximos dos a\u00f1os por un jurado de ex futbolistas, entre los cuales ya confirmaron su participaci\u00f3n <strong>Carlos Valderrama, Ricardo Bochini y Guillermo Pereyra.<\/strong><\/p>\n<p><img loading=\"lazy\" decoding=\"async\" class=\"alignnone size-medium wp-image-3005\" src=\"https:\/\/cafeprensa.com.ar\/wp-content\/uploads\/2024\/05\/dbdc9ab3-c80d-4876-964f-81396078c1f7_source-aspect-ratio_default_0-300x169.jpg\" alt=\"\" width=\"300\" height=\"169\" srcset=\"https:\/\/cafeprensa.com.ar\/wp-content\/uploads\/2024\/05\/dbdc9ab3-c80d-4876-964f-81396078c1f7_source-aspect-ratio_default_0-300x169.jpg 300w, https:\/\/cafeprensa.com.ar\/wp-content\/uploads\/2024\/05\/dbdc9ab3-c80d-4876-964f-81396078c1f7_source-aspect-ratio_default_0-1024x576.jpg 1024w, https:\/\/cafeprensa.com.ar\/wp-content\/uploads\/2024\/05\/dbdc9ab3-c80d-4876-964f-81396078c1f7_source-aspect-ratio_default_0-768x432.jpg 768w, https:\/\/cafeprensa.com.ar\/wp-content\/uploads\/2024\/05\/dbdc9ab3-c80d-4876-964f-81396078c1f7_source-aspect-ratio_default_0-390x220.jpg 390w, https:\/\/cafeprensa.com.ar\/wp-content\/uploads\/2024\/05\/dbdc9ab3-c80d-4876-964f-81396078c1f7_source-aspect-ratio_default_0.jpg 1200w\" sizes=\"auto, (max-width: 300px) 100vw, 300px\" \/><\/p>\n<p>\u201cQueremos que ese partido sea una verdadera fiesta del f\u00fatbol. Celebrar a Maradona y a todos los campeones argentinos en un lugar y una fecha ic\u00f3nica. Que las personas puedan disfrutar de un momento especial durante el pr\u00f3ximo mundial y con un fin solidario. Por eso, pronto anunciaremos los jugadores y ex jugadores que estar\u00e1n presentes y <strong>esperamos que nuestro amado Lionel Messi pueda participar tambi\u00e9n<\/strong>. El tango se baila de a dos y los dos m\u00e1ximos referentes de la historia del f\u00fatbol son argentinos. Tenerlos presente en el Azteca, durante un mundial, ser\u00eda un hecho emocionante e inigualable\u201d, coment\u00f3 Gast\u00f3n Kolker, organizador general, coleccionista apasionado de Maradona y creador del Maradona Fan Fest.<\/p>\n<p><img loading=\"lazy\" decoding=\"async\" class=\"alignnone size-medium wp-image-3003\" src=\"https:\/\/cafeprensa.com.ar\/wp-content\/uploads\/2024\/05\/619688-ro02fo0223-300x169.jpg\" alt=\"\" width=\"300\" height=\"169\" srcset=\"https:\/\/cafeprensa.com.ar\/wp-content\/uploads\/2024\/05\/619688-ro02fo0223-300x169.jpg 300w, https:\/\/cafeprensa.com.ar\/wp-content\/uploads\/2024\/05\/619688-ro02fo0223-768x432.jpg 768w, https:\/\/cafeprensa.com.ar\/wp-content\/uploads\/2024\/05\/619688-ro02fo0223-390x220.jpg 390w, https:\/\/cafeprensa.com.ar\/wp-content\/uploads\/2024\/05\/619688-ro02fo0223.jpg 960w\" sizes=\"auto, (max-width: 300px) 100vw, 300px\" \/><\/p>\n<p>El Maradona Fan Fest es un espacio itinerante de actividades, juegos, museo de camisetas y entretenimiento con el objetivo de crear memoria permanente sobre Maradona y para acompa\u00f1ar a la selecci\u00f3n argentina de f\u00fatbol. <strong>Estuvo presente en el mundial de Qatar a trav\u00e9s del avi\u00f3n Tango D10S<\/strong> \u2013 pintado por el reconocido muralista Maxi Bagnasco -, felicit\u00f3 a la selecci\u00f3n por el primer aniversario de la \u00faltima copa del mundo con un emocionante mensaje del holograma de Maradona desde Times Square para el mundo y estar\u00e1 presente en la pr\u00f3xima Copa Am\u00e9rica en Miami con actividades y premios para toda la familia.<\/p>\n<p>M\u00e1s informaci\u00f3n en\u00a0<a href=\"http:\/\/www.maradonafanfest.com\/\">www.maradonafanfest.com<\/a><\/p>\n<\/div>\n<\/div>\n<\/article>\n<\/div>\n","protected":false},"excerpt":{"rendered":"<p>Ser\u00e1 en 2026 en el m\u00edtico Estadio Azteca para celebrar los 40 a\u00f1os de los goles de Diego a los ingleses. El partido homenaje a Maradona ser\u00e1 una fiesta de f\u00fatbol, m\u00fasica, solidaridad y emoci\u00f3n que se propone unir a los jugadores argentinos campeones del mundo de las 3 generaciones (1978, 1986 y 2022) para &hellip;<\/p>\n","protected":false},"author":2,"featured_media":3004,"comment_status":"open","ping_status":"open","sticky":false,"template":"","format":"standard","meta":{"footnotes":""},"categories":[294,33],"tags":[799,796,798,797,46],"class_list":["post-3002","post","type-post","status-publish","format-standard","has-post-thumbnail","hentry","category-futbol","category-nacionales","tag-afa","tag-campeones-del-mundo","tag-homenajes","tag-maradona","tag-messi"],"_links":{"self":[{"href":"https:\/\/cafeprensa.com.ar\/index.php\/wp-json\/wp\/v2\/posts\/3002","targetHints":{"allow":["GET"]}}],"collection":[{"href":"https:\/\/cafeprensa.com.ar\/index.php\/wp-json\/wp\/v2\/posts"}],"about":[{"href":"https:\/\/cafeprensa.com.ar\/index.php\/wp-json\/wp\/v2\/types\/post"}],"author":[{"embeddable":true,"href":"https:\/\/cafeprensa.com.ar\/index.php\/wp-json\/wp\/v2\/users\/2"}],"replies":[{"embeddable":true,"href":"https:\/\/cafeprensa.com.ar\/index.php\/wp-json\/wp\/v2\/comments?post=3002"}],"version-history":[{"count":1,"href":"https:\/\/cafeprensa.com.ar\/index.php\/wp-json\/wp\/v2\/posts\/3002\/revisions"}],"predecessor-version":[{"id":3006,"href":"https:\/\/cafeprensa.com.ar\/index.php\/wp-json\/wp\/v2\/posts\/3002\/revisions\/3006"}],"wp:featuredmedia":[{"embeddable":true,"href":"https:\/\/cafeprensa.com.ar\/index.php\/wp-json\/wp\/v2\/media\/3004"}],"wp:attachment":[{"href":"https:\/\/cafeprensa.com.ar\/index.php\/wp-json\/wp\/v2\/media?parent=3002"}],"wp:term":[{"taxonomy":"category","embeddable":true,"href":"https:\/\/cafeprensa.com.ar\/index.php\/wp-json\/wp\/v2\/categories?post=3002"},{"taxonomy":"post_tag","embeddable":true,"href":"https:\/\/cafeprensa.com.ar\/index.php\/wp-json\/wp\/v2\/tags?post=3002"}],"curies":[{"name":"wp","href":"https:\/\/api.w.org\/{rel}","templated":true}]}}