{"id":3127,"date":"2024-05-30T01:00:36","date_gmt":"2024-05-29T23:00:36","guid":{"rendered":"https:\/\/cafeprensa.com.ar\/?p=3127"},"modified":"2024-05-30T01:00:36","modified_gmt":"2024-05-29T23:00:36","slug":"la-respuesta-de-karina-milei-a-pablo-echarri","status":"publish","type":"post","link":"https:\/\/cafeprensa.com.ar\/index.php\/2024\/05\/30\/la-respuesta-de-karina-milei-a-pablo-echarri\/","title":{"rendered":"La respuesta de Karina Milei a Pablo Echarri"},"content":{"rendered":"<section class=\"nota-top-part has-sm-mobile-gutter\">\n<p class=\"nota-main-title font-700\">\u00a0\u00ab\u00bfEst\u00e1s gastando d\u00f3lares que has comprado en el gobierno KK?\u00bb. La secretaria general de la Presidencia y hermana del Presidente le respondi\u00f3 al actor desde las redes sociales por las cr\u00edticas contra el mandatario Javier Milei.<\/p>\n<p class=\"nota-main-title font-700\">La secretaria general de la Presidencia y hermana del mandatario, <a href=\"https:\/\/www.cronica.com.ar\/personas\/Karina-Milei-522\" target=\"_blank\" rel=\"noopener\"><strong>Karina Milei<\/strong><\/a>, apunt\u00f3 contra el actor\u00a0<a href=\"https:\/\/www.cronica.com.ar\/diarioshow\/farandula\/Pablo-Echarri-critico-duramente-la-Ley-Omnibus-del-presidente-Javier-Milei-y-defendio-a-la-cultura-Ataque-total-y-absoluto...-20240116-0004.html\" target=\"_blank\" rel=\"noopener\"><strong>Pablo Echarri<\/strong><\/a>, luego de que el tambi\u00e9n dirigente de SAGAI revelara que cambia\u00a0<em>\u00abd\u00f3lares para llegar a fin de mes\u00bb<\/em>. Tras las cr\u00edticas al presidente <strong><a href=\"https:\/\/www.cronica.com.ar\/politica\/Karina-Milei-abrio-su-cuenta-oficial-en-X-Hola-a-todos-yo-soy-el-jefe-20240520-0212.html\" target=\"_blank\" rel=\"noopener\">Javier Milei<\/a>\u00a0<\/strong>por su acto en el Luna Park en el que present\u00f3 su libro, el artista volvi\u00f3 a referirse a la situaci\u00f3n pol\u00edtica y econ\u00f3mica del pa\u00eds: <em><strong>\u00abNos llegaron casi cien mil pesos de agua\u00bb. Durante una entrevista televisiva desde el Congreso, Echarri lament\u00f3:\u00a0\u00abLa econom\u00eda en argentina se derrumba, las Pymes, los jubilados, los trabajadores profundizaron sus problemas\u00bb.<\/strong><\/em><\/p>\n<\/section>\n<div class=\"article-body has-sm-mobile-gutter\">\n<div class=\"notabody\">\n<p><strong><em>\u201cLa calle es una seda y no hay nadie que diga nada, ni quienes hayan votado por convicci\u00f3n, o por acompa\u00f1amiento, como el caso de Juntos por el Cambio. Est\u00e1n callados la boca porque lo que est\u00e1 sufriendo el pueblo es un ataque feroz\u201d<\/em>,<\/strong> se\u00f1al\u00f3 el tambi\u00e9n tesorero de SAGAI (Sociedad Argentina de Gesti\u00f3n de Actores Int\u00e9rpretes), quien acudi\u00f3 a la C\u00e1mara de Senadores en el marco del tratamiento de la Ley Bases.<\/p>\n<p>En esa l\u00ednea,\u00a0<a href=\"https:\/\/twitter.com\/echarripablo1\" target=\"_blank\" rel=\"noopener\"><strong>Pablo Echarri<\/strong><\/a>\u00a0plante\u00f3:\u00a0<em>\u00abLa calle es una seda y no hay nadie que diga nada, ni quienes hayan votado por convicci\u00f3n, o por acompa\u00f1amiento, como el caso de Juntos por el Cambio. Est\u00e1n callados la boca porque lo que est\u00e1 sufriendo el pueblo es un ataque feroz\u00bb.<\/em><\/p>\n<p><em>\u00abMe impacta y gigantemente. Los servicios han subido de manera sideral. Todo esto para la gente que cree que vengo a defender las pol\u00edticas culturales porque me sirvo del Instituto Nacional del Teatro y tengo un trabajo sostenido\u00bb,\u00a0<\/em>aclar\u00f3 Echarri\u00a0y revel\u00f3<em>: \u201cTocamos ahorros para llegar a fin de mes, claramente.\u00a0Hoy, hay meses que cambio d\u00f3lares, que es la \u00fanica forma que tenemos para ahorrar en la Argentina\u00bb.<\/em><\/p>\n<h2>El posteo de Karina Milei contra Pablo Echarri<\/h2>\n<p>En este marco, la importante funcionaria del Gobierno de La Libertad Avanza comparti\u00f3 la noticia del actor desde su perfil de la red social X, donde escribi\u00f3:\u00a0<em>\u00abVos me est\u00e1s diciendo que est\u00e1s gastando d\u00f3lares que has comprado en el gobierno KK, cuando hab\u00eda controles y quien lo hac\u00eda lo persegu\u00edan por fugar d\u00f3lares?\u00bb<\/em>.<\/p>\n<p><em>\u00abAdem\u00e1s seguro los comprabas al oficial as\u00ed te llevabas el subsidio\u2026 VLLC!\u00bb<\/em>, complet\u00f3\u00a0<a href=\"https:\/\/twitter.com\/KarinaMileiOk\/status\/1795641487717482807\" target=\"_blank\" rel=\"noopener\"><strong>Karina Milei\u00a0<\/strong><\/a>y, tras el mensaje, el presidente celebr\u00f3 los dichos de su hermana por el mismo canal.\u00a0<em>\u201cTSUNAMI DE CHANES&#8230; EL JEFE ha hablado&#8230; VAAAAAAAAMOOOOOO\u201d<\/em>, poste\u00f3\u00a0<strong>Javier Milei<\/strong><\/p>\n<div id=\"lx_646463\" class=\"__lxG__multi __lxG__multi_lx_646463\" data-cnt=\"3\"><\/div>\n<div>\n<figure class=\"image\"><img decoding=\"async\" title=\"La picante respuesta de Karina Milei a Pablo Echarri.\" src=\"https:\/\/www.cronica.com.ar\/export\/sites\/cronica\/img\/2024\/05\/29\/karina_milei_contra_echarri_en_x.png_1168827412.png\" alt=\"La picante respuesta de Karina Milei a Pablo Echarri.\" hspace=\"5\" vspace=\"5\" data-height=\"348\" data-size=\"w:584,h:273\" data-width=\"745\" \/><figcaption>La picante respuesta de Karina Milei a Pablo Echarri.<\/figcaption><\/figure>\n<\/div>\n<\/div>\n<\/div>\n","protected":false},"excerpt":{"rendered":"<p>\u00a0\u00ab\u00bfEst\u00e1s gastando d\u00f3lares que has comprado en el gobierno KK?\u00bb. La secretaria general de la Presidencia y hermana del Presidente le respondi\u00f3 al actor desde las redes sociales por las cr\u00edticas contra el mandatario Javier Milei. La secretaria general de la Presidencia y hermana del mandatario, Karina Milei, apunt\u00f3 contra el actor\u00a0Pablo Echarri, luego de &hellip;<\/p>\n","protected":false},"author":2,"featured_media":3128,"comment_status":"open","ping_status":"open","sticky":false,"template":"","format":"standard","meta":{"footnotes":""},"categories":[54,33],"tags":[354,831,830,145],"class_list":["post-3127","post","type-post","status-publish","format-standard","has-post-thumbnail","hentry","category-interes-ganeral","category-nacionales","tag-dolares","tag-echarri","tag-karina-milei","tag-kirchnerismo"],"_links":{"self":[{"href":"https:\/\/cafeprensa.com.ar\/index.php\/wp-json\/wp\/v2\/posts\/3127","targetHints":{"allow":["GET"]}}],"collection":[{"href":"https:\/\/cafeprensa.com.ar\/index.php\/wp-json\/wp\/v2\/posts"}],"about":[{"href":"https:\/\/cafeprensa.com.ar\/index.php\/wp-json\/wp\/v2\/types\/post"}],"author":[{"embeddable":true,"href":"https:\/\/cafeprensa.com.ar\/index.php\/wp-json\/wp\/v2\/users\/2"}],"replies":[{"embeddable":true,"href":"https:\/\/cafeprensa.com.ar\/index.php\/wp-json\/wp\/v2\/comments?post=3127"}],"version-history":[{"count":1,"href":"https:\/\/cafeprensa.com.ar\/index.php\/wp-json\/wp\/v2\/posts\/3127\/revisions"}],"predecessor-version":[{"id":3129,"href":"https:\/\/cafeprensa.com.ar\/index.php\/wp-json\/wp\/v2\/posts\/3127\/revisions\/3129"}],"wp:featuredmedia":[{"embeddable":true,"href":"https:\/\/cafeprensa.com.ar\/index.php\/wp-json\/wp\/v2\/media\/3128"}],"wp:attachment":[{"href":"https:\/\/cafeprensa.com.ar\/index.php\/wp-json\/wp\/v2\/media?parent=3127"}],"wp:term":[{"taxonomy":"category","embeddable":true,"href":"https:\/\/cafeprensa.com.ar\/index.php\/wp-json\/wp\/v2\/categories?post=3127"},{"taxonomy":"post_tag","embeddable":true,"href":"https:\/\/cafeprensa.com.ar\/index.php\/wp-json\/wp\/v2\/tags?post=3127"}],"curies":[{"name":"wp","href":"https:\/\/api.w.org\/{rel}","templated":true}]}}