{"id":3150,"date":"2024-05-31T14:05:45","date_gmt":"2024-05-31T12:05:45","guid":{"rendered":"https:\/\/cafeprensa.com.ar\/?p=3150"},"modified":"2024-05-31T14:05:45","modified_gmt":"2024-05-31T12:05:45","slug":"en-tucuman-hay-cerca-de-2000-toneladas-de-alimentos-sin-repartir","status":"publish","type":"post","link":"https:\/\/cafeprensa.com.ar\/index.php\/2024\/05\/31\/en-tucuman-hay-cerca-de-2000-toneladas-de-alimentos-sin-repartir\/","title":{"rendered":"En Tucum\u00e1n hay cerca de 2000 toneladas de alimentos sin repartir"},"content":{"rendered":"<div class=\"pull-left col-md-6 fotos-containers\">Federico Masso, l\u00edder de la cartera de Desarrollo Social de Tucum\u00e1n habl\u00f3 sobre la situaci\u00f3n<\/div>\n<p><strong>M\u00e1s de 340.000 alumnos tucumanos reciben alimentos a trav\u00e9s del Ministerio de Desarrollo Social de la Provincia. Federico Masso, l\u00edder de la cartera, expres\u00f3 su preocupaci\u00f3n acerca del estado de la mercader\u00eda reservada por el Gobierno nacional en los dep\u00f3sitos de Capital Humano, que desat\u00f3 pol\u00e9micas en todo el pa\u00eds. \u201cMi preocupaci\u00f3n es que cuando se abran esos dep\u00f3sitos, Dios no quiera, esos alimentos est\u00e9n en malas condiciones\u201d, se\u00f1al\u00f3.<\/strong><\/p>\n<p>\u201cNos sorprendi\u00f3 la noticia. Cuando sali\u00f3, me comuniqu\u00e9 con el secretario Pablo de la Torre (ahora ex secretario) y \u00e9l me confirm\u00f3 que estaban esos alimentos\u201d, cont\u00f3 Masso.<\/p>\n<p><img loading=\"lazy\" decoding=\"async\" class=\"alignnone size-medium wp-image-3152\" src=\"https:\/\/cafeprensa.com.ar\/wp-content\/uploads\/2024\/05\/46295_1-300x157.webp\" alt=\"\" width=\"300\" height=\"157\" srcset=\"https:\/\/cafeprensa.com.ar\/wp-content\/uploads\/2024\/05\/46295_1-300x157.webp 300w, https:\/\/cafeprensa.com.ar\/wp-content\/uploads\/2024\/05\/46295_1-768x401.webp 768w, https:\/\/cafeprensa.com.ar\/wp-content\/uploads\/2024\/05\/46295_1.webp 999w\" sizes=\"auto, (max-width: 300px) 100vw, 300px\" \/><\/p>\n<p>Adem\u00e1s, se refiri\u00f3 al dep\u00f3sito de mercader\u00eda de Taf\u00ed Viejo, tambi\u00e9n dependiente de la oficina nacional. \u201cAll\u00ed hay una cifra cercana a los 2 millones de kilos de alimentos. Con nuestro programa estamos distribuyendo en la Provincia 1,1 millones de kilos; o sea, en el dep\u00f3sito tendr\u00edamos lo que equivale a dos meses en Tucum\u00e1n\u201d, indic\u00f3 el ministro.<\/p>\n<p>Masso dijo que Desarrollo Social <em><strong>\u201cno tiene acceso a ning\u00fan tipo de informaci\u00f3n\u201d acerca del estado de los comestibles acopiados \u201c<\/strong><\/em>para emergencias\u201d de parte del Poder Ejecutivo Nacional (PEN). El Gobierno apelar\u00e1 la intimaci\u00f3n de la Justicia sobre el reparto de cerca de 5.000 toneladas de alimentos. \u201cMe extra\u00f1\u00f3 (esa decisi\u00f3n). Ellos plantean que lo tienen resguardado para emergencias clim\u00e1ticas o cualquier tipo de cat\u00e1strofe, pero esperemos que con la experiencia que tenemos nosotros, ese alimento se conserve en buen estado a la hora de distribuirlo\u201d, remarc\u00f3 el funcionario provincial.<\/p>\n<p>Asimismo, Masso habl\u00f3 del plan de pol\u00edtica alimentaria que comanda la Provincia. <em><strong>\u201cEst\u00e1 basado en los comedores escolares. Son m\u00e1s de 344.700 alumnos los que reciben a diario un desayuno, una colaci\u00f3n, un almuerzo o una merienda y trabajamos fuertemente para que mejore no s\u00f3lo la cantidad y la calidad, sino que a la vez podamos darle pelea a la malnutrici\u00f3n. Hay muchos ni\u00f1os y ni\u00f1as que sufren la obesidad y el sobrepeso\u201d, defendi\u00f3. Y adelant\u00f3 que se siguen haciendo reuniones para terminar de elaborar el plan para la \u201ctortilla proteica\u201d.<\/strong><\/em> \u201cLa idea es que a la planta de elaboraci\u00f3n de la harina de soja, que est\u00e1 en la estaci\u00f3n experimental, la podamos culminar con dinero de la Provincia, que necesita una inversi\u00f3n cercana a los $140 millones. Ya lo charl\u00e9 con el gobernador (Osvaldo Jaldo) y lo vamos a ver la semana que viene en una visita que vamos a hacer de manera conjunta\u201d, dijo.<\/p>\n","protected":false},"excerpt":{"rendered":"<p>Federico Masso, l\u00edder de la cartera de Desarrollo Social de Tucum\u00e1n habl\u00f3 sobre la situaci\u00f3n M\u00e1s de 340.000 alumnos tucumanos reciben alimentos a trav\u00e9s del Ministerio de Desarrollo Social de la Provincia. Federico Masso, l\u00edder de la cartera, expres\u00f3 su preocupaci\u00f3n acerca del estado de la mercader\u00eda reservada por el Gobierno nacional en los dep\u00f3sitos &hellip;<\/p>\n","protected":false},"author":2,"featured_media":3151,"comment_status":"open","ping_status":"open","sticky":false,"template":"","format":"standard","meta":{"footnotes":""},"categories":[54,34],"tags":[230],"class_list":["post-3150","post","type-post","status-publish","format-standard","has-post-thumbnail","hentry","category-interes-ganeral","category-locales","tag-federico-masso"],"_links":{"self":[{"href":"https:\/\/cafeprensa.com.ar\/index.php\/wp-json\/wp\/v2\/posts\/3150","targetHints":{"allow":["GET"]}}],"collection":[{"href":"https:\/\/cafeprensa.com.ar\/index.php\/wp-json\/wp\/v2\/posts"}],"about":[{"href":"https:\/\/cafeprensa.com.ar\/index.php\/wp-json\/wp\/v2\/types\/post"}],"author":[{"embeddable":true,"href":"https:\/\/cafeprensa.com.ar\/index.php\/wp-json\/wp\/v2\/users\/2"}],"replies":[{"embeddable":true,"href":"https:\/\/cafeprensa.com.ar\/index.php\/wp-json\/wp\/v2\/comments?post=3150"}],"version-history":[{"count":1,"href":"https:\/\/cafeprensa.com.ar\/index.php\/wp-json\/wp\/v2\/posts\/3150\/revisions"}],"predecessor-version":[{"id":3153,"href":"https:\/\/cafeprensa.com.ar\/index.php\/wp-json\/wp\/v2\/posts\/3150\/revisions\/3153"}],"wp:featuredmedia":[{"embeddable":true,"href":"https:\/\/cafeprensa.com.ar\/index.php\/wp-json\/wp\/v2\/media\/3151"}],"wp:attachment":[{"href":"https:\/\/cafeprensa.com.ar\/index.php\/wp-json\/wp\/v2\/media?parent=3150"}],"wp:term":[{"taxonomy":"category","embeddable":true,"href":"https:\/\/cafeprensa.com.ar\/index.php\/wp-json\/wp\/v2\/categories?post=3150"},{"taxonomy":"post_tag","embeddable":true,"href":"https:\/\/cafeprensa.com.ar\/index.php\/wp-json\/wp\/v2\/tags?post=3150"}],"curies":[{"name":"wp","href":"https:\/\/api.w.org\/{rel}","templated":true}]}}