{"id":3154,"date":"2024-05-31T14:11:18","date_gmt":"2024-05-31T12:11:18","guid":{"rendered":"https:\/\/cafeprensa.com.ar\/?p=3154"},"modified":"2024-05-31T14:11:18","modified_gmt":"2024-05-31T12:11:18","slug":"parrili-afirmo-que-los-33-senadores-de-up-votaran-en-contra-de-la-ley-bases","status":"publish","type":"post","link":"https:\/\/cafeprensa.com.ar\/index.php\/2024\/05\/31\/parrili-afirmo-que-los-33-senadores-de-up-votaran-en-contra-de-la-ley-bases\/","title":{"rendered":"Parrili afirm\u00f3 que los 33 senadores de UP votar\u00e1n en contra de la ley Bases"},"content":{"rendered":"<div class=\"post-content\">\n<p>El senador kirchnerista sostuvo que se opondr\u00e1 \u201cno por un capricho\u201d sino porque las propuestas que contiene el proyecto oficialista \u201cya fracasaron\u201d.<\/p>\n<\/div>\n<div class=\"box-img\"><img loading=\"lazy\" decoding=\"async\" class=\"attachment-post-thumbnail size-post-thumbnail wp-post-image\" src=\"https:\/\/www.parlamentario.com\/wp-content\/uploads\/2022\/08\/Parrilli-e1674237911574.jpg\" sizes=\"auto, (max-width: 750px) 100vw, 750px\" srcset=\"https:\/\/www.parlamentario.com\/wp-content\/uploads\/2022\/08\/Parrilli-e1674237911574.jpg 750w, https:\/\/www.parlamentario.com\/wp-content\/uploads\/2022\/08\/Parrilli-e1674237911574-300x200.jpg 300w\" alt=\"\" width=\"750\" height=\"500\" \/><\/div>\n<div class=\"opinion\">Luego del avance de los dict\u00e1menes de la ley de Bases y el paquete fiscal en el Senado, el kirchnerista <strong>Oscar Parrilli<\/strong>\u00a0afirm\u00f3 que los 33 integrantes de Uni\u00f3n por la Patria votar\u00e1n en contra de las leyes impulsadas por el Gobierno y que en esto \u201cno hay quiebre\u201d en el bloque.<\/div>\n<div class=\"contenido-post\">\n<p>\u201cNo es por un capricho o porque queremos que le vaya mal a (<strong>Javier<\/strong>)\u00a0<strong>Milei, s<\/strong>ino porque estas medidas que se est\u00e1n implementando y se proponen (en la ley Bases) ya se ejecutaron en Argentina. Todo esto ya se implement\u00f3 y ya fracas\u00f3\u201d, expres\u00f3.<\/p>\n<p>Adem\u00e1s, el legislador cuestion\u00f3 que ahora \u201cest\u00e1n los mismos actores: (<strong>Federico<\/strong>)\u00a0<strong>Sturzenegger<\/strong>, la gente de (<strong>Domingo<\/strong>)\u00a0<strong>Cavallo<\/strong>\u00a0y (<strong>Luis<\/strong>)\u00a0<strong>Caputo<\/strong>\u201c, y sum\u00f3 la cuesti\u00f3n de \u201cla econom\u00eda bimonetaria, la deuda y los acuerdos con el FMI\u201d.<\/p>\n<p>El neuquino asegur\u00f3 que ellos estar\u00edan dispuestos a debatir <em><strong>\u201cuna ley de incentivo para las inversiones, pero que proteja los intereses del Estado; estamos dispuestos a discutir el rol de las empresas p\u00fablicas y cu\u00e1les pueden incorporar capitales privados, una modernizaci\u00f3n de las relaciones laborales, una ley de blanqueo y una ley de reforma impositiva\u201d,<\/strong><\/em> pero no como plantea la ley Bases, donde \u201ccambian hasta lo que anda bien\u201d como la Ley de Hidrocarburos, apunt\u00f3.<\/p>\n<p>El senador cristinista alert\u00f3 que con el R\u00e9gimen de Incentivos a las Grandes Inversiones, las empresas multinacionales \u201cse van a llevar los recursos naturales de una manera ostentosa y obscena y no traer los d\u00f3lares\u201d. \u201cEl capital viene no porque le bajes las leyes laborales o los impuestos, viene si hay negocio, si hay plata. La mayor inversi\u00f3n minera fue en la \u00e9poca de\u00a0<strong>N\u00e9stor\u00a0<\/strong>y<strong>\u00a0Cristina (Kirchner)<\/strong>\u201c, agreg\u00f3.<\/p>\n<p>En declaraciones a\u00a0<strong>Radio Con Vos<\/strong>, el opositor coincidi\u00f3 con el radical<strong>\u00a0Mart\u00edn Lousteau<\/strong>: \u201cLa lectura de \u00e9l fue muy parecida a la nuestra. Es verdad que todas las modificaciones que le hab\u00edan introducido son cosm\u00e9ticas, son pavadas. Nosotros queremos ver el dictamen de Lousteau, si hay cosas razonables estamos dispuestos a apoyarlas\u201d.<\/p>\n<p>Sobre el presidente Javier Milei, Parrilli opin\u00f3 que \u201ces un ide\u00f3logo, no sabe de econom\u00eda, en realidad lo que hace es relatar ciertas teor\u00edas\u201d. \u201cNos entretiene, con esos temas del viaje, parece que fuera Alicia en el pa\u00eds de las maravillas, viajando por el mundo, que salta, baila, se enoja con un presidente, nos distrae, pero lo m\u00e1s grave es foto del Llao Llao, son los grupos empresarios que nos est\u00e1n esquilmando y como buitres rob\u00e1ndose todo lo que pueden del Estado\u201d.<em><strong> \u201cSi llega el momento y fracasa, (Milei) le va a echar la culpa a la gente\u201d,<\/strong><\/em> advirti\u00f3.<\/p>\n<p>Por otra parte, respecto de la candidatura de\u00a0<strong>Ariel Lijo<\/strong>\u00a0a la Corte Suprema, ante la posibilidad de que Uni\u00f3n por la Patria acompa\u00f1e ese pliego, el legislador contest\u00f3: \u201cNo lo hemos analizado. No es solo Lijo, son dos, todav\u00eda no ha ingresado, cuando ingrese lo veremos\u201d.<\/p>\n<\/div>\n","protected":false},"excerpt":{"rendered":"<p>El senador kirchnerista sostuvo que se opondr\u00e1 \u201cno por un capricho\u201d sino porque las propuestas que contiene el proyecto oficialista \u201cya fracasaron\u201d. Luego del avance de los dict\u00e1menes de la ley de Bases y el paquete fiscal en el Senado, el kirchnerista Oscar Parrilli\u00a0afirm\u00f3 que los 33 integrantes de Uni\u00f3n por la Patria votar\u00e1n en &hellip;<\/p>\n","protected":false},"author":2,"featured_media":3155,"comment_status":"open","ping_status":"open","sticky":false,"template":"","format":"standard","meta":{"footnotes":""},"categories":[54,33],"tags":[122,842,248],"class_list":["post-3154","post","type-post","status-publish","format-standard","has-post-thumbnail","hentry","category-interes-ganeral","category-nacionales","tag-cristina","tag-parrili","tag-senado"],"_links":{"self":[{"href":"https:\/\/cafeprensa.com.ar\/index.php\/wp-json\/wp\/v2\/posts\/3154","targetHints":{"allow":["GET"]}}],"collection":[{"href":"https:\/\/cafeprensa.com.ar\/index.php\/wp-json\/wp\/v2\/posts"}],"about":[{"href":"https:\/\/cafeprensa.com.ar\/index.php\/wp-json\/wp\/v2\/types\/post"}],"author":[{"embeddable":true,"href":"https:\/\/cafeprensa.com.ar\/index.php\/wp-json\/wp\/v2\/users\/2"}],"replies":[{"embeddable":true,"href":"https:\/\/cafeprensa.com.ar\/index.php\/wp-json\/wp\/v2\/comments?post=3154"}],"version-history":[{"count":2,"href":"https:\/\/cafeprensa.com.ar\/index.php\/wp-json\/wp\/v2\/posts\/3154\/revisions"}],"predecessor-version":[{"id":3157,"href":"https:\/\/cafeprensa.com.ar\/index.php\/wp-json\/wp\/v2\/posts\/3154\/revisions\/3157"}],"wp:featuredmedia":[{"embeddable":true,"href":"https:\/\/cafeprensa.com.ar\/index.php\/wp-json\/wp\/v2\/media\/3155"}],"wp:attachment":[{"href":"https:\/\/cafeprensa.com.ar\/index.php\/wp-json\/wp\/v2\/media?parent=3154"}],"wp:term":[{"taxonomy":"category","embeddable":true,"href":"https:\/\/cafeprensa.com.ar\/index.php\/wp-json\/wp\/v2\/categories?post=3154"},{"taxonomy":"post_tag","embeddable":true,"href":"https:\/\/cafeprensa.com.ar\/index.php\/wp-json\/wp\/v2\/tags?post=3154"}],"curies":[{"name":"wp","href":"https:\/\/api.w.org\/{rel}","templated":true}]}}