{"id":3218,"date":"2024-06-06T13:07:00","date_gmt":"2024-06-06T11:07:00","guid":{"rendered":"https:\/\/cafeprensa.com.ar\/?p=3218"},"modified":"2024-06-06T13:07:25","modified_gmt":"2024-06-06T11:07:25","slug":"es-fea-y-yo-no-soy-esa","status":"publish","type":"post","link":"https:\/\/cafeprensa.com.ar\/index.php\/2024\/06\/06\/es-fea-y-yo-no-soy-esa\/","title":{"rendered":"\u00ab\u00a1Es fea y yo no soy esa!\u00bb"},"content":{"rendered":"<p class=\"title\"><strong>Mirtha sobre su estatua:\u00a0 La diva de la televisi\u00f3n se refiri\u00f3 al disgust\u00f3 que le genera esta obra en su honor.<\/strong><\/p>\n<div class=\"at-vc\">\n<div id=\"vsmcontent\" class=\"content vsmcontent\">\n<p>La controversia sigue en Villa Ca\u00f1as tras la reciente\u00a0<span class=\"highlight\">reinstalaci\u00f3n de la estatua dedicada a Mirtha Legrand<\/span>, que ha provocado el malestar en la diva. Aunque la figura ha sido objeto de numerosas cr\u00edticas desde su primera aparici\u00f3n, la insistencia en su reubicaci\u00f3n ha avivado el descontento de la reconocida conductora.<\/p>\n<p>El monumento, que originalmente gener\u00f3 pol\u00e9mica por su supuesto parecido con la legendaria animadora, ha vuelto a los reflectores luego de ser retirado y posteriormente reinstalado con algunos retoques. Sin embargo, los esfuerzos por mejorar su apariencia no han sido suficientes para satisfacer a Mirtha Legrand, quien expres\u00f3 p\u00fablicamente su malestar en su programa de televisi\u00f3n.<\/p>\n<figure class=\"vsmimage\" contenteditable=\"false\"><img loading=\"lazy\" decoding=\"async\" id=\"imgv71900v23\" src=\"https:\/\/www.enteratenoticias.com.ar\/files\/image\/11\/11003\/665c8c168cd77_700_469!.webp?s=b1077c4c22c11e5b6429e7c28c5d30ce&amp;d=1717341208&amp;oe=jpg\" alt=\"Mirtha sobre su estatua: &quot;\u00a1Es fea y yo no soy esa!&quot;\" width=\"700\" height=\"469\" data-vsmid=\"11003\" data-owidth=\"760\" data-oheight=\"511\" \/><\/figure>\n<p><span class=\"highlight\">\u00abEs feo. No quiero que est\u00e9 en mi pueblo. No quiero, no quiero\u00bb, declar\u00f3 la diva, refiri\u00e9ndose al busto que supuestamente la representa.<\/span>\u00a0Criticando detalles como la falta de dientes en la estatua, Legrand dej\u00f3 en claro su rechazo hacia la obra, describi\u00e9ndola como una representaci\u00f3n inexacta de su persona.<\/p>\n<p>Adem\u00e1s, la diva revel\u00f3 su desconcierto ante el origen del autor de la estatua, se\u00f1alando que nunca tuvo contacto con \u00e9l y destacando su sorpresa al enterarse de la creaci\u00f3n de la escultura en su honor.<\/p>\n<p><span class=\"highlight\">\u00abNo me gust\u00f3, yo no quiero hablar nada en contra de mi ciudad Villa Ca\u00f1\u00e1s y de los ca\u00f1ase\u00f1os porque s\u00e9 que es un esfuerzo el que hicieron, pero evidentemente no es el \u00f3valo de mi cara, no soy yo, me veo rar\u00edsima\u00bb,<\/span>\u00a0confirm\u00f3 la diva anteriormente.<\/p>\n<\/div>\n<\/div>\n","protected":false},"excerpt":{"rendered":"<p>Mirtha sobre su estatua:\u00a0 La diva de la televisi\u00f3n se refiri\u00f3 al disgust\u00f3 que le genera esta obra en su honor. La controversia sigue en Villa Ca\u00f1as tras la reciente\u00a0reinstalaci\u00f3n de la estatua dedicada a Mirtha Legrand, que ha provocado el malestar en la diva. Aunque la figura ha sido objeto de numerosas cr\u00edticas desde &hellip;<\/p>\n","protected":false},"author":2,"featured_media":3219,"comment_status":"open","ping_status":"open","sticky":false,"template":"","format":"standard","meta":{"footnotes":""},"categories":[66,33],"tags":[863],"class_list":["post-3218","post","type-post","status-publish","format-standard","has-post-thumbnail","hentry","category-esperctaculos","category-nacionales","tag-mirtha-legrand"],"_links":{"self":[{"href":"https:\/\/cafeprensa.com.ar\/index.php\/wp-json\/wp\/v2\/posts\/3218","targetHints":{"allow":["GET"]}}],"collection":[{"href":"https:\/\/cafeprensa.com.ar\/index.php\/wp-json\/wp\/v2\/posts"}],"about":[{"href":"https:\/\/cafeprensa.com.ar\/index.php\/wp-json\/wp\/v2\/types\/post"}],"author":[{"embeddable":true,"href":"https:\/\/cafeprensa.com.ar\/index.php\/wp-json\/wp\/v2\/users\/2"}],"replies":[{"embeddable":true,"href":"https:\/\/cafeprensa.com.ar\/index.php\/wp-json\/wp\/v2\/comments?post=3218"}],"version-history":[{"count":2,"href":"https:\/\/cafeprensa.com.ar\/index.php\/wp-json\/wp\/v2\/posts\/3218\/revisions"}],"predecessor-version":[{"id":3221,"href":"https:\/\/cafeprensa.com.ar\/index.php\/wp-json\/wp\/v2\/posts\/3218\/revisions\/3221"}],"wp:featuredmedia":[{"embeddable":true,"href":"https:\/\/cafeprensa.com.ar\/index.php\/wp-json\/wp\/v2\/media\/3219"}],"wp:attachment":[{"href":"https:\/\/cafeprensa.com.ar\/index.php\/wp-json\/wp\/v2\/media?parent=3218"}],"wp:term":[{"taxonomy":"category","embeddable":true,"href":"https:\/\/cafeprensa.com.ar\/index.php\/wp-json\/wp\/v2\/categories?post=3218"},{"taxonomy":"post_tag","embeddable":true,"href":"https:\/\/cafeprensa.com.ar\/index.php\/wp-json\/wp\/v2\/tags?post=3218"}],"curies":[{"name":"wp","href":"https:\/\/api.w.org\/{rel}","templated":true}]}}