{"id":3240,"date":"2024-06-07T15:04:18","date_gmt":"2024-06-07T13:04:18","guid":{"rendered":"https:\/\/cafeprensa.com.ar\/?p=3240"},"modified":"2024-06-07T15:04:18","modified_gmt":"2024-06-07T13:04:18","slug":"el-senado-convoco-a-tratar-el-proyecto-el-proximo-miercoles","status":"publish","type":"post","link":"https:\/\/cafeprensa.com.ar\/index.php\/2024\/06\/07\/el-senado-convoco-a-tratar-el-proyecto-el-proximo-miercoles\/","title":{"rendered":"El Senado convoc\u00f3 a tratar el proyecto el pr\u00f3ximo mi\u00e9rcoles"},"content":{"rendered":"<p class=\"title\">Ley Bases:\u00a0La C\u00e1mara Alta fij\u00f3 para el 12 de junio a las 10 horas el encuentro para tratar las importantes iniciativas. El oficialismo enciende las alarmas ante posibles derrotas en Diputados.<\/p>\n<div class=\"at-vc\">\n<div id=\"vsmcontent\" class=\"content vsmcontent\">\n<p>En un paso crucial para el futuro legislativo del pa\u00eds, el Senado de la Naci\u00f3n oficializ\u00f3 la convocatoria a sesi\u00f3n para el pr\u00f3ximo mi\u00e9rcoles 12 de junio a las 10 horas.<\/p>\n<p>El anuncio, realizado a trav\u00e9s de un documento emitido por la propia C\u00e1mara Alta, llega en un momento de intensas negociaciones y escenarios cambiantes en el recinto. El oficialismo, en particular, encendi\u00f3 las alarmas ante un panorama delicado en la C\u00e1mara Alta. La posibilidad de derrotas casi aseguradas en algunos art\u00edculos genera preocupaci\u00f3n, especialmente\u00a0<span class=\"highlight\">ante la dificultad de revertirlas en la c\u00e1mara baja en caso de un regreso<\/span>\u00a0en segunda revisi\u00f3n de las iniciativas.<\/p>\n<p>En las \u00faltimas 48 horas, funcionarios del Gobierno estuvieron trabajando arduamente en el Senado para afinar los detalles de lo que ser\u00e1n las votaciones de los art\u00edculos. Entre los presentes se encontraban figuras clave como el vicejefe de Gabinete,\u00a0<b>Jos\u00e9 Rolandi<\/b>, y la secretaria de Planeamiento Estrat\u00e9gico,\u00a0<b>Mar\u00eda Ibarz\u00e1bal Murphy.<\/b><\/p>\n<p>Uno de los puntos cr\u00edticos en la discusi\u00f3n es el art\u00edculo referente a las privatizaciones, con especial atenci\u00f3n en casos emblem\u00e1ticos como Aerol\u00edneas Argentinas y el Correo Argentino. A pesar de las p\u00e9rdidas temporales en algunos art\u00edculos,\u00a0<span class=\"highlight\">el oficialismo parece confiar en que no se llegar\u00eda a una mayor\u00eda de dos tercios<\/span>, lo que pondr\u00eda en riesgo el avance de las propuestas en Diputados.<\/p>\n<p>Sin embargo, la incertidumbre persiste en el panorama pol\u00edtico, con algunos senadores sugiriendo m\u00e1s cambios al oficialismo, una opci\u00f3n que por ahora fue descartada desde el Ejecutivo.\u00a0<span class=\"highlight\">La estrategia gubernamental parece centrarse en ir a votar con los dict\u00e1menes obtenidos previamente<\/span>\u00a0y confiar en poder revertir las derrotas en Diputados.<\/p>\n<p>Por su parte, tanto el radical\u00a0<b>Mart\u00edn Lousteau<\/b>\u00a0como el Frente de Todos est\u00e1n evaluando sus pr\u00f3ximos movimientos en este complejo escenario pol\u00edtico. Mientras tanto, el interbloque liderado por\u00a0<b>Jos\u00e9 Mayans<\/b>\u00a0est\u00e1 considerando una estrategia de pinzas para el recinto,\u00a0<span class=\"highlight\">buscando obtener los dos tercios necesarios para bloquear la posibilidad de insistir con las versiones originales<\/span>\u00a0en caso de un retorno de las iniciativas a Diputados.<\/p>\n<\/div>\n<\/div>\n","protected":false},"excerpt":{"rendered":"<p>Ley Bases:\u00a0La C\u00e1mara Alta fij\u00f3 para el 12 de junio a las 10 horas el encuentro para tratar las importantes iniciativas. El oficialismo enciende las alarmas ante posibles derrotas en Diputados. En un paso crucial para el futuro legislativo del pa\u00eds, el Senado de la Naci\u00f3n oficializ\u00f3 la convocatoria a sesi\u00f3n para el pr\u00f3ximo mi\u00e9rcoles &hellip;<\/p>\n","protected":false},"author":2,"featured_media":3241,"comment_status":"open","ping_status":"open","sticky":false,"template":"","format":"standard","meta":{"footnotes":""},"categories":[54,33],"tags":[718],"class_list":["post-3240","post","type-post","status-publish","format-standard","has-post-thumbnail","hentry","category-interes-ganeral","category-nacionales","tag-senado-de-la-nacion"],"_links":{"self":[{"href":"https:\/\/cafeprensa.com.ar\/index.php\/wp-json\/wp\/v2\/posts\/3240","targetHints":{"allow":["GET"]}}],"collection":[{"href":"https:\/\/cafeprensa.com.ar\/index.php\/wp-json\/wp\/v2\/posts"}],"about":[{"href":"https:\/\/cafeprensa.com.ar\/index.php\/wp-json\/wp\/v2\/types\/post"}],"author":[{"embeddable":true,"href":"https:\/\/cafeprensa.com.ar\/index.php\/wp-json\/wp\/v2\/users\/2"}],"replies":[{"embeddable":true,"href":"https:\/\/cafeprensa.com.ar\/index.php\/wp-json\/wp\/v2\/comments?post=3240"}],"version-history":[{"count":1,"href":"https:\/\/cafeprensa.com.ar\/index.php\/wp-json\/wp\/v2\/posts\/3240\/revisions"}],"predecessor-version":[{"id":3242,"href":"https:\/\/cafeprensa.com.ar\/index.php\/wp-json\/wp\/v2\/posts\/3240\/revisions\/3242"}],"wp:featuredmedia":[{"embeddable":true,"href":"https:\/\/cafeprensa.com.ar\/index.php\/wp-json\/wp\/v2\/media\/3241"}],"wp:attachment":[{"href":"https:\/\/cafeprensa.com.ar\/index.php\/wp-json\/wp\/v2\/media?parent=3240"}],"wp:term":[{"taxonomy":"category","embeddable":true,"href":"https:\/\/cafeprensa.com.ar\/index.php\/wp-json\/wp\/v2\/categories?post=3240"},{"taxonomy":"post_tag","embeddable":true,"href":"https:\/\/cafeprensa.com.ar\/index.php\/wp-json\/wp\/v2\/tags?post=3240"}],"curies":[{"name":"wp","href":"https:\/\/api.w.org\/{rel}","templated":true}]}}