{"id":3254,"date":"2024-06-08T17:11:01","date_gmt":"2024-06-08T15:11:01","guid":{"rendered":"https:\/\/cafeprensa.com.ar\/?p=3254"},"modified":"2024-06-08T17:11:01","modified_gmt":"2024-06-08T15:11:01","slug":"pablo-walter-me-sorprendio-gratamente-la-postura-de-jaldo-por-tener-una-lectura-realista-de-la-sociedad","status":"publish","type":"post","link":"https:\/\/cafeprensa.com.ar\/index.php\/2024\/06\/08\/pablo-walter-me-sorprendio-gratamente-la-postura-de-jaldo-por-tener-una-lectura-realista-de-la-sociedad\/","title":{"rendered":"Pablo Walter: \u00abMe sorprendi\u00f3 gratamente la postura de Jaldo, por tener una lectura realista de la sociedad\u00bb"},"content":{"rendered":"<p>El subdirector ejecutivo de la ANMaC, Pablo Walter, en di\u00e1logo con Caf\u00e9 Prensa se refiri\u00f3 a su gesti\u00f3n respecto a los programas ejecutivos de recuperaci\u00f3n y desarme en provincias como Santa Fe.<\/p>\n<p>Adem\u00e1s, se refiri\u00f3 a la situaci\u00f3n del PRO-TUCUM\u00c1N y analiz\u00f3 la gesti\u00f3n de Javier Milei como la de Patricia Bullrich.<\/p>\n<p>Escucha la nota completa:<\/p>\n<audio class=\"wp-audio-shortcode\" id=\"audio-3254-1\" preload=\"none\" style=\"width: 100%;\" controls=\"controls\"><source type=\"audio\/mpeg\" src=\"https:\/\/cafeprensa.com.ar\/wp-content\/uploads\/2024\/06\/08-06-pablo-walter-Cafe-Prensa.mp3?_=1\" \/><a href=\"https:\/\/cafeprensa.com.ar\/wp-content\/uploads\/2024\/06\/08-06-pablo-walter-Cafe-Prensa.mp3\">https:\/\/cafeprensa.com.ar\/wp-content\/uploads\/2024\/06\/08-06-pablo-walter-Cafe-Prensa.mp3<\/a><\/audio>\n","protected":false},"excerpt":{"rendered":"<p>El subdirector ejecutivo de la ANMaC, Pablo Walter, en di\u00e1logo con Caf\u00e9 Prensa se refiri\u00f3 a su gesti\u00f3n respecto a los programas ejecutivos de recuperaci\u00f3n y desarme en provincias como Santa Fe. Adem\u00e1s, se refiri\u00f3 a la situaci\u00f3n del PRO-TUCUM\u00c1N y analiz\u00f3 la gesti\u00f3n de Javier Milei como la de Patricia Bullrich. Escucha la nota &hellip;<\/p>\n","protected":false},"author":2,"featured_media":3257,"comment_status":"open","ping_status":"open","sticky":false,"template":"","format":"standard","meta":{"footnotes":""},"categories":[34],"tags":[44,200,236,711,871,438,243],"class_list":["post-3254","post","type-post","status-publish","format-standard","has-post-thumbnail","hentry","category-locales","tag-gobierno-nacional","tag-javier-milei","tag-legislatura","tag-ley-de-bases","tag-pablo-walter","tag-patricia-bullrich","tag-pro"],"_links":{"self":[{"href":"https:\/\/cafeprensa.com.ar\/index.php\/wp-json\/wp\/v2\/posts\/3254","targetHints":{"allow":["GET"]}}],"collection":[{"href":"https:\/\/cafeprensa.com.ar\/index.php\/wp-json\/wp\/v2\/posts"}],"about":[{"href":"https:\/\/cafeprensa.com.ar\/index.php\/wp-json\/wp\/v2\/types\/post"}],"author":[{"embeddable":true,"href":"https:\/\/cafeprensa.com.ar\/index.php\/wp-json\/wp\/v2\/users\/2"}],"replies":[{"embeddable":true,"href":"https:\/\/cafeprensa.com.ar\/index.php\/wp-json\/wp\/v2\/comments?post=3254"}],"version-history":[{"count":1,"href":"https:\/\/cafeprensa.com.ar\/index.php\/wp-json\/wp\/v2\/posts\/3254\/revisions"}],"predecessor-version":[{"id":3256,"href":"https:\/\/cafeprensa.com.ar\/index.php\/wp-json\/wp\/v2\/posts\/3254\/revisions\/3256"}],"wp:featuredmedia":[{"embeddable":true,"href":"https:\/\/cafeprensa.com.ar\/index.php\/wp-json\/wp\/v2\/media\/3257"}],"wp:attachment":[{"href":"https:\/\/cafeprensa.com.ar\/index.php\/wp-json\/wp\/v2\/media?parent=3254"}],"wp:term":[{"taxonomy":"category","embeddable":true,"href":"https:\/\/cafeprensa.com.ar\/index.php\/wp-json\/wp\/v2\/categories?post=3254"},{"taxonomy":"post_tag","embeddable":true,"href":"https:\/\/cafeprensa.com.ar\/index.php\/wp-json\/wp\/v2\/tags?post=3254"}],"curies":[{"name":"wp","href":"https:\/\/api.w.org\/{rel}","templated":true}]}}