{"id":3285,"date":"2024-06-13T12:31:36","date_gmt":"2024-06-13T10:31:36","guid":{"rendered":"https:\/\/cafeprensa.com.ar\/?p=3285"},"modified":"2024-06-13T12:31:36","modified_gmt":"2024-06-13T10:31:36","slug":"hoy-comienzan-las-fiestas-patronales-de-tafi-viejo","status":"publish","type":"post","link":"https:\/\/cafeprensa.com.ar\/index.php\/2024\/06\/13\/hoy-comienzan-las-fiestas-patronales-de-tafi-viejo\/","title":{"rendered":"Hoy comienzan las Fiestas Patronales de Taf\u00ed Viejo"},"content":{"rendered":"<div class=\"post-header-area\">\n<p class=\"sumario\">Conoc\u00e9 la cartelera de San Antonio 2024.<\/p>\n<\/div>\n<div class=\"post-content-area\">\n<div>\n<p>Las esperadas\u00a0<em><strong>Fiestas Patronales de \u2018San Antonio de Padua<\/strong><\/em>\u2019\u00a0inician hoy con una variedad de \u00a0actividades deportivas, lit\u00fargicas y recreativas. Los festejos se extender\u00e1n hasta el fin de semana con m\u00faltiples espect\u00e1culos musicales para el disfrute de las familias tafice\u00f1as y turistas.<\/p>\n<p>Las actividades religiosas comenzar\u00e1n a las 10 con la tradicional procesi\u00f3n por la ciudad de la imagen del Santo Patrono desde la Parroquia Inmaculada Concepci\u00f3n hasta la Sociedad Antoniana donde se celebrar\u00e1 la Santa Misa.<\/p>\n<p>Desde las 15 el escenario de<em><strong> plaza Bartolom\u00e9 Mitre<\/strong><\/em> recibir\u00e1 la participaci\u00f3n de la <em><strong>Escuela de Danza Cl\u00e1sica Claudia Ayusa, las academias Issis, Estilo Gitano, Shania, Mia\u2019s y el Instituto Superior de la Danza de Saral\u00eda Estrada. \u00a0Los espect\u00e1culos musicales estar\u00e1n a cargo de Mabel \u2018La Diosa de la Cumbia\u2019, Christian y su Banda, la Banda Municipal de M\u00fasica, DJ Gaby Urue\u00f1a y la Diverband<\/strong><\/em>. Para corononar la noche se realizar\u00e1n los t\u00edpicos fuegos artificiales.<\/p>\n<p>La Agenda deportiva incluye:<\/p>\n<p><em><strong>-8 horas: F\u00fatbol Municipal en el Club Villa Mitre<\/strong><\/em><\/p>\n<p><em><strong>-9 horas: V\u00f3ley masculino-femenino en el Club AJC<\/strong><\/em><\/p>\n<p><em><strong>-9 horas: Handball en el Club Colmena Norte<\/strong><\/em><\/p>\n<p><em><strong>-9 horas: Hockey femenino- masculino en el Complejo Cota<\/strong><\/em><\/p>\n<p><em><strong>-12 horas: Rugby Juvenil en Taf\u00ed Viejo Rugby Club<\/strong><\/em><\/p>\n<p><em><strong>-15 horas: F\u00fatbol tenis en plaza Bartolom\u00e9 Mitre<\/strong><\/em><\/p>\n<\/div>\n<\/div>\n","protected":false},"excerpt":{"rendered":"<p>Conoc\u00e9 la cartelera de San Antonio 2024. Las esperadas\u00a0Fiestas Patronales de \u2018San Antonio de Padua\u2019\u00a0inician hoy con una variedad de \u00a0actividades deportivas, lit\u00fargicas y recreativas. Los festejos se extender\u00e1n hasta el fin de semana con m\u00faltiples espect\u00e1culos musicales para el disfrute de las familias tafice\u00f1as y turistas. Las actividades religiosas comenzar\u00e1n a las 10 con &hellip;<\/p>\n","protected":false},"author":2,"featured_media":3286,"comment_status":"open","ping_status":"open","sticky":false,"template":"","format":"standard","meta":{"footnotes":""},"categories":[54,34],"tags":[877],"class_list":["post-3285","post","type-post","status-publish","format-standard","has-post-thumbnail","hentry","category-interes-ganeral","category-locales","tag-municioalidad-de-tafi-viejo"],"_links":{"self":[{"href":"https:\/\/cafeprensa.com.ar\/index.php\/wp-json\/wp\/v2\/posts\/3285","targetHints":{"allow":["GET"]}}],"collection":[{"href":"https:\/\/cafeprensa.com.ar\/index.php\/wp-json\/wp\/v2\/posts"}],"about":[{"href":"https:\/\/cafeprensa.com.ar\/index.php\/wp-json\/wp\/v2\/types\/post"}],"author":[{"embeddable":true,"href":"https:\/\/cafeprensa.com.ar\/index.php\/wp-json\/wp\/v2\/users\/2"}],"replies":[{"embeddable":true,"href":"https:\/\/cafeprensa.com.ar\/index.php\/wp-json\/wp\/v2\/comments?post=3285"}],"version-history":[{"count":1,"href":"https:\/\/cafeprensa.com.ar\/index.php\/wp-json\/wp\/v2\/posts\/3285\/revisions"}],"predecessor-version":[{"id":3287,"href":"https:\/\/cafeprensa.com.ar\/index.php\/wp-json\/wp\/v2\/posts\/3285\/revisions\/3287"}],"wp:featuredmedia":[{"embeddable":true,"href":"https:\/\/cafeprensa.com.ar\/index.php\/wp-json\/wp\/v2\/media\/3286"}],"wp:attachment":[{"href":"https:\/\/cafeprensa.com.ar\/index.php\/wp-json\/wp\/v2\/media?parent=3285"}],"wp:term":[{"taxonomy":"category","embeddable":true,"href":"https:\/\/cafeprensa.com.ar\/index.php\/wp-json\/wp\/v2\/categories?post=3285"},{"taxonomy":"post_tag","embeddable":true,"href":"https:\/\/cafeprensa.com.ar\/index.php\/wp-json\/wp\/v2\/tags?post=3285"}],"curies":[{"name":"wp","href":"https:\/\/api.w.org\/{rel}","templated":true}]}}