{"id":3288,"date":"2024-06-13T12:42:18","date_gmt":"2024-06-13T10:42:18","guid":{"rendered":"https:\/\/cafeprensa.com.ar\/?p=3288"},"modified":"2024-06-13T12:42:18","modified_gmt":"2024-06-13T10:42:18","slug":"la-provincia-entrego-microcreditos-a-134-emprendedores-con-una-inversion-de-8-665-000","status":"publish","type":"post","link":"https:\/\/cafeprensa.com.ar\/index.php\/2024\/06\/13\/la-provincia-entrego-microcreditos-a-134-emprendedores-con-una-inversion-de-8-665-000\/","title":{"rendered":"La Provincia entreg\u00f3 microcr\u00e9ditos a 134 emprendedores con una inversi\u00f3n de $8.665.000"},"content":{"rendered":"<div class=\"post-header-area\">\n<p class=\"sumario\">El objetivo es el apoyo de proyectos productivos, comerciales y de servicios, beneficiando a familias emprendedoras de la econom\u00eda social.<\/p>\n<\/div>\n<div class=\"post-content-area\">\n<div>\n<p>En un acto que reafirm\u00f3 el compromiso del Gobierno de Tucum\u00e1n con el fomento del trabajo y el crecimiento econ\u00f3mico, se llev\u00f3 a cabo en el <em><strong>Sal\u00f3n Blanco de Casa de Gobierno l<\/strong><\/em>a entrega de microcr\u00e9ditos destinados al fortalecimiento de emprendedores, productores agropecuarios y artesanos de la provincia.<\/p>\n<p>El evento, encabezado por<strong>\u00a0<\/strong>el ministro de Desarrollo Social,\u00a0<strong>Federico Masso;<\/strong>\u00a0el ministro de Gobierno y Justicia,\u00a0<strong>Regino Amado\u00a0<\/strong>y\u00a0la secretar\u00eda de Articulaci\u00f3n Territorial y Desarrollo Local,<strong>\u00a0Josefina Zarate<\/strong>, cont\u00f3 con la entrega de \u00f3rdenes de pago de microcr\u00e9ditos a 134 emprendedores y artesanos para el apoyo de proyectos productivos, comerciales y de servicios, beneficiando a cientos de familias emprendedoras de la econom\u00eda social. Particip\u00f3 del acto el legislador,\u00a0<strong>Alberto Olea.<\/strong><\/p>\n<p><img decoding=\"async\" class=\"img-responsive\" src=\"https:\/\/www.comunicaciontucuman.gob.ar\/fotos\/notas\/2024\/06\/12\/240612105321_77078.jpeg\" \/><\/p>\n<blockquote><p>El compromiso del Gobernador con el fortalecimiento de los emprendimientos locales se hace evidente una vez m\u00e1s, con la entrega de microcr\u00e9ditos por un total\u00a0<em>$8.665.000 que<\/em>\u00a0se distribuye entre 134 emprendedores quienes encuentran un impulso para continuar con sus proyectos, esenciales para la econom\u00eda social de la regi\u00f3n\u00bb, inform\u00f3 Masso.<\/p><\/blockquote>\n<p>Asimismo, dijo que \u00abun aspecto destacable es el alto nivel de compromiso de estos emprendedores con la devoluci\u00f3n de los cr\u00e9ditos, alcanzando un impresionante 93% de recupero, una tasa que supera incluso a la de muchas entidades financieras\u00bb.<\/p>\n<p><em>\u00abEl acto de entrega de microcr\u00e9ditos no es solo una muestra del compromiso del Ministerio de Desarrollo Social con la econom\u00eda social, sino tambi\u00e9n una demostraci\u00f3n del camino a seguir para fortalecer este sector y mejorar la calidad de vida de todos los tucumanos\u00bb, destac\u00f3 el funcionario.<\/em><\/p>\n<p><img decoding=\"async\" class=\"img-responsive\" src=\"https:\/\/www.comunicaciontucuman.gob.ar\/fotos\/notas\/2024\/06\/12\/240612105245_42190.jpeg\" \/><\/p>\n<p><em><strong>Estas asignaciones, que representan una inversi\u00f3n total de m\u00e1s de $ $8.665.000, nucleados en 46 grupos de garant\u00eda solidaria \u00a0y 14 cr\u00e9ditos individuales.\u00a0<\/strong><\/em><em><strong>Las localidades beneficiadas abarcan diversos puntos de la provincia, incluyendo San Miguel de Tucum\u00e1n, Alderetes, Los Aguirre, Las Talitas, Taf\u00ed Viejo, Manantial, Yerba Buena, San Pablo, Banda del R\u00edo Sal\u00ed, La Florida, Garmendia, San Pedro de Colalao, \u00a0Choromoro y R\u00edo Seco.<\/strong><\/em><\/p>\n<p><em>Beneficiarios:\u00a0<\/em><\/p>\n<p><strong>V\u00edctor Hugo Zurita,<\/strong>\u00a0propietario de un taller de herrer\u00eda llamado M&amp;H, celebr\u00f3 recibir un microcr\u00e9dito para avanzar en la fabricaci\u00f3n y compra de insumos. \u201cPese a que todo est\u00e1 dif\u00edcil, uno no baja los brazos. El Gobernador no abandona al trabajador, trabaja en conjunto con el Presidente para empezar la obra p\u00fablica y nosotros podamos seguir teniendo trabajo\u201d, afirm\u00f3.<\/p>\n<p>Zurita cont\u00f3 que aprendi\u00f3 el oficio junto a su pap\u00e1. \u201cTrabajo desde los 10 a\u00f1os ayud\u00e1ndolo y con esto a mis hermanos nunca le falt\u00f3 nada\u201d, asegur\u00f3 y garantiz\u00f3 que sigue form\u00e1ndose en la materia.<\/p>\n<p>Por su parte, la cocinera y pastelera\u00a0<strong>Mar\u00eda Teresa P\u00e1ez,<\/strong>\u00a0agradeci\u00f3 el microcr\u00e9dito recibido. \u201cCon este dinero comprar\u00e9 insumos para poder fortalecer mi emprendimiento\u201d, dijo y cont\u00f3: \u201cLa decisi\u00f3n del Gobernador es muy buena porque no alcanza el dinero. Estamos pasando por momentos dif\u00edciles y esta ayuda es bienvenida\u201d.<\/p>\n<p><img decoding=\"async\" class=\"img-responsive\" src=\"https:\/\/www.comunicaciontucuman.gob.ar\/fotos\/notas\/2024\/06\/12\/240612110513_74748.jpeg\" \/><\/p>\n<\/div>\n<\/div>\n","protected":false},"excerpt":{"rendered":"<p>El objetivo es el apoyo de proyectos productivos, comerciales y de servicios, beneficiando a familias emprendedoras de la econom\u00eda social. En un acto que reafirm\u00f3 el compromiso del Gobierno de Tucum\u00e1n con el fomento del trabajo y el crecimiento econ\u00f3mico, se llev\u00f3 a cabo en el Sal\u00f3n Blanco de Casa de Gobierno la entrega de &hellip;<\/p>\n","protected":false},"author":2,"featured_media":3289,"comment_status":"open","ping_status":"open","sticky":false,"template":"","format":"standard","meta":{"footnotes":""},"categories":[54,34],"tags":[878],"class_list":["post-3288","post","type-post","status-publish","format-standard","has-post-thumbnail","hentry","category-interes-ganeral","category-locales","tag-microcreditos-a-134-emprendedores"],"_links":{"self":[{"href":"https:\/\/cafeprensa.com.ar\/index.php\/wp-json\/wp\/v2\/posts\/3288","targetHints":{"allow":["GET"]}}],"collection":[{"href":"https:\/\/cafeprensa.com.ar\/index.php\/wp-json\/wp\/v2\/posts"}],"about":[{"href":"https:\/\/cafeprensa.com.ar\/index.php\/wp-json\/wp\/v2\/types\/post"}],"author":[{"embeddable":true,"href":"https:\/\/cafeprensa.com.ar\/index.php\/wp-json\/wp\/v2\/users\/2"}],"replies":[{"embeddable":true,"href":"https:\/\/cafeprensa.com.ar\/index.php\/wp-json\/wp\/v2\/comments?post=3288"}],"version-history":[{"count":1,"href":"https:\/\/cafeprensa.com.ar\/index.php\/wp-json\/wp\/v2\/posts\/3288\/revisions"}],"predecessor-version":[{"id":3290,"href":"https:\/\/cafeprensa.com.ar\/index.php\/wp-json\/wp\/v2\/posts\/3288\/revisions\/3290"}],"wp:featuredmedia":[{"embeddable":true,"href":"https:\/\/cafeprensa.com.ar\/index.php\/wp-json\/wp\/v2\/media\/3289"}],"wp:attachment":[{"href":"https:\/\/cafeprensa.com.ar\/index.php\/wp-json\/wp\/v2\/media?parent=3288"}],"wp:term":[{"taxonomy":"category","embeddable":true,"href":"https:\/\/cafeprensa.com.ar\/index.php\/wp-json\/wp\/v2\/categories?post=3288"},{"taxonomy":"post_tag","embeddable":true,"href":"https:\/\/cafeprensa.com.ar\/index.php\/wp-json\/wp\/v2\/tags?post=3288"}],"curies":[{"name":"wp","href":"https:\/\/api.w.org\/{rel}","templated":true}]}}