{"id":3302,"date":"2024-06-13T13:47:35","date_gmt":"2024-06-13T11:47:35","guid":{"rendered":"https:\/\/cafeprensa.com.ar\/?p=3302"},"modified":"2024-06-13T13:47:35","modified_gmt":"2024-06-13T11:47:35","slug":"juicio-a-alperovich-el-juez-fijo-fecha-para-dar-a-conocer-su-veredicto","status":"publish","type":"post","link":"https:\/\/cafeprensa.com.ar\/index.php\/2024\/06\/13\/juicio-a-alperovich-el-juez-fijo-fecha-para-dar-a-conocer-su-veredicto\/","title":{"rendered":"Juicio a Alperovich el juez fij\u00f3 fecha para dar a conocer su veredicto."},"content":{"rendered":"<header class=\"article-header-wrapper\">\n<div class=\"article-header \">\n<p class=\"article-subheadline left \">Luego de largas jornadas de alegatos, Juan Ramos Padilla dar\u00e1 a conocer la semana que viene si considera que el ex gobernador de Tucum\u00e1n es culpable o inocente respecto a una serie de ataques contra su sobrina y ex colaboradora personal. El imputado podr\u00e1 ofrecer sus \u00faltimas palabras.<\/p>\n<\/div>\n<\/header>\n<article class=\"article\">\n<div class=\"body-article\">\n<p class=\"paragraph\" data-mrf-recirculation=\"Links inline\">Luego de dos marat\u00f3nicas jornadas con los\u00a0<a href=\"https:\/\/www.infobae.com\/judiciales\/2024\/06\/12\/a-la-espera-del-veredicto-el-abogado-de-alperovich-defendio-su-inocencia-y-acuso-a-la-denunciante-de-presentar-un-testimonio-aprendido-y-estudiado\/\" target=\"_blank\" rel=\"noopener noreferrer\" data-mrf-link=\"https:\/\/www.infobae.com\/judiciales\/2024\/06\/12\/a-la-espera-del-veredicto-el-abogado-de-alperovich-defendio-su-inocencia-y-acuso-a-la-denunciante-de-presentar-un-testimonio-aprendido-y-estudiado\/\"><b>alegatos de cierre<\/b><\/a>, se fij\u00f3 la fecha del veredicto para el pr\u00f3ximo martes en el juicio que se le sigue al exgobernador de Tucum\u00e1n\u00a0<a href=\"https:\/\/www.infobae.com\/tag\/jose-alperovich\/\" target=\"_blank\" rel=\"noopener noreferrer\" data-mrf-link=\"https:\/\/www.infobae.com\/tag\/jose-alperovich\/\"><b>Jos\u00e9 Alperovich<\/b><\/a>\u00a0por\u00a0<b>abuso sexual reiterado\u00a0<\/b>contra su sobrina y excolaboradora personal. As\u00ed lo resolvi\u00f3 ayer el juez<b>\u00a0Juan Ramos Padilla<\/b>, quien ese d\u00eda se sentar\u00e1 en el recinto del Tribunal Oral Federal 29 para dar a conocer si considera culpable o inocente al imputado, quien antes tendr\u00e1 la posibilidad de brindar sus\u00a0<b>\u00faltimas palabras<\/b>.<\/p>\n<p class=\"paragraph\" data-mrf-recirculation=\"Links inline\">El lunes pasado, en exposiciones de m\u00e1s de cinco horas cada una,<a href=\"https:\/\/www.infobae.com\/judiciales\/2024\/06\/11\/este-es-un-juicio-sobre-la-impunidad-del-poder-el-alegato-del-fiscal-que-pidio-condenar-a-alperovich-por-violacion\/\" target=\"_blank\" rel=\"noopener noreferrer\" data-mrf-link=\"https:\/\/www.infobae.com\/judiciales\/2024\/06\/11\/este-es-un-juicio-sobre-la-impunidad-del-poder-el-alegato-del-fiscal-que-pidio-condenar-a-alperovich-por-violacion\/\"><b>\u00a0el fiscal Sandro Abraldes pidi\u00f3<\/b><\/a>, entre otras sanciones, que se imponga una pena de 16 a\u00f1os y medio de prisi\u00f3n, mientras que\u00a0<a href=\"https:\/\/www.infobae.com\/judiciales\/2024\/06\/10\/juicio-a-alperovich-por-abuso-sexual-la-querella-pidio-su-condena-y-el-ex-gobernador-lloro-en-la-audiencia\/\" target=\"_blank\" rel=\"noopener noreferrer\" data-mrf-link=\"https:\/\/www.infobae.com\/judiciales\/2024\/06\/10\/juicio-a-alperovich-por-abuso-sexual-la-querella-pidio-su-condena-y-el-ex-gobernador-lloro-en-la-audiencia\/\"><b>los querellantes solicitaron<\/b>\u00a0<\/a>una condena a 22 a\u00f1os para el exmandatario. Ayer, en otra jornada extensa,\u00a0<a href=\"https:\/\/www.infobae.com\/judiciales\/2024\/06\/12\/a-la-espera-del-veredicto-el-abogado-de-alperovich-defendio-su-inocencia-y-acuso-a-la-denunciante-de-presentar-un-testimonio-aprendido-y-estudiado\/\" target=\"_blank\" rel=\"noopener noreferrer\" data-mrf-link=\"https:\/\/www.infobae.com\/judiciales\/2024\/06\/12\/a-la-espera-del-veredicto-el-abogado-de-alperovich-defendio-su-inocencia-y-acuso-a-la-denunciante-de-presentar-un-testimonio-aprendido-y-estudiado\/\"><b>el abogado defensor reclam\u00f3<\/b>\u00a0<\/a>la absoluci\u00f3n de su cliente.<\/p>\n<p class=\"paragraph\" data-mrf-recirculation=\"Links inline\">Alperovich est\u00e1 acusado de haber cometido entre nueve y diez delitos de\u00a0<b>tentativa de abuso<\/b>,\u00a0<b>abuso simple\u00a0<\/b>y\u00a0<b>abuso agravado con acceso carnal<\/b>\u00a0en perjuicio de la hija de su primo hermano entre diciembre de 2017, ni bien ingres\u00f3 la denunciante a trabajar como\u00a0<b>mano derecha<\/b>\u00a0del entonces\u00a0<b>senador nacional<\/b>, y marzo de 2018. El juicio se inici\u00f3 el 5 de febrero y se llevaron a cabo 15 audiencias donde desfilaron casi 70 testigos y peritos.<\/p>\n<div class=\"visual__image\"><img loading=\"lazy\" decoding=\"async\" class=\"\" src=\"https:\/\/www.infobae.com\/new-resizer\/0EKVW1kEEP-qeVbnWolKFHbqK5Y=\/420x315\/filters:format(webp):quality(85)\/cloudfront-us-east-1.images.arcpublishing.com\/infobae\/RBJJCVET6VG7XCIAR4TRAC7Z2Q.jpeg%20420w\" sizes=\"auto, (min-width: 1560px) 856px, (min-width: 1000px) calc(74.63vw - 293px), (min-width: 780px) calc(100vw - 376px), (min-width: 580px) calc(100vw - 32px), 100vw\" srcset=\"https:\/\/www.infobae.com\/new-resizer\/0EKVW1kEEP-qeVbnWolKFHbqK5Y=\/420x315\/filters:format(webp):quality(85)\/cloudfront-us-east-1.images.arcpublishing.com\/infobae\/RBJJCVET6VG7XCIAR4TRAC7Z2Q.jpeg 420w,https:\/\/www.infobae.com\/new-resizer\/d6eEYr2QdQ7Kiu53BThL2mA4wQE=\/768x576\/filters:format(webp):quality(85)\/cloudfront-us-east-1.images.arcpublishing.com\/infobae\/RBJJCVET6VG7XCIAR4TRAC7Z2Q.jpeg 768w,https:\/\/www.infobae.com\/new-resizer\/9JO8mMlWpnPjjKV3vIM907P-n-w=\/992x744\/filters:format(webp):quality(85)\/cloudfront-us-east-1.images.arcpublishing.com\/infobae\/RBJJCVET6VG7XCIAR4TRAC7Z2Q.jpeg 992w,https:\/\/www.infobae.com\/new-resizer\/oZv7kaiMchU-M5FosmwZK0Qk3FY=\/1200x900\/filters:format(webp):quality(85)\/cloudfront-us-east-1.images.arcpublishing.com\/infobae\/RBJJCVET6VG7XCIAR4TRAC7Z2Q.jpeg 1200w,https:\/\/www.infobae.com\/new-resizer\/FEZ0cqbN1oagcmGNEJkC5T8pVTU=\/1440x1080\/filters:format(webp):quality(85)\/cloudfront-us-east-1.images.arcpublishing.com\/infobae\/RBJJCVET6VG7XCIAR4TRAC7Z2Q.jpeg 1440w\" alt=\"El juez Juan Ramos Padilla, a cargo del debate, dar\u00e1 a conocer su veredicto \" width=\"1600\" height=\"1176\" data-src=\"https:\/\/www.infobae.com\/new-resizer\/0EKVW1kEEP-qeVbnWolKFHbqK5Y=\/420x315\/filters:format(webp):quality(85)\/cloudfront-us-east-1.images.arcpublishing.com\/infobae\/RBJJCVET6VG7XCIAR4TRAC7Z2Q.jpeg 420w\" \/>El juez Juan Ramos Padilla, a cargo del debate, dar\u00e1 a conocer su veredicto<\/div>\n<p class=\"paragraph\" data-mrf-recirculation=\"Links inline\">Para los acusadores, los \u201c<b>accesos<\/b>\u201d, \u201c<b>tocamientos<\/b>\u201d y \u201c<b>situaciones indecorosas<\/b>\u201d se perpetraron en uno los departamentos del acusado en Puerto Madero; en su auto personal mientras viajaban a realizar visitas al interior de Tucum\u00e1n en el marco de una\u00a0<b>campa\u00f1a proselitista<\/b>\u00a0para competir contra\u00a0<a href=\"https:\/\/www.infobae.com\/tag\/juan-manzur\/\" rel=\"noopener noreferrer\" data-mrf-link=\"https:\/\/www.infobae.com\/tag\/juan-manzur\/\"><b>Juan Manzur\u00a0<\/b><\/a>por la gobernaci\u00f3n de 2019; en el b\u00fanker de Alperovich de la calle Mart\u00edn Fierro de la capital provincial y en dos quintas de la localidad de Yerba Buena.<\/p>\n<p class=\"paragraph\" data-mrf-recirculation=\"Links inline\">\u201cSe puede afirmar, m\u00e1s all\u00e1 de toda duda razonable, que Jos\u00e9 Jorge Alperovich<b>\u00a0<\/b><a href=\"https:\/\/www.infobae.com\/judiciales\/2024\/06\/04\/nunca-tuve-relaciones-sexuales-con-ella-cronica-de-la-declaracion-de-alperovich-en-el-juicio-en-su-contra-por-abuso\/\" rel=\"noopener noreferrer\" data-mrf-link=\"https:\/\/www.infobae.com\/judiciales\/2024\/06\/04\/nunca-tuve-relaciones-sexuales-con-ella-cronica-de-la-declaracion-de-alperovich-en-el-juicio-en-su-contra-por-abuso\/\"><b>es el autor de todos los hechos<\/b><\/a><b>\u00a0<\/b>(&#8230;), que ocurrieron en diferentes domicilios ubicados tanto en esta ciudad como en San Miguel de Tucum\u00e1n y en el veh\u00edculo de Alperovich.\u00a0<b>Para cometerlos, el imputado se vali\u00f3 de su enorme poder que detentaba a nivel laboral, familiar y pol\u00edtico en toda la provincia.\u00a0<\/b>\u00c9l hab\u00eda sido elegido tres veces gobernador y era, para la \u00e9poca de los hechos,<b>\u00a0<\/b><a href=\"https:\/\/www.infobae.com\/politica\/2019\/11\/27\/jose-alperovich-presento-formalmente-su-pedido-de-licencia-y-hoy-lo-debatira-el-senado\/#:~:text=El%20senado%20aprob%C3%B3%20una%20licencia,violaci%C3%B3n%20de%20su%20sobrina%20%2D%20Infobae\" rel=\"noopener noreferrer\" data-mrf-link=\"https:\/\/www.infobae.com\/politica\/2019\/11\/27\/jose-alperovich-presento-formalmente-su-pedido-de-licencia-y-hoy-lo-debatira-el-senado\/\"><b>senador nacional<\/b><\/a><b>\u00a0<\/b>y asesor ad honorem para la provincia\u201d, expres\u00f3 la querellante\u00a0<b>Carolina Cymerman<\/b>\u00a0al alegar en compa\u00f1\u00eda de su colega\u00a0<b>Pablo Rovatti<\/b>.<\/p>\n<p class=\"paragraph\" data-mrf-recirculation=\"Links inline\">A su turno, el representante del Ministerio P\u00fablico expres\u00f3: \u201c<b>Este juicio es un juicio de la impunidad del poder<\/b>\u201d, y precis\u00f3: \u201c<b>Jos\u00e9 Alperovich estuvo siempre ubicado arriba, en una posici\u00f3n de poder amplio, y F.L. muy por debajo, en un \u00e1rea de sometimiento.\u00a0<\/b>Por eso este juicio\u201d.<\/p>\n<div class=\"visual__image\"><img loading=\"lazy\" decoding=\"async\" class=\"\" src=\"https:\/\/www.infobae.com\/new-resizer\/6htxOtTuONv6kieSNqw-0MOxXK0=\/420x236\/filters:format(webp):quality(85)\/cloudfront-us-east-1.images.arcpublishing.com\/infobae\/WYXKCV2BKNEMFPDOBINC4G3X6E.jpg%20420w\" sizes=\"auto, (min-width: 1560px) 856px, (min-width: 1000px) calc(74.63vw - 293px), (min-width: 780px) calc(100vw - 376px), (min-width: 580px) calc(100vw - 32px), 100vw\" srcset=\"https:\/\/www.infobae.com\/new-resizer\/6htxOtTuONv6kieSNqw-0MOxXK0=\/420x236\/filters:format(webp):quality(85)\/cloudfront-us-east-1.images.arcpublishing.com\/infobae\/WYXKCV2BKNEMFPDOBINC4G3X6E.jpg 420w,https:\/\/www.infobae.com\/new-resizer\/bBvWE0SH1dZpUK6IXUUBuFrlGBo=\/768x432\/filters:format(webp):quality(85)\/cloudfront-us-east-1.images.arcpublishing.com\/infobae\/WYXKCV2BKNEMFPDOBINC4G3X6E.jpg 768w,https:\/\/www.infobae.com\/new-resizer\/OLXapZwNnw7kGhk4QijBuf2jFt0=\/992x558\/filters:format(webp):quality(85)\/cloudfront-us-east-1.images.arcpublishing.com\/infobae\/WYXKCV2BKNEMFPDOBINC4G3X6E.jpg 992w,https:\/\/www.infobae.com\/new-resizer\/Sv_TL0GyWPlGJhKwPKGyqr248W0=\/1200x675\/filters:format(webp):quality(85)\/cloudfront-us-east-1.images.arcpublishing.com\/infobae\/WYXKCV2BKNEMFPDOBINC4G3X6E.jpg 1200w,https:\/\/www.infobae.com\/new-resizer\/Re1DySdBxmo0UVrjCZ1XuPr80QI=\/1440x810\/filters:format(webp):quality(85)\/cloudfront-us-east-1.images.arcpublishing.com\/infobae\/WYXKCV2BKNEMFPDOBINC4G3X6E.jpg 1440w\" alt=\"El fiscal Sandro Abraldes -centro- y su equipo, junto a los querellantes Carolina Cymerman y Pablo Rovatti (Gustavo Gavotti)\" width=\"1920\" height=\"1080\" data-src=\"https:\/\/www.infobae.com\/new-resizer\/6htxOtTuONv6kieSNqw-0MOxXK0=\/420x236\/filters:format(webp):quality(85)\/cloudfront-us-east-1.images.arcpublishing.com\/infobae\/WYXKCV2BKNEMFPDOBINC4G3X6E.jpg 420w\" \/><em><span style=\"font-size: 8pt;\"><strong>El fiscal Sandro Abraldes -centro- y su equipo, junto a los querellantes Carolina Cymerman y Pablo Rovatti\u00a0<\/strong><\/span><\/em><\/div>\n<p class=\"paragraph\" data-mrf-recirculation=\"Links inline\">Adem\u00e1s, el fiscal Abraldes se\u00f1al\u00f3: \u201cEl acusado, cuando vio a la denunciante (por primera vez, en un evento pol\u00edtico), decidi\u00f3 que deb\u00eda sumarla a su equipo porque su belleza f\u00edsica le provoc\u00f3 un gran impacto.\u00a0<b>No la quer\u00eda para trabajar con \u00e9l, la quer\u00eda para la cama<\/b>\u201d. Luego calific\u00f3 al imputado de \u201c<b>caudillo<\/b>\u201d, \u201c<b>jerarca<\/b>\u201d y \u201c<b>patriarcal<\/b>\u201d, y remat\u00f3: \u201cEl\u00a0<b>gran mand\u00f3n<\/b>\u00a0puede hacer lo que quiere, cuando quiere. (&#8230;)\u00a0<b>As\u00ed es que la convirti\u00f3 en un objeto de su placer sexual<\/b>\u201d.<\/p>\n<p class=\"paragraph\" data-mrf-recirculation=\"Links inline\">Por su parte, el abogado del exgobernador defendi\u00f3 su\u00a0<b>inocencia\u00a0<\/b>y requiri\u00f3 su\u00a0<b>absoluci\u00f3n\u00a0<\/b>al considerar que la denuncia era \u201c<b>falsa<\/b>\u201d y presentaba hechos que \u201c<b>est\u00e1 acreditado que no existieron<\/b>\u201d. Acus\u00f3 a la denunciante de armar un relato \u201c<b>il\u00f3gico<\/b>\u201d, \u201c<b>incoherente<\/b>\u201d e \u201c<b>incompatible con el sentido com\u00fan<\/b>\u201d. Y habl\u00f3 tambi\u00e9n de una \u201c<b>maniobra orquestada<\/b>\u201d por distintos opositores de Alperovich para erradicarlo de la arena pol\u00edtica provincial.<\/p>\n<div class=\"visual__image\"><img loading=\"lazy\" decoding=\"async\" class=\"\" src=\"https:\/\/www.infobae.com\/new-resizer\/LU-duZXGdyrJqecaJy6BjkE571c=\/420x315\/filters:format(webp):quality(85)\/cloudfront-us-east-1.images.arcpublishing.com\/infobae\/52RPMLRQB5HQ7O2I5MAZJVBLIA.jpeg%20420w\" sizes=\"auto, (min-width: 1560px) 856px, (min-width: 1000px) calc(74.63vw - 293px), (min-width: 780px) calc(100vw - 376px), (min-width: 580px) calc(100vw - 32px), 100vw\" srcset=\"https:\/\/www.infobae.com\/new-resizer\/LU-duZXGdyrJqecaJy6BjkE571c=\/420x315\/filters:format(webp):quality(85)\/cloudfront-us-east-1.images.arcpublishing.com\/infobae\/52RPMLRQB5HQ7O2I5MAZJVBLIA.jpeg 420w,https:\/\/www.infobae.com\/new-resizer\/r9znjuVgwwND1pirSdrQXVCYqJE=\/768x576\/filters:format(webp):quality(85)\/cloudfront-us-east-1.images.arcpublishing.com\/infobae\/52RPMLRQB5HQ7O2I5MAZJVBLIA.jpeg 768w,https:\/\/www.infobae.com\/new-resizer\/TpRrGIo4eBHFvfuXpbjN_uvZGhA=\/992x744\/filters:format(webp):quality(85)\/cloudfront-us-east-1.images.arcpublishing.com\/infobae\/52RPMLRQB5HQ7O2I5MAZJVBLIA.jpeg 992w,https:\/\/www.infobae.com\/new-resizer\/e1XDCA16iT_22FzD75pSkW7tpJg=\/1200x900\/filters:format(webp):quality(85)\/cloudfront-us-east-1.images.arcpublishing.com\/infobae\/52RPMLRQB5HQ7O2I5MAZJVBLIA.jpeg 1200w,https:\/\/www.infobae.com\/new-resizer\/YVOrpVHxhSaNvysZV4UI7qbFreE=\/1440x1080\/filters:format(webp):quality(85)\/cloudfront-us-east-1.images.arcpublishing.com\/infobae\/52RPMLRQB5HQ7O2I5MAZJVBLIA.jpeg 1440w\" alt=\"El exgobernador Alperovich y, atr\u00e1s, su defensor Augusto Garrido\" width=\"3202\" height=\"2588\" data-src=\"https:\/\/www.infobae.com\/new-resizer\/LU-duZXGdyrJqecaJy6BjkE571c=\/420x315\/filters:format(webp):quality(85)\/cloudfront-us-east-1.images.arcpublishing.com\/infobae\/52RPMLRQB5HQ7O2I5MAZJVBLIA.jpeg 420w\" \/><span style=\"font-size: 8pt;\"><em><strong>El exgobernador Alperovich y, atr\u00e1s, su defensor Augusto Garrido<\/strong><\/em><\/span><\/div>\n<p class=\"paragraph\" data-mrf-recirculation=\"Links inline\">A su vez, al negar espec\u00edficamente los episodios de\u00a0<b>acceso carnal<\/b>, Garrido manifest\u00f3: \u201cNo es l\u00f3gico que (tal como denunci\u00f3 F.L.)\u00a0<b>Alperovich usara aceite de beb\u00e9<\/b>. Eso es algo estereotipado. Tampoco es l\u00f3gico que Alperovich se autocalificara de\u00a0<b>violinista<\/b>, una asociaci\u00f3n burda que provoc\u00f3 que todo el mundo le diga\u00a0<b>viol\u00edn<\/b>. Cuando F.L. cont\u00f3 c\u00f3mo era la\u00a0<b>modalidad de abuso<\/b>, dijo que \u00e9l la agarraba por atr\u00e1s, por la espalda, sin mirarla a los ojos, que resulta exactamente igual a como se relata en el libro \u2018<i>Por qu\u00e9 volv\u00edas cada verano<\/i>\u2019, donde se relata las denuncias de\u00a0<b>una adolescente abusada por un t\u00edo<\/b>. Y cuando la autora relata ah\u00ed c\u00f3mo ocurr\u00edan los hechos, dice que\u00a0<b>el t\u00edo la agarraba por atr\u00e1s<\/b>, sin mirarla a los ojos, (\u2026) yo creo que la\u00a0<b>coincidencia\u00a0<\/b>en el relato de esos hechos y el modo en que F.L. explic\u00f3 los abusos\u00a0<b>es bastante impresionante<\/b>, y lo que deduzco es que su relato se construy\u00f3 a partir de esos hechos -del libro- de p\u00fablico conocimiento para darle sustento a la denuncia\u201d.<\/p>\n<p class=\"paragraph\" data-mrf-recirculation=\"Links inline\">La defensa, adem\u00e1s de rechazar la existencia de todos los hechos, abon\u00f3 la teor\u00eda de una \u201c<b>causa armada<\/b>\u201d esbozada por Alperovich durante<b>\u00a0<\/b><a href=\"https:\/\/www.infobae.com\/judiciales\/2024\/06\/03\/alperovich-declara-en-el-juicio-en-su-contra-no-la-abuse-estoy-muerto-en-vida\/\" rel=\"noopener noreferrer\" data-mrf-link=\"https:\/\/www.infobae.com\/judiciales\/2024\/06\/03\/alperovich-declara-en-el-juicio-en-su-contra-no-la-abuse-estoy-muerto-en-vida\/\"><b>su declaraci\u00f3n<\/b><\/a>\u00a0del pasado 3 de junio. Para eso, desliz\u00f3 sospechas respecto de\u00a0<b>la financiaci\u00f3n\u00a0<\/b>de los pasacalles que salieron a la luz un d\u00eda despu\u00e9s de la\u00a0<a href=\"https:\/\/www.infobae.com\/politica\/2020\/05\/26\/la-dura-carta-de-la-sobrina-de-jose-alperovich-a-un-ano-de-denunciarlo-por-abuso-sexual\/\" target=\"_blank\" rel=\"noopener noreferrer\" data-mrf-link=\"https:\/\/www.infobae.com\/politica\/2020\/05\/26\/la-dura-carta-de-la-sobrina-de-jose-alperovich-a-un-ano-de-denunciarlo-por-abuso-sexual\/\"><b>carta<\/b><\/a><b>\u00a0<\/b>que public\u00f3 la denunciante en noviembre de 2019 acusando de abuso a su t\u00edo segundo. Esos carteles, dijo, se vieron en Buenos Aires, C\u00f3rdoba y Tucum\u00e1n y vinculaban al imputado con el actor<a href=\"https:\/\/www.infobae.com\/tag\/juan-darthes\/\" rel=\"noopener noreferrer\" data-mrf-link=\"https:\/\/www.infobae.com\/tag\/juan-darthes\/\">\u00a0<b>Juan Darthes<\/b><\/a>. En ese marco apunt\u00f3 contra el actual diputado nacional\u00a0<b>Carlos Cisneros<\/b>, reconocido adversario pol\u00edtico del exgobernador en su provincia.<\/p>\n<p class=\"paragraph\" data-mrf-recirculation=\"Links inline\">Adem\u00e1s de las penas de prisi\u00f3n, los acusadores pidieron la\u00a0<b>detenci\u00f3n preventiva<\/b>\u00a0del exsenador para el caso en que resulte condenatorio el veredicto. El fiscal solicit\u00f3 a su vez una\u00a0<b>indemnizaci\u00f3n\u00a0<\/b>para la denunciante y la<b>\u00a0inhibici\u00f3n general de bienes\u00a0<\/b>del imputado, quien desde el lunes cuenta, por solicitud de Abraldes y de los querellantes, con una\u00a0<b>custodia policial\u00a0<\/b>para \u201cconjurar\u201d\u00a0<b>riesgos de fuga\u00a0<\/b>y asegurar, as\u00ed, su presencia en el tribunal porte\u00f1o ubicado en la calle Paraguay al 1536. Ser\u00e1 el juez el encargado de definir, el martes a las 13, la procedencia de todas las medidas.<\/p>\n<div class=\"visual__image\"><img loading=\"lazy\" decoding=\"async\" class=\"\" src=\"https:\/\/www.infobae.com\/new-resizer\/J5a5w4hB6A2OuQ8tSoLYb_3EZlo=\/420x236\/filters:format(webp):quality(85)\/cloudfront-us-east-1.images.arcpublishing.com\/infobae\/PBLOFPIPIVBHDAILMV7QVMOKII.jpeg%20420w\" sizes=\"auto, (min-width: 1560px) 856px, (min-width: 1000px) calc(74.63vw - 293px), (min-width: 780px) calc(100vw - 376px), (min-width: 580px) calc(100vw - 32px), 100vw\" srcset=\"https:\/\/www.infobae.com\/new-resizer\/J5a5w4hB6A2OuQ8tSoLYb_3EZlo=\/420x236\/filters:format(webp):quality(85)\/cloudfront-us-east-1.images.arcpublishing.com\/infobae\/PBLOFPIPIVBHDAILMV7QVMOKII.jpeg 420w,https:\/\/www.infobae.com\/new-resizer\/U1T0_6jCkyId3grD_-w0Lfl9_vU=\/768x432\/filters:format(webp):quality(85)\/cloudfront-us-east-1.images.arcpublishing.com\/infobae\/PBLOFPIPIVBHDAILMV7QVMOKII.jpeg 768w,https:\/\/www.infobae.com\/new-resizer\/Tg204wWlOZTmygW_b0ezno0O6lE=\/992x558\/filters:format(webp):quality(85)\/cloudfront-us-east-1.images.arcpublishing.com\/infobae\/PBLOFPIPIVBHDAILMV7QVMOKII.jpeg 992w,https:\/\/www.infobae.com\/new-resizer\/5VwHnexX-snTcoo70gfrkMe6PwI=\/1200x675\/filters:format(webp):quality(85)\/cloudfront-us-east-1.images.arcpublishing.com\/infobae\/PBLOFPIPIVBHDAILMV7QVMOKII.jpeg 1200w,https:\/\/www.infobae.com\/new-resizer\/T32jQenAWj1Ai9w1TeN5YOgD2HE=\/1440x810\/filters:format(webp):quality(85)\/cloudfront-us-east-1.images.arcpublishing.com\/infobae\/PBLOFPIPIVBHDAILMV7QVMOKII.jpeg 1440w\" alt=\"Alperovich estuvo acompa\u00f1ado por sus cuatro hijos: Daniel, Gabriel, Sara y Mariana \" width=\"4000\" height=\"2252\" data-src=\"https:\/\/www.infobae.com\/new-resizer\/J5a5w4hB6A2OuQ8tSoLYb_3EZlo=\/420x236\/filters:format(webp):quality(85)\/cloudfront-us-east-1.images.arcpublishing.com\/infobae\/PBLOFPIPIVBHDAILMV7QVMOKII.jpeg 420w\" \/><span style=\"font-size: 8pt;\"><em><strong>Alperovich estuvo acompa\u00f1ado por sus cuatro hijos: Daniel, Gabriel, Sara y Mariana.<\/strong><\/em><\/span><\/div>\n<\/div>\n<\/article>\n","protected":false},"excerpt":{"rendered":"<p>Luego de largas jornadas de alegatos, Juan Ramos Padilla dar\u00e1 a conocer la semana que viene si considera que el ex gobernador de Tucum\u00e1n es culpable o inocente respecto a una serie de ataques contra su sobrina y ex colaboradora personal. El imputado podr\u00e1 ofrecer sus \u00faltimas palabras. Luego de dos marat\u00f3nicas jornadas con los\u00a0alegatos &hellip;<\/p>\n","protected":false},"author":2,"featured_media":3303,"comment_status":"open","ping_status":"open","sticky":false,"template":"","format":"standard","meta":{"footnotes":""},"categories":[47,33],"tags":[391],"class_list":["post-3302","post","type-post","status-publish","format-standard","has-post-thumbnail","hentry","category-justicia","category-nacionales","tag-alperovich"],"_links":{"self":[{"href":"https:\/\/cafeprensa.com.ar\/index.php\/wp-json\/wp\/v2\/posts\/3302","targetHints":{"allow":["GET"]}}],"collection":[{"href":"https:\/\/cafeprensa.com.ar\/index.php\/wp-json\/wp\/v2\/posts"}],"about":[{"href":"https:\/\/cafeprensa.com.ar\/index.php\/wp-json\/wp\/v2\/types\/post"}],"author":[{"embeddable":true,"href":"https:\/\/cafeprensa.com.ar\/index.php\/wp-json\/wp\/v2\/users\/2"}],"replies":[{"embeddable":true,"href":"https:\/\/cafeprensa.com.ar\/index.php\/wp-json\/wp\/v2\/comments?post=3302"}],"version-history":[{"count":1,"href":"https:\/\/cafeprensa.com.ar\/index.php\/wp-json\/wp\/v2\/posts\/3302\/revisions"}],"predecessor-version":[{"id":3304,"href":"https:\/\/cafeprensa.com.ar\/index.php\/wp-json\/wp\/v2\/posts\/3302\/revisions\/3304"}],"wp:featuredmedia":[{"embeddable":true,"href":"https:\/\/cafeprensa.com.ar\/index.php\/wp-json\/wp\/v2\/media\/3303"}],"wp:attachment":[{"href":"https:\/\/cafeprensa.com.ar\/index.php\/wp-json\/wp\/v2\/media?parent=3302"}],"wp:term":[{"taxonomy":"category","embeddable":true,"href":"https:\/\/cafeprensa.com.ar\/index.php\/wp-json\/wp\/v2\/categories?post=3302"},{"taxonomy":"post_tag","embeddable":true,"href":"https:\/\/cafeprensa.com.ar\/index.php\/wp-json\/wp\/v2\/tags?post=3302"}],"curies":[{"name":"wp","href":"https:\/\/api.w.org\/{rel}","templated":true}]}}