{"id":3305,"date":"2024-06-13T14:14:06","date_gmt":"2024-06-13T12:14:06","guid":{"rendered":"https:\/\/cafeprensa.com.ar\/?p=3305"},"modified":"2024-06-13T14:14:06","modified_gmt":"2024-06-13T12:14:06","slug":"senadora-k-llamo-enfermo-mental-al-presidente-milei-y-dijo-que-tendria-que-renunciar-ya","status":"publish","type":"post","link":"https:\/\/cafeprensa.com.ar\/index.php\/2024\/06\/13\/senadora-k-llamo-enfermo-mental-al-presidente-milei-y-dijo-que-tendria-que-renunciar-ya\/","title":{"rendered":"Senadora K llam\u00f3 \u201cenfermo mental\u201d al presidente Milei y dijo que \u201ctendr\u00eda que renunciar ya\u201d"},"content":{"rendered":"<div class=\"post-content\">\n<p><strong>\u201cDeber\u00edamos estar pensando seriamente en un juicio pol\u00edtico\u201d<\/strong>, lanz\u00f3 la fueguina Cristina L\u00f3pez, quien consider\u00f3 que el presidente \u201cno est\u00e1 capacitado\u201d para su cargo.<\/p>\n<\/div>\n<div class=\"contenido-post\">\n<p>En un fuerte discurso contra\u00a0<strong>Javier Milei<\/strong>, la senadora de Uni\u00f3n por la Patria\u00a0<strong>Cristina L\u00f3pez<\/strong>\u00a0<strong>calific\u00f3 al presidente de \u201cenfermo mental\u201d y consider\u00f3 que \u201ctendr\u00eda que renunciar ya o deber\u00edamos estar pensando seriamente en un juicio pol\u00edtico\u201d.\u00a0<\/strong><\/p>\n<p>\u201cEl presidente influencer que tenemos se cree apocal\u00edptico y, entre otras barbaridades, un topo, ama ser un topo que odia al Estado y dice p\u00fablicamente que lo va a destruir desde adentro. Un topito que insulta y maltrata a todo pol\u00edtico y ciudadano que piense diferente. Es obvio que no est\u00e1 capacitado en t\u00e9rminos pol\u00edticos para seguir siendo jefe de Estado\u201d, lanz\u00f3.<\/p>\n<p>La legisladora arranc\u00f3 diciendo que \u201choy puede ser un gran d\u00eda o el d\u00eda m\u00e1s triste para el pueblo argentino\u201d y destac\u00f3 la movilizaci\u00f3n en las afueras del Congreso. Luego hizo un llamado a sus pares: \u201cNecesitamos trabajar urgente en un proyecto de ley para proteger al pueblo argentino de futuros presidentes como Milei, que considero que es un enfermo mental\u201d. \u201cPor definici\u00f3n se denomina a un enfermo mental como aquel que tiene un trastorno de la salud que afecta en el estado de \u00e1nimo, del pensamiento y del comportamiento de las personas\u201d, sigui\u00f3.<\/p>\n<p>En ese sentido, la opositora se\u00f1al\u00f3 que ese proyecto ser\u00eda \u201cpara que el que desee sentarse en el sill\u00f3n de Rivadavia u ocupar otro cargo y quiera dirigir al pueblo argentino sea apto psicol\u00f3gicamente, que es evidente que no es lo que est\u00e1 pasando\u201d.<\/p>\n<p><strong>\u201cSolamente un enfermo mental, manipulado por un grupito de c\u00f3mplices, caraduras, endeudadores seriales, mandan al Congreso una ley Bases y un paquete fiscal donde todo lo que est\u00e1 escrito es en contra del pueblo trabajador y los beneficiados son los grandes grupos empresarios\u201d<\/strong>, dispar\u00f3. Y pronostic\u00f3 que si se aprueban ambas leyes, \u201cla Argentina va a estar en miseria\u201d y \u201cel 80% va a ser pobre y el 20% millonarios\u201d.<\/p>\n<p>Muy dura, L\u00f3pez expres\u00f3 que \u201csolamente un enfermo mental sin sensibilidad social quita los subsidios a la Patagonia y m\u00e1s a\u00fan a Tierra del Fuego, sabiendo que es una zona fr\u00eda y la m\u00e1s austral del mundo\u201d. \u201cHay que ser cruel, despiadado y enfermo mental para festejar un d\u00e9ficit cero a costa del hambre y sufrimiento de la gente.\u00a0<strong>El d\u00e9ficit cero no lo est\u00e1 pagando la casta, como el presidente Milei promet\u00eda y ment\u00eda en campa\u00f1a<\/strong>\u201d, resalt\u00f3, para pedirle luego: \u201cSe\u00f1or presidente, no somos mierda, no nos trate como tal\u201d.<\/p>\n<p>La fueguina tambi\u00e9n carg\u00f3 contra diputados de la oposici\u00f3n dialoguista y mencion\u00f3 puntualmente a \u201c<strong>(Rodrigo) De Loredo, (Margarita) Stolbizer\u00a0<\/strong>y<strong>\u00a0(Juan Manuel) L\u00f3pez<\/strong>, funcionales a la crueldad de un Gobierno que le da placer dejar sin comida a su pueblo, les pido que dejen de meterse con Tierra del Fuego, su pueblo y econom\u00eda\u201d, en referencia al r\u00e9gimen impositivo especial de la provincia.<\/p>\n<p><strong>\u201c\u00bfEn serio le vamos a otorgar facultades extraordinarias a un odiador serial?\u201d<\/strong>, se pregunt\u00f3 y, en el final, le solicit\u00f3 a sus pares que \u201cno queden marcados en la historia argentina como traidores a la Patria\u201d.<\/p>\n<\/div>\n","protected":false},"excerpt":{"rendered":"<p>\u201cDeber\u00edamos estar pensando seriamente en un juicio pol\u00edtico\u201d, lanz\u00f3 la fueguina Cristina L\u00f3pez, quien consider\u00f3 que el presidente \u201cno est\u00e1 capacitado\u201d para su cargo. En un fuerte discurso contra\u00a0Javier Milei, la senadora de Uni\u00f3n por la Patria\u00a0Cristina L\u00f3pez\u00a0calific\u00f3 al presidente de \u201cenfermo mental\u201d y consider\u00f3 que \u201ctendr\u00eda que renunciar ya o deber\u00edamos estar pensando seriamente &hellip;<\/p>\n","protected":false},"author":2,"featured_media":3306,"comment_status":"open","ping_status":"open","sticky":false,"template":"","format":"standard","meta":{"footnotes":""},"categories":[33,25],"tags":[882],"class_list":["post-3305","post","type-post","status-publish","format-standard","has-post-thumbnail","hentry","category-nacionales","category-politica","tag-senadora-cristina-lopez"],"_links":{"self":[{"href":"https:\/\/cafeprensa.com.ar\/index.php\/wp-json\/wp\/v2\/posts\/3305","targetHints":{"allow":["GET"]}}],"collection":[{"href":"https:\/\/cafeprensa.com.ar\/index.php\/wp-json\/wp\/v2\/posts"}],"about":[{"href":"https:\/\/cafeprensa.com.ar\/index.php\/wp-json\/wp\/v2\/types\/post"}],"author":[{"embeddable":true,"href":"https:\/\/cafeprensa.com.ar\/index.php\/wp-json\/wp\/v2\/users\/2"}],"replies":[{"embeddable":true,"href":"https:\/\/cafeprensa.com.ar\/index.php\/wp-json\/wp\/v2\/comments?post=3305"}],"version-history":[{"count":1,"href":"https:\/\/cafeprensa.com.ar\/index.php\/wp-json\/wp\/v2\/posts\/3305\/revisions"}],"predecessor-version":[{"id":3307,"href":"https:\/\/cafeprensa.com.ar\/index.php\/wp-json\/wp\/v2\/posts\/3305\/revisions\/3307"}],"wp:featuredmedia":[{"embeddable":true,"href":"https:\/\/cafeprensa.com.ar\/index.php\/wp-json\/wp\/v2\/media\/3306"}],"wp:attachment":[{"href":"https:\/\/cafeprensa.com.ar\/index.php\/wp-json\/wp\/v2\/media?parent=3305"}],"wp:term":[{"taxonomy":"category","embeddable":true,"href":"https:\/\/cafeprensa.com.ar\/index.php\/wp-json\/wp\/v2\/categories?post=3305"},{"taxonomy":"post_tag","embeddable":true,"href":"https:\/\/cafeprensa.com.ar\/index.php\/wp-json\/wp\/v2\/tags?post=3305"}],"curies":[{"name":"wp","href":"https:\/\/api.w.org\/{rel}","templated":true}]}}