{"id":3322,"date":"2024-06-15T15:10:48","date_gmt":"2024-06-15T13:10:48","guid":{"rendered":"https:\/\/cafeprensa.com.ar\/?p=3322"},"modified":"2024-06-15T15:10:48","modified_gmt":"2024-06-15T13:10:48","slug":"franco-uber-es-ilegal-porque-existe-una-ordenanza-que-rige-el-transporte","status":"publish","type":"post","link":"https:\/\/cafeprensa.com.ar\/index.php\/2024\/06\/15\/franco-uber-es-ilegal-porque-existe-una-ordenanza-que-rige-el-transporte\/","title":{"rendered":"Franco: \u00abUBER es ilegal porque existe una ordenanza que rige el transporte\u00bb"},"content":{"rendered":"<p>El concejal capitalino <strong>Jos\u00e9 Mar\u00eda Franco<\/strong> en di\u00e1logo con Caf\u00e9 Prensa se refiri\u00f3 a la situaci\u00f3n ocurrida con los taxistas en relaci\u00f3n a UBER. Adem\u00e1s, explic\u00f3 por qu\u00e9 la aplicaci\u00f3n se considera ilegal a pesar de ser utilizada como una forma de trabajo en un contexto de crisis.<\/p>\n<p>Franco tambi\u00e9n detall\u00f3 la labor del Concejo Deliberante en relaci\u00f3n la intendencia capitalina. Como as\u00ed tambi\u00e9n, manifest\u00f3 su opini\u00f3n sobre el estacionamiento medido y la posibilidad de volver a implementarlo en la ciudad.<\/p>\n<p>Escucha la nota completa:<\/p>\n<audio class=\"wp-audio-shortcode\" id=\"audio-3322-1\" preload=\"none\" style=\"width: 100%;\" controls=\"controls\"><source type=\"audio\/mpeg\" src=\"https:\/\/cafeprensa.com.ar\/wp-content\/uploads\/2024\/06\/Jose-Maria-Franco-primera-pare.mp3?_=1\" \/><a href=\"https:\/\/cafeprensa.com.ar\/wp-content\/uploads\/2024\/06\/Jose-Maria-Franco-primera-pare.mp3\">https:\/\/cafeprensa.com.ar\/wp-content\/uploads\/2024\/06\/Jose-Maria-Franco-primera-pare.mp3<\/a><\/audio>\n<audio class=\"wp-audio-shortcode\" id=\"audio-3322-2\" preload=\"none\" style=\"width: 100%;\" controls=\"controls\"><source type=\"audio\/mpeg\" src=\"https:\/\/cafeprensa.com.ar\/wp-content\/uploads\/2024\/06\/15-06-jose-maria-franco-parte-2-Cafe-Prensa.mp3?_=2\" \/><a href=\"https:\/\/cafeprensa.com.ar\/wp-content\/uploads\/2024\/06\/15-06-jose-maria-franco-parte-2-Cafe-Prensa.mp3\">https:\/\/cafeprensa.com.ar\/wp-content\/uploads\/2024\/06\/15-06-jose-maria-franco-parte-2-Cafe-Prensa.mp3<\/a><\/audio>\n","protected":false},"excerpt":{"rendered":"<p>El concejal capitalino Jos\u00e9 Mar\u00eda Franco en di\u00e1logo con Caf\u00e9 Prensa se refiri\u00f3 a la situaci\u00f3n ocurrida con los taxistas en relaci\u00f3n a UBER. Adem\u00e1s, explic\u00f3 por qu\u00e9 la aplicaci\u00f3n se considera ilegal a pesar de ser utilizada como una forma de trabajo en un contexto de crisis. Franco tambi\u00e9n detall\u00f3 la labor del Concejo &hellip;<\/p>\n","protected":false},"author":2,"featured_media":3325,"comment_status":"open","ping_status":"open","sticky":false,"template":"","format":"standard","meta":{"footnotes":""},"categories":[34],"tags":[885,887,186,886,160,521],"class_list":["post-3322","post","type-post","status-publish","format-standard","has-post-thumbnail","hentry","category-locales","tag-jose-maria-franco","tag-ordenanzas","tag-rossana-chahla","tag-trasnporte","tag-tucuman","tag-uber"],"_links":{"self":[{"href":"https:\/\/cafeprensa.com.ar\/index.php\/wp-json\/wp\/v2\/posts\/3322","targetHints":{"allow":["GET"]}}],"collection":[{"href":"https:\/\/cafeprensa.com.ar\/index.php\/wp-json\/wp\/v2\/posts"}],"about":[{"href":"https:\/\/cafeprensa.com.ar\/index.php\/wp-json\/wp\/v2\/types\/post"}],"author":[{"embeddable":true,"href":"https:\/\/cafeprensa.com.ar\/index.php\/wp-json\/wp\/v2\/users\/2"}],"replies":[{"embeddable":true,"href":"https:\/\/cafeprensa.com.ar\/index.php\/wp-json\/wp\/v2\/comments?post=3322"}],"version-history":[{"count":1,"href":"https:\/\/cafeprensa.com.ar\/index.php\/wp-json\/wp\/v2\/posts\/3322\/revisions"}],"predecessor-version":[{"id":3328,"href":"https:\/\/cafeprensa.com.ar\/index.php\/wp-json\/wp\/v2\/posts\/3322\/revisions\/3328"}],"wp:featuredmedia":[{"embeddable":true,"href":"https:\/\/cafeprensa.com.ar\/index.php\/wp-json\/wp\/v2\/media\/3325"}],"wp:attachment":[{"href":"https:\/\/cafeprensa.com.ar\/index.php\/wp-json\/wp\/v2\/media?parent=3322"}],"wp:term":[{"taxonomy":"category","embeddable":true,"href":"https:\/\/cafeprensa.com.ar\/index.php\/wp-json\/wp\/v2\/categories?post=3322"},{"taxonomy":"post_tag","embeddable":true,"href":"https:\/\/cafeprensa.com.ar\/index.php\/wp-json\/wp\/v2\/tags?post=3322"}],"curies":[{"name":"wp","href":"https:\/\/api.w.org\/{rel}","templated":true}]}}