{"id":3335,"date":"2024-06-15T17:00:23","date_gmt":"2024-06-15T15:00:23","guid":{"rendered":"https:\/\/cafeprensa.com.ar\/?p=3335"},"modified":"2024-06-15T17:00:23","modified_gmt":"2024-06-15T15:00:23","slug":"ascarate-la-factura-de-energia-electrica-se-triplicara-a-partir-de-la-semana-que-viene","status":"publish","type":"post","link":"https:\/\/cafeprensa.com.ar\/index.php\/2024\/06\/15\/ascarate-la-factura-de-energia-electrica-se-triplicara-a-partir-de-la-semana-que-viene\/","title":{"rendered":"Asc\u00e1rate: \u00abLa factura de energ\u00eda el\u00e9ctrica se triplicar\u00e1 a partir de la semana que viene\u00bb"},"content":{"rendered":"<p>El interventor de ERSEPT <strong>Jos\u00e9 Ricardo Asc\u00e1rate<\/strong> en di\u00e1logo con Caf\u00e9 Prensa se refiri\u00f3 a sus primeros tres meses a cargo del organismo. Adem\u00e1s, anticip\u00f3 que presentar\u00e1 su informe de gesti\u00f3n de sus primeros tres meses a cargo.<\/p>\n<p>Tambi\u00e9n se refiri\u00f3 al aumento de la factura de la energ\u00eda el\u00e9ctrica y apel\u00f3 a la responsabilidad del consumo del usuario, ya que el consumo por kilowatt se actualizar\u00e1 triplicando su valor.<\/p>\n<p>Escucha la nota completa:<\/p>\n<audio class=\"wp-audio-shortcode\" id=\"audio-3335-1\" preload=\"none\" style=\"width: 100%;\" controls=\"controls\"><source type=\"audio\/mpeg\" src=\"https:\/\/cafeprensa.com.ar\/wp-content\/uploads\/2024\/06\/15-06-jose-ricardo-ascarate-parte-1-Cafe-Prensa.mp3?_=1\" \/><a href=\"https:\/\/cafeprensa.com.ar\/wp-content\/uploads\/2024\/06\/15-06-jose-ricardo-ascarate-parte-1-Cafe-Prensa.mp3\">https:\/\/cafeprensa.com.ar\/wp-content\/uploads\/2024\/06\/15-06-jose-ricardo-ascarate-parte-1-Cafe-Prensa.mp3<\/a><\/audio>\n<p>&nbsp;<\/p>\n<audio class=\"wp-audio-shortcode\" id=\"audio-3335-2\" preload=\"none\" style=\"width: 100%;\" controls=\"controls\"><source type=\"audio\/mpeg\" src=\"https:\/\/cafeprensa.com.ar\/wp-content\/uploads\/2024\/06\/15-06-jose-ricardo-ascarate-parte-2-Cafe-Prensa.mp3?_=2\" \/><a href=\"https:\/\/cafeprensa.com.ar\/wp-content\/uploads\/2024\/06\/15-06-jose-ricardo-ascarate-parte-2-Cafe-Prensa.mp3\">https:\/\/cafeprensa.com.ar\/wp-content\/uploads\/2024\/06\/15-06-jose-ricardo-ascarate-parte-2-Cafe-Prensa.mp3<\/a><\/audio>\n","protected":false},"excerpt":{"rendered":"<p>El interventor de ERSEPT Jos\u00e9 Ricardo Asc\u00e1rate en di\u00e1logo con Caf\u00e9 Prensa se refiri\u00f3 a sus primeros tres meses a cargo del organismo. Adem\u00e1s, anticip\u00f3 que presentar\u00e1 su informe de gesti\u00f3n de sus primeros tres meses a cargo. Tambi\u00e9n se refiri\u00f3 al aumento de la factura de la energ\u00eda el\u00e9ctrica y apel\u00f3 a la responsabilidad &hellip;<\/p>\n","protected":false},"author":2,"featured_media":3336,"comment_status":"open","ping_status":"open","sticky":false,"template":"","format":"standard","meta":{"footnotes":""},"categories":[34],"tags":[889,343,890,151,792],"class_list":["post-3335","post","type-post","status-publish","format-standard","has-post-thumbnail","hentry","category-locales","tag-energia-electrica","tag-ersept","tag-factura-de-la-luz","tag-gas","tag-jose-ricardo-ascarate"],"_links":{"self":[{"href":"https:\/\/cafeprensa.com.ar\/index.php\/wp-json\/wp\/v2\/posts\/3335","targetHints":{"allow":["GET"]}}],"collection":[{"href":"https:\/\/cafeprensa.com.ar\/index.php\/wp-json\/wp\/v2\/posts"}],"about":[{"href":"https:\/\/cafeprensa.com.ar\/index.php\/wp-json\/wp\/v2\/types\/post"}],"author":[{"embeddable":true,"href":"https:\/\/cafeprensa.com.ar\/index.php\/wp-json\/wp\/v2\/users\/2"}],"replies":[{"embeddable":true,"href":"https:\/\/cafeprensa.com.ar\/index.php\/wp-json\/wp\/v2\/comments?post=3335"}],"version-history":[{"count":1,"href":"https:\/\/cafeprensa.com.ar\/index.php\/wp-json\/wp\/v2\/posts\/3335\/revisions"}],"predecessor-version":[{"id":3339,"href":"https:\/\/cafeprensa.com.ar\/index.php\/wp-json\/wp\/v2\/posts\/3335\/revisions\/3339"}],"wp:featuredmedia":[{"embeddable":true,"href":"https:\/\/cafeprensa.com.ar\/index.php\/wp-json\/wp\/v2\/media\/3336"}],"wp:attachment":[{"href":"https:\/\/cafeprensa.com.ar\/index.php\/wp-json\/wp\/v2\/media?parent=3335"}],"wp:term":[{"taxonomy":"category","embeddable":true,"href":"https:\/\/cafeprensa.com.ar\/index.php\/wp-json\/wp\/v2\/categories?post=3335"},{"taxonomy":"post_tag","embeddable":true,"href":"https:\/\/cafeprensa.com.ar\/index.php\/wp-json\/wp\/v2\/tags?post=3335"}],"curies":[{"name":"wp","href":"https:\/\/api.w.org\/{rel}","templated":true}]}}