{"id":3346,"date":"2024-06-22T20:30:33","date_gmt":"2024-06-22T18:30:33","guid":{"rendered":"https:\/\/cafeprensa.com.ar\/?p=3346"},"modified":"2024-06-22T20:30:33","modified_gmt":"2024-06-22T18:30:33","slug":"casacion-pidio-que-se-acelere-el-juicio-contra-cristina-kirchner","status":"publish","type":"post","link":"https:\/\/cafeprensa.com.ar\/index.php\/2024\/06\/22\/casacion-pidio-que-se-acelere-el-juicio-contra-cristina-kirchner\/","title":{"rendered":"Casaci\u00f3n pidi\u00f3 que se acelere el juicio contra Cristina Kirchner"},"content":{"rendered":"<div class=\"the-post-header s-head-modern s-head-modern-a has-share-meta-right\">\n<div class=\"post-meta post-meta-a post-meta-left post-meta-single has-below\">\n<p class=\"is-title post-title\"><strong>Causa Cuadernos:\u00a0<\/strong><\/p>\n<\/div>\n<\/div>\n<div class=\"the-post s-post-modern\">\n<article id=\"post-65152\" class=\"post-65152 post type-post status-publish format-standard has-post-thumbnail category-nacionales category-destacada-2 tag-causa-cuadernos-de-la-corrupcion tag-cristina-fernandez-de-kirchner tag-fiscal-fabiana-leon tag-julio-de-vido\">\n<div class=\"post-content-wrap has-share-float\">\n<div class=\"post-content cf entry-content content-spacious\">\n<p><strong><em>La C\u00e1mara advirti\u00f3 que debe darse celeridad al proceso que investiga otro caso de corrupci\u00f3n, durante la gesti\u00f3n Kirchnerista.<\/em><\/strong><\/p>\n<div class=\"wp-block-image\">\n<figure class=\"aligncenter size-large\"><a href=\"https:\/\/elfederalnoticias.com.ar\/wp-content\/uploads\/2024\/06\/image-87.png\"><img loading=\"lazy\" decoding=\"async\" class=\"wp-image-65156\" src=\"https:\/\/elfederalnoticias.com.ar\/wp-content\/uploads\/2024\/06\/image-87-1024x576.png\" sizes=\"auto, (max-width: 1024px) 100vw, 1024px\" srcset=\"https:\/\/elfederalnoticias.com.ar\/wp-content\/uploads\/2024\/06\/image-87-1024x576.png 1024w, https:\/\/elfederalnoticias.com.ar\/wp-content\/uploads\/2024\/06\/image-87-300x169.png 300w, https:\/\/elfederalnoticias.com.ar\/wp-content\/uploads\/2024\/06\/image-87-768x432.png 768w, https:\/\/elfederalnoticias.com.ar\/wp-content\/uploads\/2024\/06\/image-87-150x84.png 150w, https:\/\/elfederalnoticias.com.ar\/wp-content\/uploads\/2024\/06\/image-87-450x253.png 450w, https:\/\/elfederalnoticias.com.ar\/wp-content\/uploads\/2024\/06\/image-87.png 1200w\" alt=\"\" width=\"1024\" height=\"576\" \/><\/a><figcaption class=\"wp-element-caption\">La fiscal pidi\u00f3 celeridad en la causa, para concretar el juicio oral.<\/figcaption><\/figure>\n<\/div>\n<p>En el \u00faltimo d\u00eda h\u00e1bil de la semana, la causa conocida como \u201c<strong>Cuadernos de la Corrupci\u00f3n<\/strong>\u201d que involucra a la ex-vicepresidente\u00a0<strong>Cristina Fern\u00e1ndez de Kirchner<\/strong>, tuvo novedades. Los acusados ya deber\u00edan haber llegado a juicio oral, pero por las dilaciones de la Justicia a\u00fan no se resolvi\u00f3 el proceso.<\/p>\n<p>La fiscal\u00a0<strong>Fabiana Le\u00f3n<\/strong>, hizo un pedido por \u201c<strong>retardo de la justicia<\/strong>\u201d en la causa por corrupci\u00f3n. A lo que los camaristas\u00a0<strong>Daniel Petrone\u00a0<\/strong>y<strong>\u00a0Diego Barroetave\u00f1a<\/strong>, rechazaron, pero advirtieron que el proceso<strong>\u00a0\u201cno admite dilaciones\u201d\u00a0<\/strong>y por eso deben acelerar.<\/p>\n<p>Los magistrados indicaron en su fallo: \u201cDe momento no se advierte que la demora en proveer la prueba ofrecida por las partes, y denunciada por la fiscal de juicio,\u00a0<strong>configure un caso de retardo de justicia<\/strong>\u201d.<\/p>\n<p class=\"has-large-font-size\"><mark class=\"has-inline-color has-vivid-red-color\">A lo que agregaron:<strong>\u00a0\u201cSin perjuicio de lo expuesto y en abono de lo manifestado por la doctora\u00a0Fabiana Le\u00f3n,\u00a0entendemos que el tr\u00e1mite procesal en estas actuaciones no admite dilaciones y debe intensificarse a fin de cumplimentar todos los actos procesales reclamados por la nombrada y pendientes de producci\u00f3n\u201d<\/strong>.<\/mark><\/p>\n<p>El malestar de Le\u00f3n es contra los jueces\u00a0<strong>Germ\u00e1n Castelli, Enrique M\u00e9ndez Signori\u00a0<\/strong>y<strong>\u00a0Fernando Canero<\/strong>, que tienen el caso desde\u00a0hace\u00a0<strong>cuatro a\u00f1os y cinco meses<\/strong>, sin que avancen en fijar fecha para el juicio oral, ni en decidir la admisibilidad de las medidas de prueba contra la ex-mandataria y los otros\u00a0<strong>160 acusados<\/strong>.<\/p>\n<p>La causa imputa a la condenada Cristina Kirchner como\u00a0<strong>jefa de una asociaci\u00f3n il\u00edcita<\/strong>, despu\u00e9s de la presentaci\u00f3n de pruebas por parte de\u00a0<strong>Oscar Centeno<\/strong>, un chofer del\u00a0<strong>Ministerio de Planificaci\u00f3n<\/strong>\u00a0(manejado por Julio De Vido), que anot\u00f3 en cuadernos los viajes que hac\u00eda con funcionarios kirchneristas para retirar sobornos pagados por empresarios.<strong>\u00a0Funcionarios \u201carrepentidos\u201d admitieron los cobros y los empresarios reconocieron los pagos ante la Justicia<\/strong>.<\/p>\n<\/div>\n<\/div>\n<\/article>\n<\/div>\n","protected":false},"excerpt":{"rendered":"<p>Causa Cuadernos:\u00a0 La C\u00e1mara advirti\u00f3 que debe darse celeridad al proceso que investiga otro caso de corrupci\u00f3n, durante la gesti\u00f3n Kirchnerista. La fiscal pidi\u00f3 celeridad en la causa, para concretar el juicio oral. En el \u00faltimo d\u00eda h\u00e1bil de la semana, la causa conocida como \u201cCuadernos de la Corrupci\u00f3n\u201d que involucra a la ex-vicepresidente\u00a0Cristina Fern\u00e1ndez &hellip;<\/p>\n","protected":false},"author":2,"featured_media":3347,"comment_status":"open","ping_status":"open","sticky":false,"template":"","format":"standard","meta":{"footnotes":""},"categories":[47,33],"tags":[122,893,894],"class_list":["post-3346","post","type-post","status-publish","format-standard","has-post-thumbnail","hentry","category-justicia","category-nacionales","tag-cristina","tag-cuadernos","tag-juicios"],"_links":{"self":[{"href":"https:\/\/cafeprensa.com.ar\/index.php\/wp-json\/wp\/v2\/posts\/3346","targetHints":{"allow":["GET"]}}],"collection":[{"href":"https:\/\/cafeprensa.com.ar\/index.php\/wp-json\/wp\/v2\/posts"}],"about":[{"href":"https:\/\/cafeprensa.com.ar\/index.php\/wp-json\/wp\/v2\/types\/post"}],"author":[{"embeddable":true,"href":"https:\/\/cafeprensa.com.ar\/index.php\/wp-json\/wp\/v2\/users\/2"}],"replies":[{"embeddable":true,"href":"https:\/\/cafeprensa.com.ar\/index.php\/wp-json\/wp\/v2\/comments?post=3346"}],"version-history":[{"count":1,"href":"https:\/\/cafeprensa.com.ar\/index.php\/wp-json\/wp\/v2\/posts\/3346\/revisions"}],"predecessor-version":[{"id":3348,"href":"https:\/\/cafeprensa.com.ar\/index.php\/wp-json\/wp\/v2\/posts\/3346\/revisions\/3348"}],"wp:featuredmedia":[{"embeddable":true,"href":"https:\/\/cafeprensa.com.ar\/index.php\/wp-json\/wp\/v2\/media\/3347"}],"wp:attachment":[{"href":"https:\/\/cafeprensa.com.ar\/index.php\/wp-json\/wp\/v2\/media?parent=3346"}],"wp:term":[{"taxonomy":"category","embeddable":true,"href":"https:\/\/cafeprensa.com.ar\/index.php\/wp-json\/wp\/v2\/categories?post=3346"},{"taxonomy":"post_tag","embeddable":true,"href":"https:\/\/cafeprensa.com.ar\/index.php\/wp-json\/wp\/v2\/tags?post=3346"}],"curies":[{"name":"wp","href":"https:\/\/api.w.org\/{rel}","templated":true}]}}