{"id":3349,"date":"2024-06-22T20:35:38","date_gmt":"2024-06-22T18:35:38","guid":{"rendered":"https:\/\/cafeprensa.com.ar\/?p=3349"},"modified":"2024-06-22T20:35:38","modified_gmt":"2024-06-22T18:35:38","slug":"la-campora-aumenta-las-criticas-sobre-kicillof","status":"publish","type":"post","link":"https:\/\/cafeprensa.com.ar\/index.php\/2024\/06\/22\/la-campora-aumenta-las-criticas-sobre-kicillof\/","title":{"rendered":"La C\u00e1mpora aumenta las cr\u00edticas sobre Kicillof"},"content":{"rendered":"<div class=\"pull-left col-md-6 fotos-containers\">La agrupaci\u00f3n liderada por M\u00e1ximo Kirchner apunta al Gobernador porque creen que avala el accionar del intendente de Avellaneda.<\/div>\n<p><b>Para esta \u00e9poca del a\u00f1o, la situaci\u00f3n interna del partido pol\u00edtico kirchnerista se caracteriza por un sube y baja. Un d\u00eda aumenta, otro disminuye. Un d\u00eda llega la tranquilidad; un d\u00eda, se llena de ira. Parece que est\u00e1 ordenada un d\u00eda. Cualquier estrategia posible para reconstruir la fuerza pol\u00edtica se ve afectada por la anarqu\u00eda del conflicto otro d\u00eda. La mayor\u00eda de la conversaci\u00f3n se centra en la provincia de Buenos Aires, pero no es la \u00fanica. La discusi\u00f3n comienza a extenderse por todas las provincias.<\/b><\/p>\n<p>En la actualidad, la discusi\u00f3n m\u00e1s complicada se lleva a cabo en la regi\u00f3n bonaerense. La confrontaci\u00f3n entre Mayra Mendoza (intendente de Quilmes) y Jorge Ferraresi (intendente de Avellaneda) increment\u00f3 las acusaciones mutuas y la falta de confianza entre La C\u00e1mpora y Axel Kicillof. Cada vez hay m\u00e1s descontento y se acerca la posibilidad de que el peronismo sufra una divisi\u00f3n en Buenos Aires.<\/p>\n<p>Ferraresi llev\u00f3 a cabo una reuni\u00f3n en Quilmes el lunes sin invitar a Mendoza. A pesar de cualquier cr\u00edtica que haya afectado su discurso, ese \u00fanico gesto provoc\u00f3 la enojo de la l\u00edder camporista. Muchos intendentes del conurbano, quienes no pertenecen a La C\u00e1mpora ni al armado de Kicillof, argumentan que la intendenta quilme\u00f1a se enoj\u00f3 porque comprenden que viol\u00f3 un principio fundamental de la pol\u00edtica territorial.<\/p>\n<p>\u201cParece que Jorge est\u00e1 trabajando para que el peronismo pierda en los distritos que visita. Divide y confronta. Lo que no entiende es que si el espacio pierde en la provincia de Buenos Aires, no existe la posibilidad de que Axel pueda ganar una elecci\u00f3n presidencial en el 2027?, analiz\u00f3 un importante dirigente de La C\u00e1mpora.<\/p>\n<p>En la organizaci\u00f3n que conduce M\u00e1ximo Kirchner est\u00e1n convencidos que si Ferraresi sigue en la misma actitud, \u201cser\u00e1 el responsable de que el peronismo pierda la pr\u00f3xima elecci\u00f3n\u201d.<\/p>\n<p>Aumentan la presi\u00f3n de la culpa, le endilgan la posibilidad de que el peronismo se rompa en el distrito electoral m\u00e1s importante del pa\u00eds y le cargan un posible fracaso del peronismo de la provincia de Buenos Aires en los pr\u00f3ximos comicios.<\/p>\n<p>El objetivo del camporismo es Kicillof, ya que creen que el Gobernador respalda las acciones de Ferraresi y otros l\u00edderes cr\u00edticos de la agrupaci\u00f3n, como Andr\u00e9s \u00abCuervo\u00bb Larroque.\u201cAxel tiene responsabilidad pol\u00edtica en lo que est\u00e1 pasando. \u00bfNo le va a decir nada a Ferraresi, que habla en nombre de \u00e9l?\u201d sostienen en la agrupaci\u00f3n ultra K. Con el paso de los d\u00edas, la animosidad hacia el gobernador aumenta, adem\u00e1s de las dudas.<\/p>\n<p>En La Plata no comprenden las acusaciones hechas por los camporistas. Seg\u00fan ellos, en caso de que Mayra Mendoza tenga una disputa con Ferraresi debido a su actuaci\u00f3n en el territorio, no es necesario que acuse al gobernador. Asumen que es necesario hacer un llamado para aliviar las tensiones y lograr una tregua para evitar que la sangre llegue al r\u00edo. Kicillof no act\u00faa como intermediario. No est\u00e1 dispuesto a hacerlo y no cree que sea necesario.<\/p>\n<p>\u201cEsto se resuelve con elecciones. \u00bfDe d\u00f3nde sali\u00f3 que no se puede ir a otro municipio. Hay compa\u00f1eros a los que no est\u00e1n abrazando\u201d, se sinceraron en el entorno de Ferraresi. El intendente de Avellaneda est\u00e1 convencido de que en las pr\u00f3ximas elecciones, un grupo del peronismo bonaerense y La C\u00e1mpora tendr\u00e1n que buscar caminos distintos. Por lo tanto, anticipa una divisi\u00f3n del peronismo. Adem\u00e1s, reconoce que existen grupos militantes en el espacio pol\u00edtico que deben ser contenidos, mientras que el camporismo no lo hace.<\/p>\n<p>Ferraresi es acusado por la organizaci\u00f3n ultra K como el principal responsable de esa posible fractura. En Avellaneda, luchan con fuerza. \u00abVivimos perdiendo elecciones. Y ellos no abrazan a muchos compa\u00f1eros que Jorge puede abrazar\u00bb, indicaron desde el municipio ubicado en el sur del conurbano bonaerense. \u201cSi est\u00e1n enojados es porque algo bien estamos haciendo\u201d, sostuvieron en el entorno del intendente, que no se arrepiente de su acci\u00f3n y considera que se necesita una discusi\u00f3n intensa con el radicalismo kirchnerista.<\/p>\n<p>Aunque eso implique un aumento de la tensi\u00f3n, es el momento de hacerlo. La negociaci\u00f3n es imposible. Sus seguidores insisten en que la soluci\u00f3n es tomar una decisi\u00f3n. Ordenarse despu\u00e9s de competir. No hay ning\u00fan gesto ni solicitud de una tregua.<\/p>\n<p>Nadie se corre de su lugar. Kicillof no ordena la confrontaci\u00f3n. Cristina Kirchner, tampoco. \u201cDejen de pedirle a Cristina que ordene todo\u201d, aseguran en el Instituto Patria. El clima est\u00e1 caldeado y existe una suerte de anarqu\u00eda interna que da lugar a una escalada de tensi\u00f3n permanente. Ning\u00fan liderazgo es tan influyente y tan respetado como para calmar las cr\u00edticas y alinear las diferencias. Entonces, la discusi\u00f3n se expande y se multiplica.<\/p>\n<p>En La C\u00e1mpora molesta la postura de la gobernaci\u00f3n bonaerense. \u201cEllos viven diciendo que no es tema lo que pasa con la interna y que se dedican a gestionar. \u00bfY nosotros qu\u00e9 se piensan que hacemos? \u00bfQu\u00e9 no gestionamos? Nos quieren dejar expuestos. Es todo el tiempo as\u00ed\u201d, asegur\u00f3 un funcionario camporista. En la agrupaci\u00f3n ya no filtran los cuestionamientos a Kicillof. Ya no contienen el malestar que los atraviesa desde el a\u00f1o pasado.<\/p>\n<p>\u201cFerraresi tiene que aceptar p\u00fablicamente que su conducci\u00f3n pol\u00edtica no es la de Cristina. Que lo diga de una vez. Porque est\u00e1 haciendo todo para que el peronismo termine fracturado y compita por separado el a\u00f1o que viene\u201d, indic\u00f3 un dirigente de peso en la estructura camporista. El enojo ya no se disimula. Tampoco hay un freno en la acusaciones. La molestia escal\u00f3 a un nivel en el que nadie tiene en claro c\u00f3mo va seguir la discusi\u00f3n interna.<\/p>\n<p>La pelea entre Axel Kicillof y M\u00e1ximo Kirchner hab\u00eda bajado el tono en las \u00faltimas semanas. CFK habl\u00f3 con los dos y se abri\u00f3 una tregua l\u00f3gica para calmar la batalla diaria. Sin embargo, esta vez el conflicto se gener\u00f3 por una v\u00eda alternativa en la discusi\u00f3n entre la estructura del gobernador bonaerense y el camporismo. \u201cNo hace falta que llame Cristina. Esto se resuelve con elecciones\u201d, sostienen en el c\u00edrculo chico de Ferraresi. La posici\u00f3n pol\u00edtica parece estar firme.<\/p>\n<p>El kirchnerismo entr\u00f3 en una etapa de discusiones permanentes que nadie puede ordenar. O, al menos, que nadie tiene la voluntad de ordenar. El espacio pol\u00edtico est\u00e1 lejos de cumplir con el verticalismo que lo identifica. Las discusiones son cada vez m\u00e1s horizontales y frecuentes. Ya no hay una sola palabra ni una orden que no se pueda cuestionar. En este tiempo, todos parecen tener un ancho de basto entre sus cartas. Y, al mismo tiempo, nadie amenaza con tener un ancho de espada. \/<a href=\"https:\/\/www.infobae.com\/politica\/2024\/06\/22\/amenaza-de-fractura-en-el-kirchnerismo-la-campora-aumenta-las-criticas-sobre-kicillof-y-apunta-contra-ferraresi\/\">Infobae<\/a><\/p>\n","protected":false},"excerpt":{"rendered":"<p>La agrupaci\u00f3n liderada por M\u00e1ximo Kirchner apunta al Gobernador porque creen que avala el accionar del intendente de Avellaneda. Para esta \u00e9poca del a\u00f1o, la situaci\u00f3n interna del partido pol\u00edtico kirchnerista se caracteriza por un sube y baja. Un d\u00eda aumenta, otro disminuye. Un d\u00eda llega la tranquilidad; un d\u00eda, se llena de ira. Parece &hellip;<\/p>\n","protected":false},"author":2,"featured_media":3350,"comment_status":"open","ping_status":"open","sticky":false,"template":"","format":"standard","meta":{"footnotes":""},"categories":[33,25],"tags":[639,895,121],"class_list":["post-3349","post","type-post","status-publish","format-standard","has-post-thumbnail","hentry","category-nacionales","category-politica","tag-la-campora","tag-maximo-y-kicillof","tag-pj"],"_links":{"self":[{"href":"https:\/\/cafeprensa.com.ar\/index.php\/wp-json\/wp\/v2\/posts\/3349","targetHints":{"allow":["GET"]}}],"collection":[{"href":"https:\/\/cafeprensa.com.ar\/index.php\/wp-json\/wp\/v2\/posts"}],"about":[{"href":"https:\/\/cafeprensa.com.ar\/index.php\/wp-json\/wp\/v2\/types\/post"}],"author":[{"embeddable":true,"href":"https:\/\/cafeprensa.com.ar\/index.php\/wp-json\/wp\/v2\/users\/2"}],"replies":[{"embeddable":true,"href":"https:\/\/cafeprensa.com.ar\/index.php\/wp-json\/wp\/v2\/comments?post=3349"}],"version-history":[{"count":2,"href":"https:\/\/cafeprensa.com.ar\/index.php\/wp-json\/wp\/v2\/posts\/3349\/revisions"}],"predecessor-version":[{"id":3352,"href":"https:\/\/cafeprensa.com.ar\/index.php\/wp-json\/wp\/v2\/posts\/3349\/revisions\/3352"}],"wp:featuredmedia":[{"embeddable":true,"href":"https:\/\/cafeprensa.com.ar\/index.php\/wp-json\/wp\/v2\/media\/3350"}],"wp:attachment":[{"href":"https:\/\/cafeprensa.com.ar\/index.php\/wp-json\/wp\/v2\/media?parent=3349"}],"wp:term":[{"taxonomy":"category","embeddable":true,"href":"https:\/\/cafeprensa.com.ar\/index.php\/wp-json\/wp\/v2\/categories?post=3349"},{"taxonomy":"post_tag","embeddable":true,"href":"https:\/\/cafeprensa.com.ar\/index.php\/wp-json\/wp\/v2\/tags?post=3349"}],"curies":[{"name":"wp","href":"https:\/\/api.w.org\/{rel}","templated":true}]}}