{"id":3353,"date":"2024-06-24T20:35:00","date_gmt":"2024-06-24T18:35:00","guid":{"rendered":"https:\/\/cafeprensa.com.ar\/?p=3353"},"modified":"2024-06-24T20:35:00","modified_gmt":"2024-06-24T18:35:00","slug":"comenzo-el-juicio-a-capitanich-y-anibal-fernandez-en-el-banquillo","status":"publish","type":"post","link":"https:\/\/cafeprensa.com.ar\/index.php\/2024\/06\/24\/comenzo-el-juicio-a-capitanich-y-anibal-fernandez-en-el-banquillo\/","title":{"rendered":"Comenz\u00f3 el juicio, a Capitanich y An\u00edbal Fern\u00e1ndez en el \u00abbanquillo\u00bb"},"content":{"rendered":"<div class=\"the-post-header s-head-modern s-head-modern-a has-share-meta-right\">\n<div class=\"post-meta post-meta-a post-meta-left post-meta-single has-below\">\n<p class=\"is-title post-title\"><strong>Causa F\u00fatbol para Todos:\u00a0<\/strong><\/p>\n<div class=\"meta-below-has-right\">\n<p class=\"post-share post-share-b spc-social-colors  post-share-b3 post-share-b-circles post-share-b3-circles\"><strong><em>Los jueces Bas\u00edlico, Michilini y Gr\u00fcnberg est\u00e1n a cargo del proceso, que investiga irregularidades en la administraci\u00f3n de fondos del Estado. <\/em><\/strong>\u00a0En la ma\u00f1ana de hoy el <strong>Tribunal Oral en lo Criminal Federal N\u00b0 1<\/strong>\u00a0dio comienzo al\u00a0juicio\u00a0por\u00a0irregularidades\u00a0del\u00a0programa\u00a0<strong>\u00abF\u00fatbol para Todos\u00bb<\/strong>,\u00a0que en 2009 lanz\u00f3 el Gobierno de\u00a0<strong>Cristina Fern\u00e1ndez de Kirchner<\/strong>,<strong>\u00a0<\/strong>para la televisaci\u00f3n p\u00fablica de los partidos del f\u00fatbol argentino.<\/p>\n<\/div>\n<\/div>\n<\/div>\n<div class=\"the-post s-post-modern\">\n<article id=\"post-65209\" class=\"post-65209 post type-post status-publish format-standard has-post-thumbnail category-nacionales category-destacada-1 tag-anibal-fernandez tag-causa-futbol-para-todos tag-corrupcion-k tag-futbol-para-todos tag-jorge-capitanich\">\n<div class=\"post-content-wrap has-share-float\">\n<div class=\"post-content cf entry-content content-spacious\">\n<p class=\"has-large-font-size\"><mark class=\"has-inline-color has-vivid-red-color\">Est\u00e1n acusados\u00a0los ex-jefes de Gabinete\u00a0<strong>An\u00edbal Fern\u00e1ndez<\/strong>\u00a0y\u00a0<strong>Jorge Capitanich<\/strong>, el ex-vicegobernador bonaerense\u00a0<strong>Gabriel Mariotto<\/strong>\u00a0y dirigentes de la\u00a0<strong>Asociaci\u00f3n del F\u00fatbol Argentino<\/strong>\u00a0(AFA), entre otros. La Justicia intenta determinar si hubo un manejo corrupto de los fondos del Estado, en ese programa.<\/mark><\/p>\n<p>Recordamos que\u00a0<strong>\u00abF\u00fatbol para Todos<\/strong>\u00bb fue presentado por\u00a0<strong>Diego Armando Maradona<\/strong>, el entonces titular de la\u00a0<strong>AFA<\/strong>,\u00a0<strong>Julio Grondona<\/strong>\u00a0y la ex-presidente Cristina Fern\u00e1ndez entre otros funcionarios.<\/p>\n<p>El objetivo, seg\u00fan hab\u00eda expresado la ex-mandataria por aquel entonces era\u00a0<strong>\u00abdemocratizar\u00bb\u00a0<\/strong>el deporte. Por eso, la Jefatura de Gabinete firm\u00f3 un contrato asociativo con la AFA a trav\u00e9s del que se le ced\u00eda al gobierno la comercializaci\u00f3n de los derechos televisivos de los partidos, por lo que verlos pasar\u00eda a ser gratuito y abierto para todo el pa\u00eds. Adem\u00e1s, los clubes recibir\u00edan un subsidio para poner sus n\u00fameros al d\u00eda y se generar\u00edan fondos para financiar el deporte ol\u00edmpico y mejorar la seguridad en los estadios.<\/p>\n<p>En febrero de 2010, cinco meses despu\u00e9s del lanzamiento, el Gobierno resolvi\u00f3 emitir publicidad oficial en los partidos televisado. Esto impact\u00f3 de lleno en el financiamiento del programa. Un informe de la\u00a0<strong>Auditor\u00eda General de la Naci\u00f3n<\/strong>, que integra la causa, se\u00f1al\u00f3:\u00a0<strong>\u00ab<\/strong>En pocos meses las promesas de \u2018gratuidad\u2019 y los \u2018excedentes\u2019 ya eran una irrealidad. Al final,\u00a0el programa demand\u00f3 del erario p\u00fablico unos<strong>\u00a0$8.596 millones,<\/strong>\u00a0casi\u00a0<strong>U$S 1.184 millones en valores constantes\u201d.<\/strong><\/p>\n<p>En el a\u00f1o 2014, la legisladora\u00a0<strong>Graciela Oca\u00f1a<\/strong>\u00a0hizo una denuncia por irregularidades a trav\u00e9s de la que se pidi\u00f3 investigar la administraci\u00f3n de los fondos y el destino de los cheques que cobraban los clubes por parte de AFA. Finalmente la jueza<strong>\u00a0Mar\u00eda Servini\u00a0<\/strong>resolvi\u00f3 la elevaci\u00f3n del caso a juicio.<\/p>\n<figure class=\"wp-block-embed aligncenter is-type-rich is-provider-twitter wp-block-embed-twitter\">\n<div class=\"wp-block-embed__wrapper\">\n<div class=\"twitter-tweet twitter-tweet-rendered\"><iframe id=\"twitter-widget-0\" class=\"\" title=\"X Post\" src=\"https:\/\/platform.twitter.com\/embed\/Tweet.html?creatorScreenName=EFnoticiasok&amp;dnt=true&amp;embedId=twitter-widget-0&amp;features=eyJ0ZndfdGltZWxpbmVfbGlzdCI6eyJidWNrZXQiOltdLCJ2ZXJzaW9uIjpudWxsfSwidGZ3X2ZvbGxvd2VyX2NvdW50X3N1bnNldCI6eyJidWNrZXQiOnRydWUsInZlcnNpb24iOm51bGx9LCJ0ZndfdHdlZXRfZWRpdF9iYWNrZW5kIjp7ImJ1Y2tldCI6Im9uIiwidmVyc2lvbiI6bnVsbH0sInRmd19yZWZzcmNfc2Vzc2lvbiI6eyJidWNrZXQiOiJvbiIsInZlcnNpb24iOm51bGx9LCJ0ZndfZm9zbnJfc29mdF9pbnRlcnZlbnRpb25zX2VuYWJsZWQiOnsiYnVja2V0Ijoib24iLCJ2ZXJzaW9uIjpudWxsfSwidGZ3X21peGVkX21lZGlhXzE1ODk3Ijp7ImJ1Y2tldCI6InRyZWF0bWVudCIsInZlcnNpb24iOm51bGx9LCJ0ZndfZXhwZXJpbWVudHNfY29va2llX2V4cGlyYXRpb24iOnsiYnVja2V0IjoxMjA5NjAwLCJ2ZXJzaW9uIjpudWxsfSwidGZ3X3Nob3dfYmlyZHdhdGNoX3Bpdm90c19lbmFibGVkIjp7ImJ1Y2tldCI6Im9uIiwidmVyc2lvbiI6bnVsbH0sInRmd19kdXBsaWNhdGVfc2NyaWJlc190b19zZXR0aW5ncyI6eyJidWNrZXQiOiJvbiIsInZlcnNpb24iOm51bGx9LCJ0ZndfdXNlX3Byb2ZpbGVfaW1hZ2Vfc2hhcGVfZW5hYmxlZCI6eyJidWNrZXQiOiJvbiIsInZlcnNpb24iOm51bGx9LCJ0ZndfdmlkZW9faGxzX2R5bmFtaWNfbWFuaWZlc3RzXzE1MDgyIjp7ImJ1Y2tldCI6InRydWVfYml0cmF0ZSIsInZlcnNpb24iOm51bGx9LCJ0ZndfbGVnYWN5X3RpbWVsaW5lX3N1bnNldCI6eyJidWNrZXQiOnRydWUsInZlcnNpb24iOm51bGx9LCJ0ZndfdHdlZXRfZWRpdF9mcm9udGVuZCI6eyJidWNrZXQiOiJvbiIsInZlcnNpb24iOm51bGx9fQ%3D%3D&amp;frame=false&amp;hideCard=false&amp;hideThread=false&amp;id=1805240528138629533&amp;lang=es&amp;origin=https%3A%2F%2Felfederalnoticias.com.ar%2Fcausa-futbol-para-todos-comenzo-el-juicio-con-anibal-fernandez-y-capitanich-en-el-banquillo%2F&amp;sessionId=038e79ef802184201e01bae6a49fe67e1005e3e5&amp;siteScreenName=EFnoticiasok&amp;theme=light&amp;widgetsVersion=2615f7e52b7e0%3A1702314776716&amp;width=550px\" frameborder=\"0\" scrolling=\"no\" allowfullscreen=\"allowfullscreen\" data-tweet-id=\"1805240528138629533\" data-mce-fragment=\"1\"><\/iframe><\/div>\n<\/div>\n<\/figure>\n<p>Tambi\u00e9n ser\u00e1n juzgados:\u00a0<strong>Miguel \u00c1ngel Silva<\/strong>, Secretario General del FPT;\u00a0<strong>Rub\u00e9n Manuel Raposo<\/strong>,\u00a0ex-dirigente de\u00a0<strong>Lan\u00fas<\/strong>; los ex-dirigentes de la AFA\u00a0<strong>Norberto Francisco Monteleone, Carlos Alberto Pandolfi\u00a0<\/strong>y\u00a0<strong>Ra\u00fal Pagano;\u00a0Sergio Ra\u00fal Marchi<\/strong>, de\u00a0<strong>Futbolistas Argentinos Agremiados<\/strong>;\u00a0<strong>Natale Antonio Rigano,<\/strong>\u00a0exCEO de\u00a0<strong>Iveco<\/strong>; los directivos de la\u00a0<strong>Cooperativa AMIGAL<\/strong>,\u00a0J<strong>orge Galitis<\/strong>\u00a0(ex-directivo de Hurac\u00e1n) y\u00a0<strong>Eduardo Amirante<\/strong>,\u00a0y\u00a0<strong>Climafin\u00a0Carlos D\u00e1vola<\/strong>\u00a0(ex-presidente de Tiro Federal de Rosario).<\/p>\n<p>Los jueces<strong>\u00a0Ricardo Bas\u00edlico, Jos\u00e9 Michilini\u00a0<\/strong>y\u00a0<strong>Adri\u00e1n Gr\u00fcnberg<\/strong>, a cargo del TOF 1, ser\u00e1n los responsables de dilucidar qu\u00e9 pas\u00f3 en el caso. Hace dos a\u00f1os, rechazaron un planteo de sobreseimiento que solicit\u00f3 d Capitanich por \u00abprematuro\u00bb. La acusaci\u00f3n estar\u00e1 a cargo del fiscal\u00a0<strong>Miguel Angel Osorio\u00a0<\/strong>y<strong>\u00a0Sergio Rodr\u00edguez<\/strong>. Las defensas sostienen que no hubo delito. El debate permitir\u00e1 escuchar a los m\u00e1s de 200 testigos y reconstruir la prueba. Hubo uno que ya declar\u00f3 previamente: el periodista\u00a0<strong>Ernesto Cherquis Bialo<\/strong>, quien fue vocero de la AFA entre 2008 y 2016 y afirm\u00f3 que \u00abfue una causa armada\u00bb.<\/p>\n<\/div>\n<\/div>\n<\/article>\n<\/div>\n","protected":false},"excerpt":{"rendered":"<p>Causa F\u00fatbol para Todos:\u00a0 Los jueces Bas\u00edlico, Michilini y Gr\u00fcnberg est\u00e1n a cargo del proceso, que investiga irregularidades en la administraci\u00f3n de fondos del Estado. \u00a0En la ma\u00f1ana de hoy el Tribunal Oral en lo Criminal Federal N\u00b0 1\u00a0dio comienzo al\u00a0juicio\u00a0por\u00a0irregularidades\u00a0del\u00a0programa\u00a0\u00abF\u00fatbol para Todos\u00bb,\u00a0que en 2009 lanz\u00f3 el Gobierno de\u00a0Cristina Fern\u00e1ndez de Kirchner,\u00a0para la televisaci\u00f3n p\u00fablica &hellip;<\/p>\n","protected":false},"author":2,"featured_media":3354,"comment_status":"open","ping_status":"open","sticky":false,"template":"","format":"standard","meta":{"footnotes":""},"categories":[47,33],"tags":[896],"class_list":["post-3353","post","type-post","status-publish","format-standard","has-post-thumbnail","hentry","category-justicia","category-nacionales","tag-capitanich-y-anibal-fernandez"],"_links":{"self":[{"href":"https:\/\/cafeprensa.com.ar\/index.php\/wp-json\/wp\/v2\/posts\/3353","targetHints":{"allow":["GET"]}}],"collection":[{"href":"https:\/\/cafeprensa.com.ar\/index.php\/wp-json\/wp\/v2\/posts"}],"about":[{"href":"https:\/\/cafeprensa.com.ar\/index.php\/wp-json\/wp\/v2\/types\/post"}],"author":[{"embeddable":true,"href":"https:\/\/cafeprensa.com.ar\/index.php\/wp-json\/wp\/v2\/users\/2"}],"replies":[{"embeddable":true,"href":"https:\/\/cafeprensa.com.ar\/index.php\/wp-json\/wp\/v2\/comments?post=3353"}],"version-history":[{"count":1,"href":"https:\/\/cafeprensa.com.ar\/index.php\/wp-json\/wp\/v2\/posts\/3353\/revisions"}],"predecessor-version":[{"id":3355,"href":"https:\/\/cafeprensa.com.ar\/index.php\/wp-json\/wp\/v2\/posts\/3353\/revisions\/3355"}],"wp:featuredmedia":[{"embeddable":true,"href":"https:\/\/cafeprensa.com.ar\/index.php\/wp-json\/wp\/v2\/media\/3354"}],"wp:attachment":[{"href":"https:\/\/cafeprensa.com.ar\/index.php\/wp-json\/wp\/v2\/media?parent=3353"}],"wp:term":[{"taxonomy":"category","embeddable":true,"href":"https:\/\/cafeprensa.com.ar\/index.php\/wp-json\/wp\/v2\/categories?post=3353"},{"taxonomy":"post_tag","embeddable":true,"href":"https:\/\/cafeprensa.com.ar\/index.php\/wp-json\/wp\/v2\/tags?post=3353"}],"curies":[{"name":"wp","href":"https:\/\/api.w.org\/{rel}","templated":true}]}}