{"id":3375,"date":"2024-06-26T00:53:02","date_gmt":"2024-06-25T22:53:02","guid":{"rendered":"https:\/\/cafeprensa.com.ar\/?p=3375"},"modified":"2024-06-26T00:53:02","modified_gmt":"2024-06-25T22:53:02","slug":"alperovich-volvio-a-pedir-su-libertad","status":"publish","type":"post","link":"https:\/\/cafeprensa.com.ar\/index.php\/2024\/06\/26\/alperovich-volvio-a-pedir-su-libertad\/","title":{"rendered":"Alperovich volvi\u00f3 a pedir su libertad"},"content":{"rendered":"<header class=\"article-header-wrapper\">\n<div class=\"article-header \">\n<p id=\"alperovich-volvio-a-pedir-su-libertad-y-su-defensa-planteo-que-&quot;toda-la-politica-tucumana-le-dio-la-espalda&quot;\" class=\"article-headline left \"><strong>Su defensa plante\u00f3 que \u201ctoda la pol\u00edtica tucumana le dio la espalda\u201d<\/strong><\/p>\n<p class=\"article-subheadline left \"><strong>Apel\u00f3 el fallo que rechaz\u00f3 su excarcelaci\u00f3n tras ser condenado a 16 a\u00f1os de prisi\u00f3n por delitos sexuales. Neg\u00f3 tener contactos pol\u00edticos para fugarse y sostuvo que siempre estuvo a derecho<\/strong><\/p>\n<\/div>\n<\/header>\n<article class=\"article\">\n<div class=\"body-article\">\n<div class=\"visual__image\"><img loading=\"lazy\" decoding=\"async\" class=\"\" src=\"https:\/\/www.infobae.com\/new-resizer\/4ipnuek0D-pYt30OdlTN-djehD0=\/420x236\/filters:format(webp):quality(85)\/cloudfront-us-east-1.images.arcpublishing.com\/infobae\/PSHES6RBCZCXXDCAFULM4WLW6Q.jpg%20420w\" sizes=\"auto, (min-width: 1560px) 856px, (min-width: 1000px) calc(74.63vw - 293px), (min-width: 780px) calc(100vw - 376px), (min-width: 580px) calc(100vw - 32px), 100vw\" srcset=\"https:\/\/www.infobae.com\/new-resizer\/4ipnuek0D-pYt30OdlTN-djehD0=\/420x236\/filters:format(webp):quality(85)\/cloudfront-us-east-1.images.arcpublishing.com\/infobae\/PSHES6RBCZCXXDCAFULM4WLW6Q.jpg 420w,https:\/\/www.infobae.com\/new-resizer\/hojIzEX4GkZynZ_1FsbP1klKZXI=\/768x432\/filters:format(webp):quality(85)\/cloudfront-us-east-1.images.arcpublishing.com\/infobae\/PSHES6RBCZCXXDCAFULM4WLW6Q.jpg 768w,https:\/\/www.infobae.com\/new-resizer\/XMrcJ9Da9MhFlDY9EHCNtsjc0zA=\/992x558\/filters:format(webp):quality(85)\/cloudfront-us-east-1.images.arcpublishing.com\/infobae\/PSHES6RBCZCXXDCAFULM4WLW6Q.jpg 992w,https:\/\/www.infobae.com\/new-resizer\/zAB8PR_TPqZ2J4F29PfqO0_UjOY=\/1200x675\/filters:format(webp):quality(85)\/cloudfront-us-east-1.images.arcpublishing.com\/infobae\/PSHES6RBCZCXXDCAFULM4WLW6Q.jpg 1200w,https:\/\/www.infobae.com\/new-resizer\/WQ1im_GT6lwr_4fwTZ8t-qfI9js=\/1440x810\/filters:format(webp):quality(85)\/cloudfront-us-east-1.images.arcpublishing.com\/infobae\/PSHES6RBCZCXXDCAFULM4WLW6Q.jpg 1440w\" alt=\"Jos\u00e9 Alperovich al ser traslado a la c\u00e1rcel de Ezeiza (Foto: Nicolas Stulberg)\" width=\"1920\" height=\"1080\" data-src=\"https:\/\/www.infobae.com\/new-resizer\/4ipnuek0D-pYt30OdlTN-djehD0=\/420x236\/filters:format(webp):quality(85)\/cloudfront-us-east-1.images.arcpublishing.com\/infobae\/PSHES6RBCZCXXDCAFULM4WLW6Q.jpg 420w\" \/><span style=\"font-size: 8pt;\"><em><strong>Jos\u00e9 Alperovich al ser traslado a la c\u00e1rcel de Ezeiza (Foto: Nicolas Stulberg)<\/strong><\/em><\/span><\/div>\n<p class=\"paragraph\" data-mrf-recirculation=\"Links inline\">El detenido ex gobernador de Tucum\u00e1n\u00a0<b>Jos\u00e9 Alperovich\u00a0<\/b>volvi\u00f3 a pedir su libertad. Lo hizo al apelar el fallo que dict\u00f3 la semana pasada el juez\u00a0<b>Juan Mar\u00eda Ramos Padilla<\/b>\u00a0en el que rechaz\u00f3 su excarcelaci\u00f3n tras condenarlo a 16 a\u00f1os de prisi\u00f3n por el abuso sexual y violaci\u00f3n de su sobrina y secretaria privada.\u00a0<b>\u201cEn caso de recuperar su libertad intentar\u00e1 eludir el accionar de la justicia y perjudicar los objetivos del proceso\u201d,\u00a0<\/b>hab\u00eda dicho el magistrado que agreg\u00f3 que<b>\u00a0<\/b>cuenta \u201c<b>adem\u00e1s de su poder econ\u00f3mico, con una inmensa red de contactos sociales y pol\u00edticos que inexorablemente podr\u00edan facilitar su salida del pa\u00eds o, en su caso, su ocultamiento\u201d.<\/b><\/p>\n<p class=\"paragraph\" data-mrf-recirculation=\"Links inline\">La defensa de Alperovich, a cargo del abogado\u00a0<b>Augusto Garrido,\u00a0<\/b>apel\u00f3 esa decisi\u00f3n para que la C\u00e1mara Nacional de Casaci\u00f3n la revoque y le de la libertad.\u00a0<b>\u201cSe\u00f1or Juez: es absurdo que una persona p\u00fablica como Alperovich, que producto de este juicio fue estigmatizada al extremo, tenga posibilidades reales de emprender una fuga<\/b>. Tampoco se explicit\u00f3 a qu\u00e9 red de contactos se refiri\u00f3 el Tribunal, lo cual constituye una completa falta de fundamentaci\u00f3n\u201d, sostuvo la defensa en su apelaci\u00f3n de 79 p\u00e1ginas a la que accedi\u00f3\u00a0<b>Infobae<\/b>. All\u00ed tambi\u00e9n se\u00f1al\u00f3 que Alperovich ya no tiene contactos pol\u00edticos:\u00a0<b>\u201cSi algo result\u00f3 del juicio fue, precisamente, que toda la pol\u00edtica tucumana le dio la espalda\u201d<\/b>.<\/p>\n<p class=\"paragraph\" data-mrf-recirculation=\"Links inline\"><a href=\"https:\/\/www.infobae.com\/judiciales\/2024\/06\/18\/condenaron-a-jose-alperovich-a-16-anos-de-prision-por-abuso-sexual-contra-su-sobrina-y-quedara-detenido\/\" target=\"_blank\" rel=\"noopener noreferrer\" data-mrf-link=\"https:\/\/www.infobae.com\/judiciales\/2024\/06\/18\/condenaron-a-jose-alperovich-a-16-anos-de-prision-por-abuso-sexual-contra-su-sobrina-y-quedara-detenido\/\">El tres veces gobernador de Tucum\u00e1n y ex senador nacional fue condenado la semana pasada a 16 a\u00f1os de prisi\u00f3n<\/a> por nueve delitos sexuales que cometi\u00f3 mediando para su comisi\u00f3n intimidaci\u00f3n, abuso de una relaci\u00f3n de dependencia, de poder y de autoridad. Los hechos ocurrieron entre 2017 y 2019 en la ciudad de Buenos Aires y Tucum\u00e1n y la v\u00edctima fue su sobrina quien hab\u00eda comenzar a trabajar como su secretaria privada y luego en la campa\u00f1a para volver a ser gobernador.<\/p>\n<p class=\"paragraph\" data-mrf-recirculation=\"Links inline\">En el mismo momento de la condena, el juez dispuso la detenci\u00f3n de Alperovich. Horas despu\u00e9s fue trasladado\u00a0<a href=\"https:\/\/www.infobae.com\/judiciales\/2024\/06\/19\/ansioso-y-con-estudios-medicos-como-fueron-las-primeras-horas-de-alperovich-en-la-carcel-de-ezeiza\/\" target=\"_blank\" rel=\"noopener noreferrer\" data-mrf-link=\"https:\/\/www.infobae.com\/judiciales\/2024\/06\/19\/ansioso-y-con-estudios-medicos-como-fueron-las-primeras-horas-de-alperovich-en-la-carcel-de-ezeiza\/\">a la c\u00e1rcel federal de m\u00e1xima seguridad de Ezeiza\u00a0<\/a>y desde entonces est\u00e1 alojado en el hospital de la unidad. Al d\u00eda siguiente, la defensa pidi\u00f3 su libertad o cualquier otra medida como la prisi\u00f3n domiciliaria o el uso de una tobillera electr\u00f3nica que controle sus movimientos.\u00a0<a href=\"https:\/\/www.infobae.com\/judiciales\/2024\/06\/19\/rechazaron-liberar-a-jose-alperovich-en-caso-de-recuperar-su-libertad-intentara-eludir-el-accionar-de-la-justicia\/\" target=\"_blank\" rel=\"noopener noreferrer\" data-mrf-link=\"https:\/\/www.infobae.com\/judiciales\/2024\/06\/19\/rechazaron-liberar-a-jose-alperovich-en-caso-de-recuperar-su-libertad-intentara-eludir-el-accionar-de-la-justicia\/\">El juez Ramos Padilla la rechaz\u00f3.<\/a><\/p>\n<div class=\"visual__image\"><img loading=\"lazy\" decoding=\"async\" class=\"\" src=\"https:\/\/www.infobae.com\/new-resizer\/_XOPWgp7dxLprdI-96_KSpxA0us=\/420x280\/filters:format(webp):quality(85)\/cloudfront-us-east-1.images.arcpublishing.com\/infobae\/FSKURTVSBVEIFDL6ELKPZW3C2Q.jpg%20420w\" sizes=\"auto, (min-width: 1560px) 856px, (min-width: 1000px) calc(74.63vw - 293px), (min-width: 780px) calc(100vw - 376px), (min-width: 580px) calc(100vw - 32px), 100vw\" srcset=\"https:\/\/www.infobae.com\/new-resizer\/_XOPWgp7dxLprdI-96_KSpxA0us=\/420x280\/filters:format(webp):quality(85)\/cloudfront-us-east-1.images.arcpublishing.com\/infobae\/FSKURTVSBVEIFDL6ELKPZW3C2Q.jpg 420w,https:\/\/www.infobae.com\/new-resizer\/1kHdJ0w36iu7b2UsoSpuWzZXA2A=\/768x512\/filters:format(webp):quality(85)\/cloudfront-us-east-1.images.arcpublishing.com\/infobae\/FSKURTVSBVEIFDL6ELKPZW3C2Q.jpg 768w,https:\/\/www.infobae.com\/new-resizer\/Hi5y50Hvqq-tGBgm237hxGLj6Us=\/992x661\/filters:format(webp):quality(85)\/cloudfront-us-east-1.images.arcpublishing.com\/infobae\/FSKURTVSBVEIFDL6ELKPZW3C2Q.jpg 992w,https:\/\/www.infobae.com\/new-resizer\/mjmW0IzoOiLFYRHemNiHgOtgIK4=\/1200x800\/filters:format(webp):quality(85)\/cloudfront-us-east-1.images.arcpublishing.com\/infobae\/FSKURTVSBVEIFDL6ELKPZW3C2Q.jpg 1200w,https:\/\/www.infobae.com\/new-resizer\/dXzrQXeSBu3g--IeSGocd6Nl2Sw=\/1440x960\/filters:format(webp):quality(85)\/cloudfront-us-east-1.images.arcpublishing.com\/infobae\/FSKURTVSBVEIFDL6ELKPZW3C2Q.jpg 1440w\" alt=\"Alperovich y sus abogados durante el veredicto en el que fue condenado a 16 a\u00f1os de prisi\u00f3n (Foto: Nicolas Stulberg)\" width=\"1920\" height=\"1280\" data-src=\"https:\/\/www.infobae.com\/new-resizer\/_XOPWgp7dxLprdI-96_KSpxA0us=\/420x280\/filters:format(webp):quality(85)\/cloudfront-us-east-1.images.arcpublishing.com\/infobae\/FSKURTVSBVEIFDL6ELKPZW3C2Q.jpg 420w\" \/><span style=\"font-size: 8pt;\"><em><strong>Alperovich y sus abogados durante el veredicto en el que fue condenado a 16 a\u00f1os de prisi\u00f3n (Foto: Nicolas Stulberg)<\/strong><\/em><\/span><\/div>\n<p class=\"paragraph\" data-mrf-recirculation=\"Links inline\">El magistrado se\u00f1al\u00f3 que la situaci\u00f3n de Alperovich hab\u00eda cambiado con la condena ya que ahora tiene frente a \u00e9l una expectativa de 16 a\u00f1os en prisi\u00f3n. Tambi\u00e9n se\u00f1al\u00f3 que posee \u201cuna gran fortuna y un c\u00edrculo social muy amplio para eludir la acci\u00f3n de la justicia\u201d, por lo que\u00a0<b>\u201ccuenta adem\u00e1s de su poder econ\u00f3mico, con una inmensa red de contactos sociales y pol\u00edticos que inexorablemente podr\u00edan facilitar su salida del pa\u00eds o, en su caso, su ocultamiento\u201d.<\/b><\/p>\n<p class=\"paragraph\" data-mrf-recirculation=\"Links inline\">Tambi\u00e9n resalt\u00f3 que Alperovich tuvo algunas actitudes para eludir el juicio -como supuestos intentos de extorsi\u00f3n que dijo haber sufrido y que busc\u00f3 la forma de que la v\u00edctima no haga la denuncia- y que su libertad podr\u00eda ser una revictimizaci\u00f3n para su sobrina.<\/p>\n<p class=\"paragraph\" data-mrf-recirculation=\"Links inline\">La defensa objet\u00f3 esos argumentos en su apelaci\u00f3n. El abogado Garrido se\u00f1al\u00f3 que desde el inicio de la causa Alperovich siempre estuvo a derecho y cumpli\u00f3 con todos los requerimientos de la justicia, como la entrega de su celular y hacerse un peritaje psiqui\u00e1trico, y sus citaciones. \u201cConsta que durante el extenso tr\u00e1mite de esta causa no egres\u00f3 del pa\u00eds en ninguna circunstancia, e indudablemente cuenta con sobrado arraigo, constituido por familia estable (que lo acompa\u00f1\u00f3 en la sala de audiencia durante todas las jornadas); domicilio en esta ciudad; y ocupaciones laborales\u201d, agreg\u00f3 la defensa que tambi\u00e9n destac\u00f3 que el ex gobernador no tiene otras condenas y que prima el estado de inocencia hasta que la condena quede firme. Para ese \u00faltimo punto cit\u00f3 fallos de varios jueces de la C\u00e1mara Nacional de Casaci\u00f3n, el tribunal que ahora intervendr\u00e1.<\/p>\n<p class=\"paragraph\" data-mrf-recirculation=\"Links inline\">Por otra parte, Garrido se\u00f1al\u00f3 que Alperovich\u00a0<b>tiene 69 a\u00f1os y problemas de salud: \u201c<\/b>al momento de su detenci\u00f3n estaba atravesando un pozo post operativo de una cirug\u00eda neurol\u00f3gica asociada con su columna vertebral, y sufre varias afecciones a su salud, pendientes de constataci\u00f3n, pero evidenciadas en la cantidad de medicamentos prescriptos. Inclusive en la historia cl\u00ednica que se transcribir\u00e1 m\u00e1s abajo, acotada a la cirug\u00eda que se le realiz\u00f3, surge que sufre de `hipertiroidismo` e `hipertensi\u00f3n` y me informan sus familiares que tiene antecedentes coronarios\u201d.<\/p>\n<p class=\"paragraph\" data-mrf-recirculation=\"Links inline\">La defensa tambi\u00e9n rechaz\u00f3 el argumento de que tiene poder pol\u00edtico para fugarse.\u00a0<b>\u201cNo cuenta con una red de contactos pol\u00edticos. Si algo result\u00f3 del juicio fue, precisamente, que toda la pol\u00edtica tucumana le dio la espalda. Se trata de una persona condenada por supuestos delitos sexuales, cuya red de contactos es nula, a excepci\u00f3n de su familia directa\u201d<\/b>, se\u00f1al\u00f3 y agreg\u00f3 que no sali\u00f3 del pa\u00eds durante todo el tr\u00e1mite de la causa.<\/p>\n<div class=\"visual__image\"><img loading=\"lazy\" decoding=\"async\" class=\"\" src=\"https:\/\/www.infobae.com\/new-resizer\/YurztcdVrGh6zYIGuuCUdoEDU_E=\/992x606\/filters:format(webp):quality(85)\/cloudfront-us-east-1.images.arcpublishing.com\/infobae\/IVESEIQ47VAC3LQMOPE4Z4C7SE.jpg%20992w\" sizes=\"auto, (min-width: 1560px) 856px, (min-width: 1000px) calc(74.63vw - 293px), (min-width: 780px) calc(100vw - 376px), (min-width: 580px) calc(100vw - 32px), 100vw\" srcset=\"https:\/\/www.infobae.com\/new-resizer\/YurztcdVrGh6zYIGuuCUdoEDU_E=\/992x606\/filters:format(webp):quality(85)\/cloudfront-us-east-1.images.arcpublishing.com\/infobae\/IVESEIQ47VAC3LQMOPE4Z4C7SE.jpg 992w\" alt=\"El juez Ramos Padilla (Foto: Maximiliano Luna)\" width=\"3494\" height=\"2216\" data-src=\"https:\/\/www.infobae.com\/new-resizer\/YurztcdVrGh6zYIGuuCUdoEDU_E=\/992x606\/filters:format(webp):quality(85)\/cloudfront-us-east-1.images.arcpublishing.com\/infobae\/IVESEIQ47VAC3LQMOPE4Z4C7SE.jpg 992w\" \/><span style=\"font-size: 8pt;\"><em><strong>El juez Ramos Padilla (Foto: Maximiliano Luna)<\/strong><\/em><\/span><\/div>\n<p class=\"paragraph\" data-mrf-recirculation=\"Links inline\">Adem\u00e1s Garrido rechaz\u00f3 que Alperovich pueda ocultarse \u201c\u00bfEn serio es factible que mi defendido pueda `ocultarse` de modo efectivo?\u00a0<b>Ni Saddam Hussein pudo ocultarse en Irak.\u00a0<\/b>Apelo a la l\u00f3gica, la experiencia, el sentido com\u00fan, y el modo en que normalmente suceden las cosas\u201d, sostuvo y poniendo como ejemplo al dictador de Irak que fue encontrado en 2003 en un t\u00fanel secreto durante la invasi\u00f3n de Estados Unidos.<\/p>\n<p class=\"paragraph\" data-mrf-recirculation=\"Links inline\">En esa l\u00ednea la defensa se\u00f1al\u00f3 que cualquier riesgo se puede neutralizar con otras medidas como \u201cla prohibici\u00f3n de salida del pa\u00eds; la entrega de documentos de viaje; un dispositivo de geolocalizaci\u00f3n, o directamente la prisi\u00f3n domiciliaria en esta ciudad\u201d, y no con la detenci\u00f3n.<\/p>\n<p class=\"paragraph\" data-mrf-recirculation=\"Links inline\">La apelaci\u00f3n tiene que ser aceptada por el juez Ramos Padilla para que pase a Casaci\u00f3n Nacional. All\u00ed primero un tribunal de admisibilidad determina si cumple con los requisitos y si es as\u00ed pasa a una sala para su tratamiento.<\/p>\n<\/div>\n<\/article>\n","protected":false},"excerpt":{"rendered":"<p>Su defensa plante\u00f3 que \u201ctoda la pol\u00edtica tucumana le dio la espalda\u201d Apel\u00f3 el fallo que rechaz\u00f3 su excarcelaci\u00f3n tras ser condenado a 16 a\u00f1os de prisi\u00f3n por delitos sexuales. Neg\u00f3 tener contactos pol\u00edticos para fugarse y sostuvo que siempre estuvo a derecho Jos\u00e9 Alperovich al ser traslado a la c\u00e1rcel de Ezeiza (Foto: Nicolas &hellip;<\/p>\n","protected":false},"author":2,"featured_media":3376,"comment_status":"open","ping_status":"open","sticky":false,"template":"","format":"standard","meta":{"footnotes":""},"categories":[47,33],"tags":[905],"class_list":["post-3375","post","type-post","status-publish","format-standard","has-post-thumbnail","hentry","category-justicia","category-nacionales","tag-juicio-alperovich"],"_links":{"self":[{"href":"https:\/\/cafeprensa.com.ar\/index.php\/wp-json\/wp\/v2\/posts\/3375","targetHints":{"allow":["GET"]}}],"collection":[{"href":"https:\/\/cafeprensa.com.ar\/index.php\/wp-json\/wp\/v2\/posts"}],"about":[{"href":"https:\/\/cafeprensa.com.ar\/index.php\/wp-json\/wp\/v2\/types\/post"}],"author":[{"embeddable":true,"href":"https:\/\/cafeprensa.com.ar\/index.php\/wp-json\/wp\/v2\/users\/2"}],"replies":[{"embeddable":true,"href":"https:\/\/cafeprensa.com.ar\/index.php\/wp-json\/wp\/v2\/comments?post=3375"}],"version-history":[{"count":1,"href":"https:\/\/cafeprensa.com.ar\/index.php\/wp-json\/wp\/v2\/posts\/3375\/revisions"}],"predecessor-version":[{"id":3377,"href":"https:\/\/cafeprensa.com.ar\/index.php\/wp-json\/wp\/v2\/posts\/3375\/revisions\/3377"}],"wp:featuredmedia":[{"embeddable":true,"href":"https:\/\/cafeprensa.com.ar\/index.php\/wp-json\/wp\/v2\/media\/3376"}],"wp:attachment":[{"href":"https:\/\/cafeprensa.com.ar\/index.php\/wp-json\/wp\/v2\/media?parent=3375"}],"wp:term":[{"taxonomy":"category","embeddable":true,"href":"https:\/\/cafeprensa.com.ar\/index.php\/wp-json\/wp\/v2\/categories?post=3375"},{"taxonomy":"post_tag","embeddable":true,"href":"https:\/\/cafeprensa.com.ar\/index.php\/wp-json\/wp\/v2\/tags?post=3375"}],"curies":[{"name":"wp","href":"https:\/\/api.w.org\/{rel}","templated":true}]}}